{"id":23843,"date":"2025-05-12T22:23:22","date_gmt":"2025-05-13T01:23:22","guid":{"rendered":"https:\/\/novosaopaulo.com.br\/n1\/?p=23843"},"modified":"2025-05-12T22:23:23","modified_gmt":"2025-05-13T01:23:23","slug":"guilherme-dantas-emociona-maes-e-pacientes-em-acao-de-dia-das-maes-no-hospitalsopai-em-fortaleza","status":"publish","type":"post","link":"https:\/\/novosaopaulo.com.br\/n1\/guilherme-dantas-emociona-maes-e-pacientes-em-acao-de-dia-das-maes-no-hospitalsopai-em-fortaleza\/","title":{"rendered":"Guilherme Dantas emociona m\u00e3es e pacientes em a\u00e7\u00e3o de Dia das M\u00e3es no HospitalSOPAI, em Fortaleza"},"content":{"rendered":"\n<p>Evento refor\u00e7ou o papel das m\u00e3es no processo terap\u00eautico de crian\u00e7as com doen\u00e7as raras<\/p>\n\n\n\n<p>Na tarde desta segunda-feira (12), o cantor, compositor e sanfoneiro Guilherme Dantas<br>protagonizou um momento de emo\u00e7\u00e3o na Unidade de Tratamento Especial (UTE) do<br>Hospital Infantil Filantr\u00f3pico SOPAI, em Fortaleza.<br>A visita fez parte de uma a\u00e7\u00e3o especial em homenagem ao Dia das M\u00e3es, realizada na Ala<br>Maria de Lourdes Moreira Leite, que acolhe crian\u00e7as e adolescentes com doen\u00e7as raras e<br>condi\u00e7\u00f5es cr\u00f4nicas complexas.<br>Guilherme Dantas batizou sua apresenta\u00e7\u00e3o de &#8220;Canta, m\u00e3e!&#8221;, refor\u00e7ando o compromisso<br>de levar a m\u00fasica como ferramenta de acolhimento e humaniza\u00e7\u00e3o. O artista aceitou o<br>convite da institui\u00e7\u00e3o e emocionou os presentes com um repert\u00f3rio preparado para a<br>ocasi\u00e3o, levando alegria e conforto \u00e0s m\u00e3es que acompanham seus filhos em interna\u00e7\u00e3o de<br>longa perman\u00eancia.<br>A a\u00e7\u00e3o integrou a rotina da unidade, que, al\u00e9m do tratamento cl\u00ednico, preza pelo bem-estar<br>emocional das crian\u00e7as e suas fam\u00edlias.<br>\u201cFoi uma das experi\u00eancias mais emocionantes que j\u00e1 vivi. Estar ali, cantando para essas<br>m\u00e3es guerreiras me tocou profundamente. A m\u00fasica tem esse poder de abra\u00e7ar, de<br>confortar, e eu me sinto honrado por ter levado um pouco de alegria para elas nesse<br>momento t\u00e3o especial\u201d, comenta Guilherme.<br>Com 40 leitos, a UTE do SOPAI \u00e9 destinada a pacientes de 0 a 17 anos que necessitam de<br>cuidados intensivos e especializados, incluindo ventila\u00e7\u00e3o mec\u00e2nica, acamamento e\/ou<br>cuidados paliativos. Muitas das m\u00e3es permanecem 24 horas ao lado dos filhos, afastadas<br>de casa e de outros familiares, em uma rotina de dedica\u00e7\u00e3o total.<br>Sobre Guilherme Dantas<br>Cantor, compositor e sanfoneiro, o cearense Guilherme Dantas diz que enxerga com os<br>olhos do cora\u00e7\u00e3o. Com defici\u00eancia visual desde que nasceu, ele iniciou, aos 4 anos, sua<br>conex\u00e3o com a m\u00fasica de forma instintiva, dominando o teclado por ouvido. Sua habilidade<br>o levou a conquistar m\u00faltiplos pr\u00eamios em concursos e a desenvolver sua voca\u00e7\u00e3o como<br>instrumentista, com destaque para sua maestria na sanfona.<br>Em 2007, Guilherme recebeu uma bolsa para estudar no Souza Lima, o maior conservat\u00f3rio<br>de m\u00fasica da Am\u00e9rica Latina, localizado em S\u00e3o Paulo. Na capital paulista, aprimorou seus<br>conhecimentos no piano e explorou diferentes vertentes art\u00edsticas. N\u00e3o demorou para que<br>convites para estudar no exterior surgissem, mas Dantas escolheu voltar para o Cear\u00e1 para<br>se dedicar a sua verdadeira paix\u00e3o: o forr\u00f3. Desde ent\u00e3o, suas composi\u00e7\u00f5es ganharam<br>reconhecimento, marcando presen\u00e7a nos repert\u00f3rios de artistas consagrados como Wesley<br>Safad\u00e3o, Gusttavo Lima, Mano Walter e Xand Avi\u00e3o.<br>Em 2024, Guilherme Dantas assinou contrato com a Vybbe, renomada empresa de<br>gerenciamento de carreiras, marcando o in\u00edcio de uma nova fase em sua trajet\u00f3ria art\u00edstica.<br>Seu primeiro DVD, intitulado &#8220;Prazer, Guilherme Dantas&#8221;, conta com participa\u00e7\u00f5es especiais<br>de Xand Avi\u00e3o, Tarc\u00edsio do Acordeon e Dorgival Danta, al\u00e9m de ser o primeiro projeto<br>audiovisual de forr\u00f3 que conta com audiodescri\u00e7\u00e3o.<br>Entre os lan\u00e7amentos recentes de 2025, o artista tem trabalhado a s\u00e9rie de EPs \u201cComo<br>Seria\u201d, na qual resgata grandes sucessos do forr\u00f3 e outros ritmos nordestinos em novos<br>medleys. O projeto re\u00fane releituras de m\u00fasicas que marcaram gera\u00e7\u00f5es, reafirmando seu<br>compromisso com a valoriza\u00e7\u00e3o da cultura nordestina e o di\u00e1logo entre tradi\u00e7\u00e3o e<br>modernidade.<\/p>\n","protected":false},"excerpt":{"rendered":"<p>Evento refor\u00e7ou o papel das m\u00e3es no processo terap\u00eautico de crian\u00e7as com doen\u00e7as raras Na&#8230;<\/p>\n","protected":false},"author":1,"featured_media":23844,"comment_status":"open","ping_status":"open","sticky":false,"template":"","format":"standard","meta":{"footnotes":""},"categories":[2],"tags":[],"featured_image_urls":{"full":["https:\/\/novosaopaulo.com.br\/n1\/wp-content\/uploads\/2025\/05\/DSC09214.jpg",683,455,false],"thumbnail":["https:\/\/novosaopaulo.com.br\/n1\/wp-content\/uploads\/2025\/05\/DSC09214-150x150.jpg",150,150,true],"medium":["https:\/\/novosaopaulo.com.br\/n1\/wp-content\/uploads\/2025\/05\/DSC09214-300x200.jpg",300,200,true],"medium_large":["https:\/\/novosaopaulo.com.br\/n1\/wp-content\/uploads\/2025\/05\/DSC09214.jpg",640,426,false],"large":["https:\/\/novosaopaulo.com.br\/n1\/wp-content\/uploads\/2025\/05\/DSC09214.jpg",640,426,false],"1536x1536":["https:\/\/novosaopaulo.com.br\/n1\/wp-content\/uploads\/2025\/05\/DSC09214.jpg",683,455,false],"2048x2048":["https:\/\/novosaopaulo.com.br\/n1\/wp-content\/uploads\/2025\/05\/DSC09214.jpg",683,455,false],"newsever-slider-full":["https:\/\/novosaopaulo.com.br\/n1\/wp-content\/uploads\/2025\/05\/DSC09214.jpg",683,455,false],"newsever-featured":["https:\/\/novosaopaulo.com.br\/n1\/wp-content\/uploads\/2025\/05\/DSC09214.jpg",683,455,false],"newsever-medium":["https:\/\/novosaopaulo.com.br\/n1\/wp-content\/uploads\/2025\/05\/DSC09214.jpg",683,455,false]},"author_info":{"display_name":"Reda\u00e7\u00e3o","author_link":"https:\/\/novosaopaulo.com.br\/n1\/author\/g5poa\/"},"category_info":"<a href=\"https:\/\/novosaopaulo.com.br\/n1\/category\/cidades\/\" rel=\"category tag\">Cidades<\/a>","tag_info":"Cidades","comment_count":"0","_links":{"self":[{"href":"https:\/\/novosaopaulo.com.br\/n1\/wp-json\/wp\/v2\/posts\/23843"}],"collection":[{"href":"https:\/\/novosaopaulo.com.br\/n1\/wp-json\/wp\/v2\/posts"}],"about":[{"href":"https:\/\/novosaopaulo.com.br\/n1\/wp-json\/wp\/v2\/types\/post"}],"author":[{"embeddable":true,"href":"https:\/\/novosaopaulo.com.br\/n1\/wp-json\/wp\/v2\/users\/1"}],"replies":[{"embeddable":true,"href":"https:\/\/novosaopaulo.com.br\/n1\/wp-json\/wp\/v2\/comments?post=23843"}],"version-history":[{"count":1,"href":"https:\/\/novosaopaulo.com.br\/n1\/wp-json\/wp\/v2\/posts\/23843\/revisions"}],"predecessor-version":[{"id":23845,"href":"https:\/\/novosaopaulo.com.br\/n1\/wp-json\/wp\/v2\/posts\/23843\/revisions\/23845"}],"wp:featuredmedia":[{"embeddable":true,"href":"https:\/\/novosaopaulo.com.br\/n1\/wp-json\/wp\/v2\/media\/23844"}],"wp:attachment":[{"href":"https:\/\/novosaopaulo.com.br\/n1\/wp-json\/wp\/v2\/media?parent=23843"}],"wp:term":[{"taxonomy":"category","embeddable":true,"href":"https:\/\/novosaopaulo.com.br\/n1\/wp-json\/wp\/v2\/categories?post=23843"},{"taxonomy":"post_tag","embeddable":true,"href":"https:\/\/novosaopaulo.com.br\/n1\/wp-json\/wp\/v2\/tags?post=23843"}],"curies":[{"name":"wp","href":"https:\/\/api.w.org\/{rel}","templated":true}]}}