{"id":23821,"date":"2025-05-12T17:36:59","date_gmt":"2025-05-12T20:36:59","guid":{"rendered":"https:\/\/novosaopaulo.com.br\/n1\/?p=23821"},"modified":"2025-05-12T17:37:00","modified_gmt":"2025-05-12T20:37:00","slug":"anette-camargo-apresenta-seu-primeiro-album-com-show-no-sesc-sao-caetano","status":"publish","type":"post","link":"https:\/\/novosaopaulo.com.br\/n1\/anette-camargo-apresenta-seu-primeiro-album-com-show-no-sesc-sao-caetano\/","title":{"rendered":"Anette Camargo apresenta seu primeiro \u00e1lbum com show no Sesc S\u00e3o Caetano\u00a0"},"content":{"rendered":"\n<p>&#8220;Cirand\u00e1&#8221; apresenta composi\u00e7\u00f5es autorais e releituras de cl\u00e1ssicos da m\u00fasica brasileira<\/p>\n\n\n\n<p>O Sesc S\u00e3o Caetano recebe no dia 16 de maio, sexta-feira, \u00e0s 20h, o show do \u00e1lbum &#8220;Cirand\u00e1&#8221;, primeiro trabalho solo da cantora, pianista, compositora e arranjadora Anette Camargo. Artista da regi\u00e3o do ABC paulista, com trajet\u00f3ria marcada pela excel\u00eancia t\u00e9cnica e sensibilidade musical.<\/p>\n\n\n\n<p>&#8220;Cirand\u00e1&#8221; \u00e9 uma homenagem \u00e0 riqueza da m\u00fasica brasileira e suas infinitas possibilidades criativas. Composto por oito faixas autorais, o \u00e1lbum traz a assinatura completa de Anette: composi\u00e7\u00e3o, arranjo e dire\u00e7\u00e3o musical. A proposta \u00e9 conduzir o p\u00fablico por uma jornada sonora onde a improvisa\u00e7\u00e3o e a emo\u00e7\u00e3o se entrela\u00e7am. As letras visitam temas como a simplicidade do cotidiano, os desafios sociais, a espiritualidade e a for\u00e7a da natureza, al\u00e9m de homenagens a grandes nomes da m\u00fasica nacional como Tom Jobim e Milton Nascimento.<\/p>\n\n\n\n<p>O show contar\u00e1 tamb\u00e9m com releituras cuidadosamente arranjadas por Anette para cl\u00e1ssicos da m\u00fasica brasileira como &#8220;Casa Forte&#8221; (Edu Lobo), &#8220;Vera Cruz&#8221; (Milton Nascimento\/M\u00e1rcio Borges) e &#8220;Meu Pa\u00eds&#8221; (Ivan Lins\/Vitor Martins), revelando a versatilidade e o profundo respeito da artista por essa tradi\u00e7\u00e3o musical.<\/p>\n\n\n\n<p>Reconhecimento e trajet\u00f3ria<\/p>\n\n\n\n<p>Vencedora do Pr\u00eamio Profissionais da M\u00fasica nas edi\u00e7\u00f5es de 2021 e 2023 como &#8220;Jazz Singer&#8221;, Anette Camargo carrega uma forma\u00e7\u00e3o robusta que une o erudito ao popular, com passagens por institui\u00e7\u00f5es como a Funda\u00e7\u00e3o das Artes de S\u00e3o Caetano do Sul, ULM (atual Emesp) e tr\u00eas edi\u00e7\u00f5es do Festival de Inverno de Campos do Jord\u00e3o. Em sua trajet\u00f3ria, coleciona apresenta\u00e7\u00f5es em palcos como o Sesc Jazz, Blue Note SP, Instrumental Sesc Brasil, entre outros.<\/p>\n\n\n\n<p>Entre os projetos que integram sua trajet\u00f3ria, destaca-se sua atua\u00e7\u00e3o como int\u00e9rprete e arranjadora no Projeto T\u00e2nia Maria, e sua participa\u00e7\u00e3o no tributo a Airto Moreira no Sesc Jazz em 2022.<\/p>\n\n\n\n<p>Com o \u00e1lbum &#8220;Cirand\u00e1&#8221;, Anette Camargo inaugura um novo momento de sua carreira, reafirmando seu talento como uma das vozes promissoras da m\u00fasica brasileira e trazendo ao palco uma proposta art\u00edstica refinada e afetiva.<\/p>\n\n\n\n<p>SERVI\u00c7O:<br>Sesc S\u00e3o Caetano<br>Rua Piau\u00ed -554 Santa Paula \u2013 S\u00e3o Caetano do Sul<br>Dia 16 de maio, sexta-feira \u00e0s 20h<br>Recomenda\u00e7\u00e3o et\u00e1ria: Classifica\u00e7\u00e3o: 12 anos<br>Ingressos: R$40,00 \/ R$20,00 \/ R$12,00<br>Telefone para informa\u00e7\u00f5es: (11) 4223-8800<br>Para informa\u00e7\u00f5es sobre outras programa\u00e7\u00f5es acesse o portal sescsp<br>Hor\u00e1rio de atendimento\/bilheteria do Sesc S\u00e3o Caetano \u2013 De segunda a sexta, 10h \u00e0s 20h, s\u00e1bados e feriados, das 9h \u00e0s 17h30<\/p>\n","protected":false},"excerpt":{"rendered":"<p>&#8220;Cirand\u00e1&#8221; apresenta composi\u00e7\u00f5es autorais e releituras de cl\u00e1ssicos da m\u00fasica brasileira O Sesc S\u00e3o Caetano&#8230;<\/p>\n","protected":false},"author":1,"featured_media":23822,"comment_status":"open","ping_status":"open","sticky":false,"template":"","format":"standard","meta":{"footnotes":""},"categories":[2,45],"tags":[],"featured_image_urls":{"full":["https:\/\/novosaopaulo.com.br\/n1\/wp-content\/uploads\/2025\/05\/handler.jpg",400,600,false],"thumbnail":["https:\/\/novosaopaulo.com.br\/n1\/wp-content\/uploads\/2025\/05\/handler-150x150.jpg",150,150,true],"medium":["https:\/\/novosaopaulo.com.br\/n1\/wp-content\/uploads\/2025\/05\/handler-200x300.jpg",200,300,true],"medium_large":["https:\/\/novosaopaulo.com.br\/n1\/wp-content\/uploads\/2025\/05\/handler.jpg",400,600,false],"large":["https:\/\/novosaopaulo.com.br\/n1\/wp-content\/uploads\/2025\/05\/handler.jpg",400,600,false],"1536x1536":["https:\/\/novosaopaulo.com.br\/n1\/wp-content\/uploads\/2025\/05\/handler.jpg",400,600,false],"2048x2048":["https:\/\/novosaopaulo.com.br\/n1\/wp-content\/uploads\/2025\/05\/handler.jpg",400,600,false],"newsever-slider-full":["https:\/\/novosaopaulo.com.br\/n1\/wp-content\/uploads\/2025\/05\/handler.jpg",400,600,false],"newsever-featured":["https:\/\/novosaopaulo.com.br\/n1\/wp-content\/uploads\/2025\/05\/handler.jpg",400,600,false],"newsever-medium":["https:\/\/novosaopaulo.com.br\/n1\/wp-content\/uploads\/2025\/05\/handler-400x475.jpg",400,475,true]},"author_info":{"display_name":"Reda\u00e7\u00e3o","author_link":"https:\/\/novosaopaulo.com.br\/n1\/author\/g5poa\/"},"category_info":"<a href=\"https:\/\/novosaopaulo.com.br\/n1\/category\/cidades\/\" rel=\"category tag\">Cidades<\/a> <a href=\"https:\/\/novosaopaulo.com.br\/n1\/category\/cultura\/\" rel=\"category tag\">Cultura<\/a>","tag_info":"Cultura","comment_count":"0","_links":{"self":[{"href":"https:\/\/novosaopaulo.com.br\/n1\/wp-json\/wp\/v2\/posts\/23821"}],"collection":[{"href":"https:\/\/novosaopaulo.com.br\/n1\/wp-json\/wp\/v2\/posts"}],"about":[{"href":"https:\/\/novosaopaulo.com.br\/n1\/wp-json\/wp\/v2\/types\/post"}],"author":[{"embeddable":true,"href":"https:\/\/novosaopaulo.com.br\/n1\/wp-json\/wp\/v2\/users\/1"}],"replies":[{"embeddable":true,"href":"https:\/\/novosaopaulo.com.br\/n1\/wp-json\/wp\/v2\/comments?post=23821"}],"version-history":[{"count":1,"href":"https:\/\/novosaopaulo.com.br\/n1\/wp-json\/wp\/v2\/posts\/23821\/revisions"}],"predecessor-version":[{"id":23823,"href":"https:\/\/novosaopaulo.com.br\/n1\/wp-json\/wp\/v2\/posts\/23821\/revisions\/23823"}],"wp:featuredmedia":[{"embeddable":true,"href":"https:\/\/novosaopaulo.com.br\/n1\/wp-json\/wp\/v2\/media\/23822"}],"wp:attachment":[{"href":"https:\/\/novosaopaulo.com.br\/n1\/wp-json\/wp\/v2\/media?parent=23821"}],"wp:term":[{"taxonomy":"category","embeddable":true,"href":"https:\/\/novosaopaulo.com.br\/n1\/wp-json\/wp\/v2\/categories?post=23821"},{"taxonomy":"post_tag","embeddable":true,"href":"https:\/\/novosaopaulo.com.br\/n1\/wp-json\/wp\/v2\/tags?post=23821"}],"curies":[{"name":"wp","href":"https:\/\/api.w.org\/{rel}","templated":true}]}}