{"id":23810,"date":"2025-05-11T23:10:17","date_gmt":"2025-05-12T02:10:17","guid":{"rendered":"https:\/\/novosaopaulo.com.br\/n1\/?p=23810"},"modified":"2025-05-11T23:10:17","modified_gmt":"2025-05-12T02:10:17","slug":"um-papa-distante-dos-extremismos-ideologicos","status":"publish","type":"post","link":"https:\/\/novosaopaulo.com.br\/n1\/um-papa-distante-dos-extremismos-ideologicos\/","title":{"rendered":"Um papa distante dos extremismos ideol\u00f3gicos"},"content":{"rendered":"\n<p>N\u00e3o \u00e0 direita e nem \u00e0 esquerda. Pode ser a\u00ed o grande diferencial do papa Le\u00e3o XIV, eleito e anunciado no final da tarde da \u00faltima quinta-feira (08 de maio), no conclave que reuniu 133 cardeais cat\u00f3licos romanos de todo o mundo, para a escolha do sucessor do papa Francisco, que morreu no dia 21 passado. Robert Francis Prevost, de 69 anos, foi confirmado no posto pela fuma\u00e7a branca da chamin\u00e9 da Capela Sistima, \u00e0s 17h07 horas do Vaticano (13h07 de Bras\u00edlia) e, no primeiro pronunciamento na nova situa\u00e7\u00e3o, disse do seu prop\u00f3sito de conduzir uma Igreja pacifista e conciliadora e que sua gest\u00e3o sirva para criar pontes que resolvam os problemas da pr\u00f3pria institui\u00e7\u00e3o e dela com a sociedade mundial.<br>Prevost \u00e9 o primeiro papa norteamericano. \u00c9 o 267\u00ba ocupante do posto. Nascido em Chicado (EUA), ingressou na vida religiosa nos anos 70 e foi galgando postos e realizando miss\u00f5es importantes. Trabalhou a maioria do tempo no Peru, onde chegou o catolicismo e nos \u00faltimos anos ocupou posi\u00e7\u00f5es destacadas no Vaticano. Tem dupla cidadania \u2013 norteamericana e peruana &#8211; e fala v\u00e1rios idiomas,inclusive o portugu\u00eas. Esteve pelo menos duas vezes no Brasil e s\u00f3 n\u00e3o veio a terceira \u2013 para evento em Aparecida (SP), em raz\u00e3o da morte do papa Francisco.<br>A escolha repercute em todo o mundo. Chefes de Estado de diferentes orienta\u00e7\u00f5es ideol\u00f3gicas, como Donald Trump e Lula da Silva o saudaram na esperan\u00e7a de que fa\u00e7a uma governan\u00e7a que coloque a Igreja no foro dos debates pelas solu\u00e7\u00f5es dos problemas mundiais, inclusive as guerras j\u00e1 eclodidas e as lactentes.<br>De nossa modesta posi\u00e7\u00e3o \u2013 em rela\u00e7\u00e3o aos grandes temas mundiais, cabe-nos torcer para que o novo pont\u00edfice e sua equipe tenham a compet\u00eancia e a sensibilidade capazes de colocar a Igreja Cat\u00f3lica Apost\u00f3lica Romana e o eu peso institucional a servi\u00e7o da paz entre os indiv\u00edduos e as na\u00e7\u00f5es e que isso tenha como resultado o estabelecimento do bem-estar do povo, acima de posicionamentos pol\u00edticos, ideol\u00f3gicos ou de quaisquer outras excludentes ou divisoras de grupos.<br>A posi\u00e7\u00e3o centrista inicialmente demonstrada pelo novo papa tem tudo para contribuir com a estabilidade pol\u00edtica e social das popula\u00e7\u00f5es onde atua e, com isso, apoiar a baixa da temperatura no caldeir\u00e3o das iniquidades e, muito possivelmente, incentivar outras institui\u00e7\u00f5es religiosas a tamb\u00e9m atuarem na constru\u00e7\u00e3o de pontes para a solu\u00e7\u00e3o dos problemas e estabelecimento de formas de vida mais sadias entre os povos.<br>Os crist\u00e3os somam 2,4 bilh\u00f5es de seguidores, isto \u00e9, 33% da popula\u00e7\u00e3o mundial. Os cat\u00f3licos s\u00e3o 1,345 bilh\u00e3o (cerca de 50% dos crist\u00e3os. Saudemos todos a Luiz XIV, na esperan\u00e7a de que incentive os demais segmentos religiosos \u2013 crist\u00e3os ou n\u00e3o \u2013 a trabalharem pela paz da humanidade. Se conseguirem, ser\u00e1 um grande servi\u00e7os\u2026<\/p>\n\n\n\n<p>Tenente Dirceu Cardoso Gon\u00e7alves &#8211; dirigente da ASPOMIL (Associa\u00e7\u00e3o d<br>e Assist. Social dos Policiais Militares de S\u00e3o Paulo).<\/p>\n","protected":false},"excerpt":{"rendered":"<p>N\u00e3o \u00e0 direita e nem \u00e0 esquerda. Pode ser a\u00ed o grande diferencial do papa&#8230;<\/p>\n","protected":false},"author":1,"featured_media":23327,"comment_status":"open","ping_status":"open","sticky":false,"template":"","format":"standard","meta":{"footnotes":""},"categories":[9],"tags":[],"featured_image_urls":{"full":["https:\/\/novosaopaulo.com.br\/n1\/wp-content\/uploads\/2025\/04\/Tenente-Dirceu-Cardoso-Goncalves.jpg",600,564,false],"thumbnail":["https:\/\/novosaopaulo.com.br\/n1\/wp-content\/uploads\/2025\/04\/Tenente-Dirceu-Cardoso-Goncalves-150x150.jpg",150,150,true],"medium":["https:\/\/novosaopaulo.com.br\/n1\/wp-content\/uploads\/2025\/04\/Tenente-Dirceu-Cardoso-Goncalves-300x282.jpg",300,282,true],"medium_large":["https:\/\/novosaopaulo.com.br\/n1\/wp-content\/uploads\/2025\/04\/Tenente-Dirceu-Cardoso-Goncalves.jpg",600,564,false],"large":["https:\/\/novosaopaulo.com.br\/n1\/wp-content\/uploads\/2025\/04\/Tenente-Dirceu-Cardoso-Goncalves.jpg",600,564,false],"1536x1536":["https:\/\/novosaopaulo.com.br\/n1\/wp-content\/uploads\/2025\/04\/Tenente-Dirceu-Cardoso-Goncalves.jpg",600,564,false],"2048x2048":["https:\/\/novosaopaulo.com.br\/n1\/wp-content\/uploads\/2025\/04\/Tenente-Dirceu-Cardoso-Goncalves.jpg",600,564,false],"newsever-slider-full":["https:\/\/novosaopaulo.com.br\/n1\/wp-content\/uploads\/2025\/04\/Tenente-Dirceu-Cardoso-Goncalves.jpg",600,564,false],"newsever-featured":["https:\/\/novosaopaulo.com.br\/n1\/wp-content\/uploads\/2025\/04\/Tenente-Dirceu-Cardoso-Goncalves.jpg",600,564,false],"newsever-medium":["https:\/\/novosaopaulo.com.br\/n1\/wp-content\/uploads\/2025\/04\/Tenente-Dirceu-Cardoso-Goncalves-600x475.jpg",600,475,true]},"author_info":{"display_name":"Reda\u00e7\u00e3o","author_link":"https:\/\/novosaopaulo.com.br\/n1\/author\/g5poa\/"},"category_info":"<a href=\"https:\/\/novosaopaulo.com.br\/n1\/category\/geral\/\" rel=\"category tag\">Geral<\/a>","tag_info":"Geral","comment_count":"0","_links":{"self":[{"href":"https:\/\/novosaopaulo.com.br\/n1\/wp-json\/wp\/v2\/posts\/23810"}],"collection":[{"href":"https:\/\/novosaopaulo.com.br\/n1\/wp-json\/wp\/v2\/posts"}],"about":[{"href":"https:\/\/novosaopaulo.com.br\/n1\/wp-json\/wp\/v2\/types\/post"}],"author":[{"embeddable":true,"href":"https:\/\/novosaopaulo.com.br\/n1\/wp-json\/wp\/v2\/users\/1"}],"replies":[{"embeddable":true,"href":"https:\/\/novosaopaulo.com.br\/n1\/wp-json\/wp\/v2\/comments?post=23810"}],"version-history":[{"count":1,"href":"https:\/\/novosaopaulo.com.br\/n1\/wp-json\/wp\/v2\/posts\/23810\/revisions"}],"predecessor-version":[{"id":23811,"href":"https:\/\/novosaopaulo.com.br\/n1\/wp-json\/wp\/v2\/posts\/23810\/revisions\/23811"}],"wp:featuredmedia":[{"embeddable":true,"href":"https:\/\/novosaopaulo.com.br\/n1\/wp-json\/wp\/v2\/media\/23327"}],"wp:attachment":[{"href":"https:\/\/novosaopaulo.com.br\/n1\/wp-json\/wp\/v2\/media?parent=23810"}],"wp:term":[{"taxonomy":"category","embeddable":true,"href":"https:\/\/novosaopaulo.com.br\/n1\/wp-json\/wp\/v2\/categories?post=23810"},{"taxonomy":"post_tag","embeddable":true,"href":"https:\/\/novosaopaulo.com.br\/n1\/wp-json\/wp\/v2\/tags?post=23810"}],"curies":[{"name":"wp","href":"https:\/\/api.w.org\/{rel}","templated":true}]}}