{"id":23770,"date":"2025-05-10T21:33:36","date_gmt":"2025-05-11T00:33:36","guid":{"rendered":"https:\/\/novosaopaulo.com.br\/n1\/?p=23770"},"modified":"2025-05-10T21:33:36","modified_gmt":"2025-05-11T00:33:36","slug":"prefeitura-de-poa-intensifica-acoes-de-zeladoria-no-cemiterio-da-paz-para-o-dia-das-maes","status":"publish","type":"post","link":"https:\/\/novosaopaulo.com.br\/n1\/prefeitura-de-poa-intensifica-acoes-de-zeladoria-no-cemiterio-da-paz-para-o-dia-das-maes\/","title":{"rendered":"Prefeitura de Po\u00e1 intensifica a\u00e7\u00f5es de zeladoria no Cemit\u00e9rio da Paz para o Dia das M\u00e3es"},"content":{"rendered":"\n<p>Com a aproxima\u00e7\u00e3o do Dia das M\u00e3es, celebrado neste domingo (11), a Prefeitura de Po\u00e1, por meio da Secretaria de Servi\u00e7os Urbanos, intensificou os trabalhos de zeladoria no Cemit\u00e9rio da Paz. A a\u00e7\u00e3o tem como objetivo garantir um ambiente limpo, organizado e acolhedor para receber os visitantes que prestar\u00e3o suas homenagens nesta data simb\u00f3lica.<\/p>\n\n\n\n<p>Os trabalhos incluem a limpeza das vias internas, capinagem, poda de \u00e1rvores, pintura de guias e sarjetas e servi\u00e7os de tapa-buraco. Al\u00e9m disso, o oss\u00e1rio do cemit\u00e9rio tamb\u00e9m est\u00e1 passando por reformas para garantir um melhor aproveitamento do espa\u00e7o.<\/p>\n\n\n\n<p>O prefeito Saulo Souza destacou a import\u00e2ncia simb\u00f3lica do Dia das M\u00e3es e o papel da administra\u00e7\u00e3o municipal em oferecer dignidade \u00e0s fam\u00edlias nesse momento. \u201cMuitas m\u00e3es repousam no nosso Cemit\u00e9rio da Paz , assim como muitos filhos de m\u00e3es enlutadas tamb\u00e9m. Por isso, quando nos dedicamos ao trabalho de zeladoria neste espa\u00e7o, a nossa responsabilidade aumenta muito. N\u00f3s queremos que neste domingo, Dia das M\u00e3es, cada fam\u00edlia que visitar o Cemit\u00e9rio da Paz possa se sentir um pouco mais acolhida, respeitada e abra\u00e7ada pela nossa gest\u00e3o. Que possamos celebrar esta data, n\u00f3s que temos a oportunidade de estar ao lado das nossas m\u00e3es e dos nossos filhos, com alegria e solidariedade a todas essas fam\u00edlias que ir\u00e3o passar pelo cemit\u00e9rio neste domingo\u201d, destacou.<\/p>\n\n\n\n<p>De acordo com a secret\u00e1ria de Servi\u00e7os Urbanos de Po\u00e1, Gizele Dias, as equipes, que est\u00e3o trabalhando com muito empenho desde o in\u00edcio da atual gest\u00e3o para fazer a manuten\u00e7\u00e3o do espa\u00e7o, est\u00e3o refor\u00e7ando as a\u00e7\u00f5es nos \u00faltimos dias para receber os visitantes da melhor forma poss\u00edvel. \u201cTemos trabalhado intensamente para garantir que o nosso cemit\u00e9rio municipal esteja em condi\u00e7\u00f5es ideais de visita\u00e7\u00e3o. Nosso objetivo \u00e9 oferecer um ambiente que respeite a mem\u00f3ria dos que partiram e proporcione conforto \u00e0s fam\u00edlias\u201d, finalizou.<\/p>\n\n\n\n<p>Fotos: SECOM \/ Prefeitura de Po\u00e1<\/p>\n","protected":false},"excerpt":{"rendered":"<p>Com a aproxima\u00e7\u00e3o do Dia das M\u00e3es, celebrado neste domingo (11), a Prefeitura de Po\u00e1,&#8230;<\/p>\n","protected":false},"author":1,"featured_media":23771,"comment_status":"open","ping_status":"open","sticky":false,"template":"","format":"standard","meta":{"footnotes":""},"categories":[8],"tags":[],"featured_image_urls":{"full":["https:\/\/novosaopaulo.com.br\/n1\/wp-content\/uploads\/2025\/05\/WhatsApp-Image-2025-05-10-at-11.48.26.jpeg",585,1040,false],"thumbnail":["https:\/\/novosaopaulo.com.br\/n1\/wp-content\/uploads\/2025\/05\/WhatsApp-Image-2025-05-10-at-11.48.26-150x150.jpeg",150,150,true],"medium":["https:\/\/novosaopaulo.com.br\/n1\/wp-content\/uploads\/2025\/05\/WhatsApp-Image-2025-05-10-at-11.48.26-169x300.jpeg",169,300,true],"medium_large":["https:\/\/novosaopaulo.com.br\/n1\/wp-content\/uploads\/2025\/05\/WhatsApp-Image-2025-05-10-at-11.48.26.jpeg",585,1040,false],"large":["https:\/\/novosaopaulo.com.br\/n1\/wp-content\/uploads\/2025\/05\/WhatsApp-Image-2025-05-10-at-11.48.26-576x1024.jpeg",576,1024,true],"1536x1536":["https:\/\/novosaopaulo.com.br\/n1\/wp-content\/uploads\/2025\/05\/WhatsApp-Image-2025-05-10-at-11.48.26.jpeg",585,1040,false],"2048x2048":["https:\/\/novosaopaulo.com.br\/n1\/wp-content\/uploads\/2025\/05\/WhatsApp-Image-2025-05-10-at-11.48.26.jpeg",585,1040,false],"newsever-slider-full":["https:\/\/novosaopaulo.com.br\/n1\/wp-content\/uploads\/2025\/05\/WhatsApp-Image-2025-05-10-at-11.48.26-585x845.jpeg",585,845,true],"newsever-featured":["https:\/\/novosaopaulo.com.br\/n1\/wp-content\/uploads\/2025\/05\/WhatsApp-Image-2025-05-10-at-11.48.26.jpeg",585,1040,false],"newsever-medium":["https:\/\/novosaopaulo.com.br\/n1\/wp-content\/uploads\/2025\/05\/WhatsApp-Image-2025-05-10-at-11.48.26-585x475.jpeg",585,475,true]},"author_info":{"display_name":"Reda\u00e7\u00e3o","author_link":"https:\/\/novosaopaulo.com.br\/n1\/author\/g5poa\/"},"category_info":"<a href=\"https:\/\/novosaopaulo.com.br\/n1\/category\/poa\/\" rel=\"category tag\">Po\u00e1<\/a>","tag_info":"Po\u00e1","comment_count":"0","_links":{"self":[{"href":"https:\/\/novosaopaulo.com.br\/n1\/wp-json\/wp\/v2\/posts\/23770"}],"collection":[{"href":"https:\/\/novosaopaulo.com.br\/n1\/wp-json\/wp\/v2\/posts"}],"about":[{"href":"https:\/\/novosaopaulo.com.br\/n1\/wp-json\/wp\/v2\/types\/post"}],"author":[{"embeddable":true,"href":"https:\/\/novosaopaulo.com.br\/n1\/wp-json\/wp\/v2\/users\/1"}],"replies":[{"embeddable":true,"href":"https:\/\/novosaopaulo.com.br\/n1\/wp-json\/wp\/v2\/comments?post=23770"}],"version-history":[{"count":1,"href":"https:\/\/novosaopaulo.com.br\/n1\/wp-json\/wp\/v2\/posts\/23770\/revisions"}],"predecessor-version":[{"id":23772,"href":"https:\/\/novosaopaulo.com.br\/n1\/wp-json\/wp\/v2\/posts\/23770\/revisions\/23772"}],"wp:featuredmedia":[{"embeddable":true,"href":"https:\/\/novosaopaulo.com.br\/n1\/wp-json\/wp\/v2\/media\/23771"}],"wp:attachment":[{"href":"https:\/\/novosaopaulo.com.br\/n1\/wp-json\/wp\/v2\/media?parent=23770"}],"wp:term":[{"taxonomy":"category","embeddable":true,"href":"https:\/\/novosaopaulo.com.br\/n1\/wp-json\/wp\/v2\/categories?post=23770"},{"taxonomy":"post_tag","embeddable":true,"href":"https:\/\/novosaopaulo.com.br\/n1\/wp-json\/wp\/v2\/tags?post=23770"}],"curies":[{"name":"wp","href":"https:\/\/api.w.org\/{rel}","templated":true}]}}