{"id":23732,"date":"2025-05-09T11:40:32","date_gmt":"2025-05-09T14:40:32","guid":{"rendered":"https:\/\/novosaopaulo.com.br\/n1\/?p=23732"},"modified":"2025-05-09T11:40:33","modified_gmt":"2025-05-09T14:40:33","slug":"mulheres-aprendem-tecnicas-de-artes-marciais-para-se-defender-de-violencia-nas-ruas-e-em-casa","status":"publish","type":"post","link":"https:\/\/novosaopaulo.com.br\/n1\/mulheres-aprendem-tecnicas-de-artes-marciais-para-se-defender-de-violencia-nas-ruas-e-em-casa\/","title":{"rendered":"Mulheres aprendem t\u00e9cnicas de artes marciais para se defender de viol\u00eancia nas ruas e em casa"},"content":{"rendered":"\n<p>Aula inaugural apresentou, na pr\u00e1tica, t\u00e9cnicas de como agir em casos de ataques urbanos e agress\u00f5es dom\u00e9sticas; iniciativa social dos Institutos Pr\u00f3-V\u00edtima e \u201cPaulo Kobayashi\u201d tamb\u00e9m oferece acolhimento emocional, f\u00edsico e jur\u00eddico<\/p>\n\n\n\n<p>Como se livrar de um poss\u00edvel ataque na rua &#8211; como roubo, assalto e tentativa de estupro e de sequestro &#8211; e, tamb\u00e9m, de agress\u00e3o dom\u00e9stica foi o mote da aula inaugural do \u201cDefenda-se\u201d, iniciativa social dos Institutos Pr\u00f3-V\u00edtima e \u201cPaulo Kobayashi\u201d. Realizada na noite de segunda-feira (5\/5), em S\u00e3o Paulo-SP, a atividade reuniu diversas lideran\u00e7as femininas, alunas e autoridades. O curso acontece, de gra\u00e7a, \u00e0s segundas e \u00e0s quintas-feiras, no 2\u00ba andar do Centro Educacional \u201cDom Orione\u201d (rua Treze de Maio, 478 &#8211; Bela Vista). Ainda \u00e9 poss\u00edvel se inscrever para o projeto, que tamb\u00e9m oferece acolhimento psicol\u00f3gico, fisioterapia e apoio jur\u00eddico, gratuitamente.<\/p>\n\n\n\n<p>Na cerim\u00f4nia de abertura, a instrutora de defesa pessoal, mestre e multigraduada em Taekwondo D\u00e9bora Lima ensinou t\u00e9cnicas e posturas de autodefesa, al\u00e9m de compartilhar conhecimento em artes marciais.<\/p>\n\n\n\n<p>A aula inaugural tamb\u00e9m contou com a participa\u00e7\u00e3o da multimedalhista em Jiu-J\u00edtsu Jaqueline Almeida. Brasileira, a atleta mora e trabalha na Irlanda h\u00e1 nove anos. Na Europa, ela mant\u00e9m projeto social semelhante ao \u201cDefenda-se\u201d, no intuito de ensinar mulheres a se autodefenderem em casa e na rua. A faixa preta ensinou, na oportunidade, pr\u00e1ticas de linguagem corporal que podem ser utilizadas como m\u00e9todo de prote\u00e7\u00e3o, no dia a dia.<\/p>\n\n\n\n<p>A ideia do \u201cDefenda-se\u201d tamb\u00e9m \u00e9 ampliar o conhecimento do p\u00fablico feminino quanto a direitos e o enfrentamento \u00e0s diversas formas de viol\u00eancia. Neste sentido, ser\u00e1 realizada a Oficina Virtual de Capacita\u00e7\u00e3o de Direitos das Mulheres, em 5\/6, com emiss\u00e3o de certificado. J\u00e1 nos dias 13\/8 e 14\/8, ocorrer\u00e1 o Semin\u00e1rio Jur\u00eddico Direitos das V\u00edtimas &#8211; O Estatuto da V\u00edtima na Defesa dos Direitos das Mulheres. O evento ser\u00e1 abrigado na Pontif\u00edcia Universidade Cat\u00f3lica (PUC) S\u00e3o Paulo, das 9h \u00e0s 13h. As inscri\u00e7\u00f5es para as atividades devem ser firmadas no link www.provitima.org\/defenda-se.<\/p>\n\n\n\n<p>De acordo com a coordenadora do \u201cDefenda-se\u201d e presidente do Pr\u00f3-V\u00edtima, a promotora de Justi\u00e7a Celeste Leite dos Santos (MP-SP), a expectativa \u00e9 que o movimento gere uma rede de apoio e fortalecimento coletivo na cidade de S\u00e3o Paulo em prote\u00e7\u00e3o e aten\u00e7\u00e3o \u00e0s v\u00edtimas da viol\u00eancia urbana e dom\u00e9stica:<\/p>\n\n\n\n<p>\u201cMulheres de diferentes faixas et\u00e1rias vieram em busca do auto-fortalecimento, de apoio e de ferramentas que lhes possibilitem a defesa pessoal. Percebemos que este p\u00fablico est\u00e1 muito disposto a aprender. Isso nos motiva, principalmente num munic\u00edpio como S\u00e3o Paulo, que tem altas taxas de feminic\u00eddio e de outros tipos de ocorr\u00eancias contra mulheres\u201d, avalia a jurista.<\/p>\n\n\n\n<p>O \u201cDefenda-se\u201d ainda tem vagas para as aulas de defesa pessoal e atendimento especializado. Para se inscrever, basta acessar o portal https:\/\/provitima.org\/defenda-se\/ e preencher o formul\u00e1rio. \u00c9 preciso ter mais de 18 anos e morar em S\u00e3o Paulo. N\u00e3o \u00e9 exigido que a aluna tenha algum hist\u00f3rico de pr\u00e1tica de atividade f\u00edsica.<\/p>\n\n\n\n<p>O curso de autodefesa \u00e9 ministrado \u00e0s segundas-feiras, das 19h \u00e0s 19h45, e \u00e0s quintas-feiras, das 19h45 \u00e0s 20h30. \u00c0s ter\u00e7as-feiras, s\u00e3o oferecidas aulas de alongamento, das 18h30 \u00e0s 19h30, tamb\u00e9m no \u201cDom Orione\u201d.<\/p>\n\n\n\n<p>\u201cDecis\u00e3o acertiva\u201d<br>Fl\u00e1via Calaucha, uma das volunt\u00e1rias do Pr\u00f3-V\u00edtima e, agora, aluna do \u201cDefenda-se\u201d, ressalta a import\u00e2ncia social do projeto:<\/p>\n\n\n\n<p>\u201cIniciar as aulas de defesa pessoal foi uma decis\u00e3o assertiva para mim. Em pouco tempo, j\u00e1 tive mudan\u00e7a de postura, de aten\u00e7\u00e3o pelas ruas e na sensa\u00e7\u00e3o de seguran\u00e7a. As aulas, de fato, preparam mulheres para situa\u00e7\u00f5es reais; para o que pode nos acontecer em meio \u00e0 criminalidade que, infelizmente, s\u00f3 cresce\u201d, refor\u00e7a.<\/p>\n\n\n\n<p>Tamb\u00e9m presente no lan\u00e7amento do \u201cDefenda-se\u201d, a c\u00f4nsul de Taiwan em S\u00e3o Paulo, Angeles Chu, falou sobre a necessidade de se empoderar mulheres para o enfrentamento \u00e0s diversas formas de viol\u00eancia, sejam f\u00edsicas, emocionais ou patrimoniais:<\/p>\n\n\n\n<p>\u201cAulas de artes marciais s\u00e3o fundamentais para a autodefesa e para a Cultura de uma sociedade. O \u2018Defenda-se\u2019 tem muito a contribuir com a cidade de S\u00e3o Paulo\u201d, avaliou.<\/p>\n\n\n\n<figure class=\"wp-block-gallery has-nested-images columns-2 is-cropped wp-block-gallery-1 is-layout-flex wp-block-gallery-is-layout-flex\">\n<figure class=\"wp-block-image size-large\"><img fetchpriority=\"high\" decoding=\"async\" width=\"1024\" height=\"768\" data-id=\"23734\" src=\"https:\/\/novosaopaulo.com.br\/n1\/wp-content\/uploads\/2025\/05\/WhatsApp-Image-2025-05-09-at-10.33.59-1024x768.jpeg\" alt=\"\" class=\"wp-image-23734\" srcset=\"https:\/\/novosaopaulo.com.br\/n1\/wp-content\/uploads\/2025\/05\/WhatsApp-Image-2025-05-09-at-10.33.59-1024x768.jpeg 1024w, https:\/\/novosaopaulo.com.br\/n1\/wp-content\/uploads\/2025\/05\/WhatsApp-Image-2025-05-09-at-10.33.59-300x225.jpeg 300w, https:\/\/novosaopaulo.com.br\/n1\/wp-content\/uploads\/2025\/05\/WhatsApp-Image-2025-05-09-at-10.33.59-768x576.jpeg 768w, https:\/\/novosaopaulo.com.br\/n1\/wp-content\/uploads\/2025\/05\/WhatsApp-Image-2025-05-09-at-10.33.59.jpeg 1280w\" sizes=\"(max-width: 1024px) 100vw, 1024px\" \/><\/figure>\n\n\n\n<figure class=\"wp-block-image size-large\"><img decoding=\"async\" width=\"1024\" height=\"682\" data-id=\"23733\" src=\"https:\/\/novosaopaulo.com.br\/n1\/wp-content\/uploads\/2025\/05\/WhatsApp-Image-2025-05-09-at-10.33.58-1-1024x682.jpeg\" alt=\"\" class=\"wp-image-23733\" srcset=\"https:\/\/novosaopaulo.com.br\/n1\/wp-content\/uploads\/2025\/05\/WhatsApp-Image-2025-05-09-at-10.33.58-1-1024x682.jpeg 1024w, https:\/\/novosaopaulo.com.br\/n1\/wp-content\/uploads\/2025\/05\/WhatsApp-Image-2025-05-09-at-10.33.58-1-300x200.jpeg 300w, https:\/\/novosaopaulo.com.br\/n1\/wp-content\/uploads\/2025\/05\/WhatsApp-Image-2025-05-09-at-10.33.58-1-768x512.jpeg 768w, https:\/\/novosaopaulo.com.br\/n1\/wp-content\/uploads\/2025\/05\/WhatsApp-Image-2025-05-09-at-10.33.58-1.jpeg 1280w\" sizes=\"(max-width: 1024px) 100vw, 1024px\" \/><\/figure>\n<\/figure>\n","protected":false},"excerpt":{"rendered":"<p>Aula inaugural apresentou, na pr\u00e1tica, t\u00e9cnicas de como agir em casos de ataques urbanos e&#8230;<\/p>\n","protected":false},"author":1,"featured_media":23735,"comment_status":"open","ping_status":"open","sticky":false,"template":"","format":"standard","meta":{"footnotes":""},"categories":[2],"tags":[],"featured_image_urls":{"full":["https:\/\/novosaopaulo.com.br\/n1\/wp-content\/uploads\/2025\/05\/WhatsApp-Image-2025-05-09-at-10.33.58.jpeg",1280,853,false],"thumbnail":["https:\/\/novosaopaulo.com.br\/n1\/wp-content\/uploads\/2025\/05\/WhatsApp-Image-2025-05-09-at-10.33.58-150x150.jpeg",150,150,true],"medium":["https:\/\/novosaopaulo.com.br\/n1\/wp-content\/uploads\/2025\/05\/WhatsApp-Image-2025-05-09-at-10.33.58-300x200.jpeg",300,200,true],"medium_large":["https:\/\/novosaopaulo.com.br\/n1\/wp-content\/uploads\/2025\/05\/WhatsApp-Image-2025-05-09-at-10.33.58-768x512.jpeg",640,427,true],"large":["https:\/\/novosaopaulo.com.br\/n1\/wp-content\/uploads\/2025\/05\/WhatsApp-Image-2025-05-09-at-10.33.58-1024x682.jpeg",640,426,true],"1536x1536":["https:\/\/novosaopaulo.com.br\/n1\/wp-content\/uploads\/2025\/05\/WhatsApp-Image-2025-05-09-at-10.33.58.jpeg",1280,853,false],"2048x2048":["https:\/\/novosaopaulo.com.br\/n1\/wp-content\/uploads\/2025\/05\/WhatsApp-Image-2025-05-09-at-10.33.58.jpeg",1280,853,false],"newsever-slider-full":["https:\/\/novosaopaulo.com.br\/n1\/wp-content\/uploads\/2025\/05\/WhatsApp-Image-2025-05-09-at-10.33.58-1280x845.jpeg",1280,845,true],"newsever-featured":["https:\/\/novosaopaulo.com.br\/n1\/wp-content\/uploads\/2025\/05\/WhatsApp-Image-2025-05-09-at-10.33.58-1024x682.jpeg",1024,682,true],"newsever-medium":["https:\/\/novosaopaulo.com.br\/n1\/wp-content\/uploads\/2025\/05\/WhatsApp-Image-2025-05-09-at-10.33.58-720x475.jpeg",720,475,true]},"author_info":{"display_name":"Reda\u00e7\u00e3o","author_link":"https:\/\/novosaopaulo.com.br\/n1\/author\/g5poa\/"},"category_info":"<a href=\"https:\/\/novosaopaulo.com.br\/n1\/category\/cidades\/\" rel=\"category tag\">Cidades<\/a>","tag_info":"Cidades","comment_count":"0","_links":{"self":[{"href":"https:\/\/novosaopaulo.com.br\/n1\/wp-json\/wp\/v2\/posts\/23732"}],"collection":[{"href":"https:\/\/novosaopaulo.com.br\/n1\/wp-json\/wp\/v2\/posts"}],"about":[{"href":"https:\/\/novosaopaulo.com.br\/n1\/wp-json\/wp\/v2\/types\/post"}],"author":[{"embeddable":true,"href":"https:\/\/novosaopaulo.com.br\/n1\/wp-json\/wp\/v2\/users\/1"}],"replies":[{"embeddable":true,"href":"https:\/\/novosaopaulo.com.br\/n1\/wp-json\/wp\/v2\/comments?post=23732"}],"version-history":[{"count":1,"href":"https:\/\/novosaopaulo.com.br\/n1\/wp-json\/wp\/v2\/posts\/23732\/revisions"}],"predecessor-version":[{"id":23736,"href":"https:\/\/novosaopaulo.com.br\/n1\/wp-json\/wp\/v2\/posts\/23732\/revisions\/23736"}],"wp:featuredmedia":[{"embeddable":true,"href":"https:\/\/novosaopaulo.com.br\/n1\/wp-json\/wp\/v2\/media\/23735"}],"wp:attachment":[{"href":"https:\/\/novosaopaulo.com.br\/n1\/wp-json\/wp\/v2\/media?parent=23732"}],"wp:term":[{"taxonomy":"category","embeddable":true,"href":"https:\/\/novosaopaulo.com.br\/n1\/wp-json\/wp\/v2\/categories?post=23732"},{"taxonomy":"post_tag","embeddable":true,"href":"https:\/\/novosaopaulo.com.br\/n1\/wp-json\/wp\/v2\/tags?post=23732"}],"curies":[{"name":"wp","href":"https:\/\/api.w.org\/{rel}","templated":true}]}}