{"id":23717,"date":"2025-05-08T15:31:09","date_gmt":"2025-05-08T18:31:09","guid":{"rendered":"https:\/\/novosaopaulo.com.br\/n1\/?p=23717"},"modified":"2025-05-08T15:31:10","modified_gmt":"2025-05-08T18:31:10","slug":"a-igreja-catolica-tem-um-novo-lider","status":"publish","type":"post","link":"https:\/\/novosaopaulo.com.br\/n1\/a-igreja-catolica-tem-um-novo-lider\/","title":{"rendered":"A Igreja Cat\u00f3lica tem um novo l\u00edder!"},"content":{"rendered":"\n<p>O Cardeal americano Robert Francis Prevost foi eleito o novo Papa e escolheu o nome de Le\u00e3o XIV. O an\u00fancio foi feito hoje, quinta-feira, 8 de maio de 2025, ap\u00f3s a fuma\u00e7a branca sair da chamin\u00e9 da Capela Sistina, indicando que o conclave chegou a uma decis\u00e3o.<br>Prevost, de 69 anos, \u00e9 o primeiro Papa origin\u00e1rio dos Estados Unidos. Ele sucede o Papa Francisco, que faleceu em 21 de abril. A elei\u00e7\u00e3o ocorreu no segundo dia do conclave, ap\u00f3s quatro vota\u00e7\u00f5es.<br>Em suas primeiras palavras como Papa Le\u00e3o XIV, ele disse &#8220;A paz seja com voc\u00eas&#8221;, oferecendo uma mensagem de paz e di\u00e1logo &#8220;sem medo&#8221;.<br>Robert Prevost tem uma longa trajet\u00f3ria na Igreja, tendo atuado como mission\u00e1rio no Peru por muitos anos. Ele foi nomeado cardeal pelo Papa Francisco em 2023 e, antes de sua elei\u00e7\u00e3o como Papa, servia como Prefeito do Dicast\u00e9rio para os Bispos e Presidente da Pontif\u00edcia Comiss\u00e3o para a Am\u00e9rica Latina.<br>O nome escolhido, Le\u00e3o XIV, remete a outros Papas Le\u00f5es que marcaram a hist\u00f3ria da Igreja, como Le\u00e3o I, que enfrentou \u00c1tila, e Le\u00e3o XIII, conhecido por sua enc\u00edclica Rerum Novarum, que abordou quest\u00f5es sociais no s\u00e9culo XIX.<br>Os desafios que o Papa Le\u00e3o XIV enfrentar\u00e1 incluem quest\u00f5es como divis\u00f5es ideol\u00f3gicas dentro da Igreja, o engajamento de jovens e vocacionados, e discuss\u00f5es sobre temas como a b\u00ean\u00e7\u00e3o para casais do mesmo sexo e o celibato sacerdotal.<br>A apresenta\u00e7\u00e3o oficial do Papa Le\u00e3o XIV ao p\u00fablico na varanda da Bas\u00edlica de S\u00e3o Pedro deve acontecer ainda hoje.<\/p>\n","protected":false},"excerpt":{"rendered":"<p>O Cardeal americano Robert Francis Prevost foi eleito o novo Papa e escolheu o nome&#8230;<\/p>\n","protected":false},"author":1,"featured_media":23718,"comment_status":"open","ping_status":"open","sticky":false,"template":"","format":"standard","meta":{"footnotes":""},"categories":[2],"tags":[],"featured_image_urls":{"full":["https:\/\/novosaopaulo.com.br\/n1\/wp-content\/uploads\/2025\/05\/WhatsApp-Image-2025-05-08-at-14.55.08.jpeg",1600,1204,false],"thumbnail":["https:\/\/novosaopaulo.com.br\/n1\/wp-content\/uploads\/2025\/05\/WhatsApp-Image-2025-05-08-at-14.55.08-150x150.jpeg",150,150,true],"medium":["https:\/\/novosaopaulo.com.br\/n1\/wp-content\/uploads\/2025\/05\/WhatsApp-Image-2025-05-08-at-14.55.08-300x226.jpeg",300,226,true],"medium_large":["https:\/\/novosaopaulo.com.br\/n1\/wp-content\/uploads\/2025\/05\/WhatsApp-Image-2025-05-08-at-14.55.08-768x578.jpeg",640,482,true],"large":["https:\/\/novosaopaulo.com.br\/n1\/wp-content\/uploads\/2025\/05\/WhatsApp-Image-2025-05-08-at-14.55.08-1024x771.jpeg",640,482,true],"1536x1536":["https:\/\/novosaopaulo.com.br\/n1\/wp-content\/uploads\/2025\/05\/WhatsApp-Image-2025-05-08-at-14.55.08-1536x1156.jpeg",1536,1156,true],"2048x2048":["https:\/\/novosaopaulo.com.br\/n1\/wp-content\/uploads\/2025\/05\/WhatsApp-Image-2025-05-08-at-14.55.08.jpeg",1600,1204,false],"newsever-slider-full":["https:\/\/novosaopaulo.com.br\/n1\/wp-content\/uploads\/2025\/05\/WhatsApp-Image-2025-05-08-at-14.55.08-1280x845.jpeg",1280,845,true],"newsever-featured":["https:\/\/novosaopaulo.com.br\/n1\/wp-content\/uploads\/2025\/05\/WhatsApp-Image-2025-05-08-at-14.55.08-1024x771.jpeg",1024,771,true],"newsever-medium":["https:\/\/novosaopaulo.com.br\/n1\/wp-content\/uploads\/2025\/05\/WhatsApp-Image-2025-05-08-at-14.55.08-720x475.jpeg",720,475,true]},"author_info":{"display_name":"Reda\u00e7\u00e3o","author_link":"https:\/\/novosaopaulo.com.br\/n1\/author\/g5poa\/"},"category_info":"<a href=\"https:\/\/novosaopaulo.com.br\/n1\/category\/cidades\/\" rel=\"category tag\">Cidades<\/a>","tag_info":"Cidades","comment_count":"0","_links":{"self":[{"href":"https:\/\/novosaopaulo.com.br\/n1\/wp-json\/wp\/v2\/posts\/23717"}],"collection":[{"href":"https:\/\/novosaopaulo.com.br\/n1\/wp-json\/wp\/v2\/posts"}],"about":[{"href":"https:\/\/novosaopaulo.com.br\/n1\/wp-json\/wp\/v2\/types\/post"}],"author":[{"embeddable":true,"href":"https:\/\/novosaopaulo.com.br\/n1\/wp-json\/wp\/v2\/users\/1"}],"replies":[{"embeddable":true,"href":"https:\/\/novosaopaulo.com.br\/n1\/wp-json\/wp\/v2\/comments?post=23717"}],"version-history":[{"count":1,"href":"https:\/\/novosaopaulo.com.br\/n1\/wp-json\/wp\/v2\/posts\/23717\/revisions"}],"predecessor-version":[{"id":23719,"href":"https:\/\/novosaopaulo.com.br\/n1\/wp-json\/wp\/v2\/posts\/23717\/revisions\/23719"}],"wp:featuredmedia":[{"embeddable":true,"href":"https:\/\/novosaopaulo.com.br\/n1\/wp-json\/wp\/v2\/media\/23718"}],"wp:attachment":[{"href":"https:\/\/novosaopaulo.com.br\/n1\/wp-json\/wp\/v2\/media?parent=23717"}],"wp:term":[{"taxonomy":"category","embeddable":true,"href":"https:\/\/novosaopaulo.com.br\/n1\/wp-json\/wp\/v2\/categories?post=23717"},{"taxonomy":"post_tag","embeddable":true,"href":"https:\/\/novosaopaulo.com.br\/n1\/wp-json\/wp\/v2\/tags?post=23717"}],"curies":[{"name":"wp","href":"https:\/\/api.w.org\/{rel}","templated":true}]}}