{"id":23710,"date":"2025-05-08T15:24:43","date_gmt":"2025-05-08T18:24:43","guid":{"rendered":"https:\/\/novosaopaulo.com.br\/n1\/?p=23710"},"modified":"2025-05-08T15:25:11","modified_gmt":"2025-05-08T18:25:11","slug":"foragua-2025-abre-com-recorde-de-publico-em-serra-negra-e-promete-ainda-mais-no-segundo-dia","status":"publish","type":"post","link":"https:\/\/novosaopaulo.com.br\/n1\/foragua-2025-abre-com-recorde-de-publico-em-serra-negra-e-promete-ainda-mais-no-segundo-dia\/","title":{"rendered":"For\u00e1gua 2025 abre com recorde de p\u00fablico em Serra Negra e promete ainda mais no segundo dia"},"content":{"rendered":"\n<p>Serra Negra, 7 de maio de 2025 \u2013 O primeiro dia da For\u00e1gua 2025, uma das mais importante feira voltada \u00e0 cadeia produtiva da \u00e1gua, abriu suas portas com resultados extraordin\u00e1rios: o dobro de visitantes em rela\u00e7\u00e3o \u00e0 edi\u00e7\u00e3o anterior passou pelos corredores do evento nesta ter\u00e7a-feira, comprovando a crescente relev\u00e2ncia da feira para o setor e sua for\u00e7a como espa\u00e7o de gera\u00e7\u00e3o de neg\u00f3cios.<br>Com um p\u00fablico altamente qualificado, formado por profissionais, t\u00e9cnicos, empres\u00e1rios e representantes de entidades p\u00fablicas e privadas do segmento de \u00e1guas e bebidas n\u00e3o carbonatadas, a For\u00e1gua reafirmou sua voca\u00e7\u00e3o como ambiente estrat\u00e9gico para networking, prospec\u00e7\u00e3o e parcerias comerciais. A ampla presen\u00e7a de expositores nacionais e internacionais tamb\u00e9m refletiu o grau de interesse e a expans\u00e3o do setor.<br>Realizada no Centro de Conven\u00e7\u00f5es de Serra Negra, a feira atraiu visitantes de diversas regi\u00f5es do Brasil, que conferiram de perto as inova\u00e7\u00f5es em processos de envase, embalagens, rotulagem, gest\u00e3o h\u00eddrica, sustentabilidade e tecnologia voltada \u00e0 efici\u00eancia na produ\u00e7\u00e3o e no uso respons\u00e1vel da \u00e1gua.<br>Com mais de 70 marcas expositoras e uma programa\u00e7\u00e3o t\u00e9cnica focada em solu\u00e7\u00f5es pr\u00e1ticas e aplic\u00e1veis, a For\u00e1gua \u00e9 uma vitrine que conecta oferta e demanda com intensidade.<br>\u00daltima chance: segundo e \u00faltimo dia ser\u00e1 amanh\u00e3, 8 de maio<br>A organiza\u00e7\u00e3o do evento refor\u00e7a que esta quarta-feira, 8 de maio, ser\u00e1 o \u00faltimo dia da feira, com atividades das 14h \u00e0s 20h. A programa\u00e7\u00e3o inclui pain\u00e9is t\u00e9cnicos, demonstra\u00e7\u00f5es de produtos e oportunidades para amplia\u00e7\u00e3o de mercado. Expositores seguem prontos para atender compradores e decisores de toda a cadeia produtiva.<br>\u201cVer o pavilh\u00e3o cheio, com profissionais engajados e neg\u00f3cios sendo fechados j\u00e1 no primeiro dia, \u00e9 a prova de que a For\u00e1gua ocupa um espa\u00e7o essencial no calend\u00e1rio do setor\u201d, afirmou um dos organizadores. \u201cO segundo dia \u00e9 uma chance \u00fanica para quem ainda n\u00e3o veio. H\u00e1 muita inova\u00e7\u00e3o \u00e0 disposi\u00e7\u00e3o.\u201d<br>A entrada \u00e9 gratuita, mediante credenciamento no site oficial:<br>\ud83d\udd17 www.foragua.com.br<br>Servi\u00e7o:<br>\ud83d\udccd Centro de Conven\u00e7\u00f5es \u2013 Serra Negra\/SP<br>\ud83d\udcc5 Dias 7 e 8 de maio de 2025<br>\ud83d\udd51 Hor\u00e1rio: das 14h \u00e0s 20h<br>\ud83c\udfaf Informa\u00e7\u00f5es e credenciamento: https:\/\/www.foragua.com.br<\/p>\n\n\n\n<p>Credito: Studio Proma Feiras<\/p>\n","protected":false},"excerpt":{"rendered":"<p>Serra Negra, 7 de maio de 2025 \u2013 O primeiro dia da For\u00e1gua 2025, uma&#8230;<\/p>\n","protected":false},"author":1,"featured_media":23711,"comment_status":"open","ping_status":"open","sticky":false,"template":"","format":"standard","meta":{"footnotes":""},"categories":[2],"tags":[],"featured_image_urls":{"full":["https:\/\/novosaopaulo.com.br\/n1\/wp-content\/uploads\/2025\/05\/foragua-2.jpg",840,628,false],"thumbnail":["https:\/\/novosaopaulo.com.br\/n1\/wp-content\/uploads\/2025\/05\/foragua-2-150x150.jpg",150,150,true],"medium":["https:\/\/novosaopaulo.com.br\/n1\/wp-content\/uploads\/2025\/05\/foragua-2-300x224.jpg",300,224,true],"medium_large":["https:\/\/novosaopaulo.com.br\/n1\/wp-content\/uploads\/2025\/05\/foragua-2-768x574.jpg",640,478,true],"large":["https:\/\/novosaopaulo.com.br\/n1\/wp-content\/uploads\/2025\/05\/foragua-2.jpg",640,478,false],"1536x1536":["https:\/\/novosaopaulo.com.br\/n1\/wp-content\/uploads\/2025\/05\/foragua-2.jpg",840,628,false],"2048x2048":["https:\/\/novosaopaulo.com.br\/n1\/wp-content\/uploads\/2025\/05\/foragua-2.jpg",840,628,false],"newsever-slider-full":["https:\/\/novosaopaulo.com.br\/n1\/wp-content\/uploads\/2025\/05\/foragua-2.jpg",840,628,false],"newsever-featured":["https:\/\/novosaopaulo.com.br\/n1\/wp-content\/uploads\/2025\/05\/foragua-2.jpg",840,628,false],"newsever-medium":["https:\/\/novosaopaulo.com.br\/n1\/wp-content\/uploads\/2025\/05\/foragua-2-720x475.jpg",720,475,true]},"author_info":{"display_name":"Reda\u00e7\u00e3o","author_link":"https:\/\/novosaopaulo.com.br\/n1\/author\/g5poa\/"},"category_info":"<a href=\"https:\/\/novosaopaulo.com.br\/n1\/category\/cidades\/\" rel=\"category tag\">Cidades<\/a>","tag_info":"Cidades","comment_count":"0","_links":{"self":[{"href":"https:\/\/novosaopaulo.com.br\/n1\/wp-json\/wp\/v2\/posts\/23710"}],"collection":[{"href":"https:\/\/novosaopaulo.com.br\/n1\/wp-json\/wp\/v2\/posts"}],"about":[{"href":"https:\/\/novosaopaulo.com.br\/n1\/wp-json\/wp\/v2\/types\/post"}],"author":[{"embeddable":true,"href":"https:\/\/novosaopaulo.com.br\/n1\/wp-json\/wp\/v2\/users\/1"}],"replies":[{"embeddable":true,"href":"https:\/\/novosaopaulo.com.br\/n1\/wp-json\/wp\/v2\/comments?post=23710"}],"version-history":[{"count":2,"href":"https:\/\/novosaopaulo.com.br\/n1\/wp-json\/wp\/v2\/posts\/23710\/revisions"}],"predecessor-version":[{"id":23713,"href":"https:\/\/novosaopaulo.com.br\/n1\/wp-json\/wp\/v2\/posts\/23710\/revisions\/23713"}],"wp:featuredmedia":[{"embeddable":true,"href":"https:\/\/novosaopaulo.com.br\/n1\/wp-json\/wp\/v2\/media\/23711"}],"wp:attachment":[{"href":"https:\/\/novosaopaulo.com.br\/n1\/wp-json\/wp\/v2\/media?parent=23710"}],"wp:term":[{"taxonomy":"category","embeddable":true,"href":"https:\/\/novosaopaulo.com.br\/n1\/wp-json\/wp\/v2\/categories?post=23710"},{"taxonomy":"post_tag","embeddable":true,"href":"https:\/\/novosaopaulo.com.br\/n1\/wp-json\/wp\/v2\/tags?post=23710"}],"curies":[{"name":"wp","href":"https:\/\/api.w.org\/{rel}","templated":true}]}}