{"id":23701,"date":"2025-05-08T11:25:19","date_gmt":"2025-05-08T14:25:19","guid":{"rendered":"https:\/\/novosaopaulo.com.br\/n1\/?p=23701"},"modified":"2025-05-12T22:27:01","modified_gmt":"2025-05-13T01:27:01","slug":"paula-fernandes-lanca-paixao-de-mulher-trilha-sonora-da-novela-cafe-com-aromade-mulher","status":"publish","type":"post","link":"https:\/\/novosaopaulo.com.br\/n1\/paula-fernandes-lanca-paixao-de-mulher-trilha-sonora-da-novela-cafe-com-aromade-mulher\/","title":{"rendered":"Paula Fernandes lan\u00e7a \u201cPaix\u00e3o de Mulher\u201d, trilha sonora da novela \u201cCaf\u00e9 com Aromade Mulher\u201d"},"content":{"rendered":"\n<p>Faixa, tema de produ\u00e7\u00e3o da Band, chega \u00e0s plataformas de m\u00fasica em 8 de maio<\/p>\n\n\n\n<p>Dona de uma das vozes mais elogiadas da m\u00fasica brasileira, Paula Fernandes se destaca<br>n\u00e3o apenas por sua pot\u00eancia vocal, mas tamb\u00e9m pela sensibilidade e emo\u00e7\u00e3o que coloca<br>em cada uma de suas can\u00e7\u00f5es. Com uma lista de sucessos em trilhas sonoras, a cantora e<br>compositora divulga, neste dia 8 de maio, a m\u00fasica &#8220;Paix\u00e3o de Mulher&#8221;, tema oficial da<br>novela &#8220;Caf\u00e9 com Aroma de Mulher&#8221;, que ser\u00e1 exibida pela TV Bandeirantes. A can\u00e7\u00e3o<br>tamb\u00e9m fica dispon\u00edvel em todas as plataformas de m\u00fasica.<br>Com uma voz que conquista gera\u00e7\u00f5es em todo o pa\u00eds nos \u00faltimos anos, Paula Fernandes<br>coloca seu romantismo em \u201cPaix\u00e3o de Mulher\u201d, emocionando os noveleiros e traduzindo em<br>versos a for\u00e7a e a do\u00e7ura da protagonista da trama, Gaivota (Laura Londo\u00f1o), personagem<br>central de \u201cCaf\u00e9 com Aroma de Mulher\u201d.<br>Convidada especialmente pela emissora para criar uma m\u00fasica de abertura, a artista se<br>inspirou na personagem e na hist\u00f3ria da novela, ambientada nesse universo do cultivo de<br>caf\u00e9, e comp\u00f4s a faixa praticamente em um \u00fanico dia: &#8220;Me apaixonei pelos personagens e<br>me identifiquei muito com essa atmosfera, porque, como todo mundo sabe, eu tenho essa<br>origem rural. Me vi ali, no meio do cafezal, vivendo aquela hist\u00f3ria de amor&#8221;, comenta Paula<br>Fernandes.<br>A can\u00e7\u00e3o &#8220;Paix\u00e3o de Mulher&#8221; retrata a for\u00e7a, a paix\u00e3o e a sensibilidade da mulher do<br>interior, espelhando a personalidade da protagonista. &#8220;Representei ali os tons de vermelho<br>do caf\u00e9, o aroma, a paix\u00e3o intensa da Gaivota \u2014 uma mulher forte, visceral e cheia de<br>amor. Tudo isso foi a base para a cria\u00e7\u00e3o da m\u00fasica&#8221;, completa a compositora. &#8220;Paix\u00e3o de<br>Mulher&#8221; marca mais um cap\u00edtulo na trajet\u00f3ria de Paula Fernandes, que coleciona sucessos<br>na televis\u00e3o com trilhas sonoras inesquec\u00edveis, como \u201cJeito de mato\u201d na novela Para\u00edso,<br>\u201cUm ser amor\u201d em Amor \u00e0 vida, \u201cCicatriz\u201d em Tempo de Amor e outros sucessos.<br>O amor \u00e9 tema frequente nas can\u00e7\u00f5es de Paula Fernandes, sendo representado de<br>diferentes formas como o amor rom\u00e2ntico, resiliente, sonhador, forte e o pr\u00f3prio tamb\u00e9m.<br>Nos \u00faltimos meses, a artista tem levado essa ess\u00eancia para os palcos de todo o Brasil com<br>o \u00e1lbum &#8220;Qual amor te faz feliz?&#8221;, que convida o p\u00fablico a refletir sobre os diferentes<br>significados do amor em suas vidas. Em seu lan\u00e7amento, a \u00edcone sertaneja mobilizou as<br>maiores celebridades do pa\u00eds, como, por exemplo, Neymar, Sandy e Whindersson Nunes a<br>responderem a pergunta tema do projeto em suas redes sociais, formando uma enorme<br>corrente de inspira\u00e7\u00e3o e reflex\u00e3o.<br>Com uma carreira consolidada nacional e internacionalmente, Paula Fernandes \u00e9 uma das<br>vozes femininas mais respeitadas da m\u00fasica brasileira. A artista \u00e9 vencedora de diversos<br>pr\u00eamios, incluindo dois Grammy Latino, e milh\u00f5es de discos vendidos.<br>SOBRE PAULA FERNANDES<br>Paula Fernandes \u00e9 uma das principais artistas da atualidade, acumulando n\u00fameros<br>importantes e colecionando recordes. Com mais de 2,4 bilh\u00f5es de streaming nas<br>plataformas de \u00e1udio e dois pr\u00eamios Grammy Latino, a cantora se destaca no cen\u00e1rio<br>musical brasileiro e internacional.<br>Paula Fernandes j\u00e1 estrelou mais de 15 turn\u00eas na Europa, Estados Unidos e \u00c1frica.<br>Consolidando sua carreira e cantando ao lado de grandes nomes como o colombiano<br>Juanes, o \u00edcone do pop Taylor Swift e a refer\u00eancia do country Shania Twain.<br>Sendo premiada em in\u00fameras categorias da ind\u00fastria do entretenimento, como oito<br>indica\u00e7\u00f5es ao Grammy Latino, na categoria de Melhor \u00c1lbum de M\u00fasica Sertaneja, Pr\u00eamio<br>Multishow de M\u00fasica Brasileira, Pr\u00eamio da M\u00fasica Brasileira, Meus Pr\u00eamios Nick, Trof\u00e9u<br>Imprensa, Melhores do Ano e Trof\u00e9u Internet.<br>Al\u00e9m dos palcos, a artista \u00e9 reconhecida no cen\u00e1rio das composi\u00e7\u00f5es, sendo respons\u00e1vel<br>por sucessos como &#8216;Jeito de Mato&#8217;, &#8216;P\u00e1ssaro de Fogo&#8217;, &#8216;Pra Voc\u00ea&#8217;, &#8216;Sem Voc\u00ea&#8217;, entre outros.<br>Na televis\u00e3o, a cantora j\u00e1 atuou em mais de dez obras e emplacou mais de vinte can\u00e7\u00f5es<br>em trilhas sonoras de novelas, al\u00e9m de 5,6 milh\u00f5es de discos vendidos.<br>Para saber mais:<br>www.paulafernandes.com.br<br>www.facebook.com\/OficialPaulaFernandes<br>www.twitter.com\/PaulaFernandes7<br>www.instagram.com\/paulafernandes<br>www.youtube.com\/user\/PaulaFernandesVEVO<\/p>\n","protected":false},"excerpt":{"rendered":"<p>Faixa, tema de produ\u00e7\u00e3o da Band, chega \u00e0s plataformas de m\u00fasica em 8 de maio&#8230;<\/p>\n","protected":false},"author":1,"featured_media":23702,"comment_status":"open","ping_status":"open","sticky":false,"template":"","format":"standard","meta":{"footnotes":""},"categories":[45],"tags":[],"featured_image_urls":{"full":["https:\/\/novosaopaulo.com.br\/n1\/wp-content\/uploads\/2025\/05\/paula-fernandes-canta-a-musica-tema-de-cafe-com-aroma-de-mulher-211355.jpg",600,337,false],"thumbnail":["https:\/\/novosaopaulo.com.br\/n1\/wp-content\/uploads\/2025\/05\/paula-fernandes-canta-a-musica-tema-de-cafe-com-aroma-de-mulher-211355-150x150.jpg",150,150,true],"medium":["https:\/\/novosaopaulo.com.br\/n1\/wp-content\/uploads\/2025\/05\/paula-fernandes-canta-a-musica-tema-de-cafe-com-aroma-de-mulher-211355-300x169.jpg",300,169,true],"medium_large":["https:\/\/novosaopaulo.com.br\/n1\/wp-content\/uploads\/2025\/05\/paula-fernandes-canta-a-musica-tema-de-cafe-com-aroma-de-mulher-211355.jpg",600,337,false],"large":["https:\/\/novosaopaulo.com.br\/n1\/wp-content\/uploads\/2025\/05\/paula-fernandes-canta-a-musica-tema-de-cafe-com-aroma-de-mulher-211355.jpg",600,337,false],"1536x1536":["https:\/\/novosaopaulo.com.br\/n1\/wp-content\/uploads\/2025\/05\/paula-fernandes-canta-a-musica-tema-de-cafe-com-aroma-de-mulher-211355.jpg",600,337,false],"2048x2048":["https:\/\/novosaopaulo.com.br\/n1\/wp-content\/uploads\/2025\/05\/paula-fernandes-canta-a-musica-tema-de-cafe-com-aroma-de-mulher-211355.jpg",600,337,false],"newsever-slider-full":["https:\/\/novosaopaulo.com.br\/n1\/wp-content\/uploads\/2025\/05\/paula-fernandes-canta-a-musica-tema-de-cafe-com-aroma-de-mulher-211355.jpg",600,337,false],"newsever-featured":["https:\/\/novosaopaulo.com.br\/n1\/wp-content\/uploads\/2025\/05\/paula-fernandes-canta-a-musica-tema-de-cafe-com-aroma-de-mulher-211355.jpg",600,337,false],"newsever-medium":["https:\/\/novosaopaulo.com.br\/n1\/wp-content\/uploads\/2025\/05\/paula-fernandes-canta-a-musica-tema-de-cafe-com-aroma-de-mulher-211355.jpg",600,337,false]},"author_info":{"display_name":"Reda\u00e7\u00e3o","author_link":"https:\/\/novosaopaulo.com.br\/n1\/author\/g5poa\/"},"category_info":"<a href=\"https:\/\/novosaopaulo.com.br\/n1\/category\/cultura\/\" rel=\"category tag\">Cultura<\/a>","tag_info":"Cultura","comment_count":"0","_links":{"self":[{"href":"https:\/\/novosaopaulo.com.br\/n1\/wp-json\/wp\/v2\/posts\/23701"}],"collection":[{"href":"https:\/\/novosaopaulo.com.br\/n1\/wp-json\/wp\/v2\/posts"}],"about":[{"href":"https:\/\/novosaopaulo.com.br\/n1\/wp-json\/wp\/v2\/types\/post"}],"author":[{"embeddable":true,"href":"https:\/\/novosaopaulo.com.br\/n1\/wp-json\/wp\/v2\/users\/1"}],"replies":[{"embeddable":true,"href":"https:\/\/novosaopaulo.com.br\/n1\/wp-json\/wp\/v2\/comments?post=23701"}],"version-history":[{"count":1,"href":"https:\/\/novosaopaulo.com.br\/n1\/wp-json\/wp\/v2\/posts\/23701\/revisions"}],"predecessor-version":[{"id":23703,"href":"https:\/\/novosaopaulo.com.br\/n1\/wp-json\/wp\/v2\/posts\/23701\/revisions\/23703"}],"wp:featuredmedia":[{"embeddable":true,"href":"https:\/\/novosaopaulo.com.br\/n1\/wp-json\/wp\/v2\/media\/23702"}],"wp:attachment":[{"href":"https:\/\/novosaopaulo.com.br\/n1\/wp-json\/wp\/v2\/media?parent=23701"}],"wp:term":[{"taxonomy":"category","embeddable":true,"href":"https:\/\/novosaopaulo.com.br\/n1\/wp-json\/wp\/v2\/categories?post=23701"},{"taxonomy":"post_tag","embeddable":true,"href":"https:\/\/novosaopaulo.com.br\/n1\/wp-json\/wp\/v2\/tags?post=23701"}],"curies":[{"name":"wp","href":"https:\/\/api.w.org\/{rel}","templated":true}]}}