{"id":23694,"date":"2025-05-07T17:06:14","date_gmt":"2025-05-07T20:06:14","guid":{"rendered":"https:\/\/novosaopaulo.com.br\/n1\/?p=23694"},"modified":"2025-05-07T17:06:15","modified_gmt":"2025-05-07T20:06:15","slug":"ator-e-cantor-nando-pradho-les-miserables-apresenta-classicos-da-broadway-na-lacerdine-galeria-de-arte","status":"publish","type":"post","link":"https:\/\/novosaopaulo.com.br\/n1\/ator-e-cantor-nando-pradho-les-miserables-apresenta-classicos-da-broadway-na-lacerdine-galeria-de-arte\/","title":{"rendered":"Ator e cantor Nando Pradho (\u2018Les Miserables\u2019) apresenta cl\u00e1ssicos da Broadway na Lacerdine Galeria de Arte"},"content":{"rendered":"\n<p>A apresenta\u00e7\u00e3o ser\u00e1 nessa quinta-feira (8.5) e faz parte da Expo Cult \u2013 Semana de Arte do Agora, com programa\u00e7\u00e3o gratuita de exposi\u00e7\u00f5es de artes visuais, espet\u00e1culos de m\u00fasica e de dan\u00e7a<\/p>\n\n\n\n<p>Nando Pradho, protagonista em superprodu\u00e7\u00f5es da Broadway, do Brasil e do exterior &#8211; inspetor Javert em \u201cLes Miserables\u201d, em 2017; e papel duplo de \u2018Jekyll &amp; Hide\u2019 em \u2018O M\u00e9dico e o Monstro\u2019, em 2010, entre outros \u2013 apresenta uma colet\u00e2nea de cl\u00e1ssicos da Broadway nessa quinta-feira (8.5), \u00e0s 19 horas, na Lacerdine Galeria de Arte (Av. Ang\u00e9lica, 2578), a 300 metros da esta\u00e7\u00e3o Paulista do metr\u00f4.<\/p>\n\n\n\n<p>Em seus 20 anos de carreira, Pradho j\u00e1 foi assistido por mais de 5 milh\u00f5es de espectadores. Entre outras interpreta\u00e7\u00f5es, tamb\u00e9m foi o soldado Chris em \u201cMiss Saigon\u201d (2007); Raoul, em \u201cO Fantasma da \u00d3pera\u201d (2005); e Gaston, em \u201cA Bela e a Fera\u201d (2003).<\/p>\n\n\n\n<p>Sua apresenta\u00e7\u00e3o faz parte das atra\u00e7\u00f5es da 1\u00aa Expo Cult \u2013 Semana de Arte do Agora, que vai at\u00e9 s\u00e1bado (10) e tem o objetivo de promover as diversas formas de manifesta\u00e7\u00f5es art\u00edsticas. O evento re\u00fane mais de 30 artistas, que apresentam em exposi\u00e7\u00f5es e espet\u00e1culos de m\u00fasica e dan\u00e7a, compartilhando suas experi\u00eancias com o p\u00fablico. Todas as atra\u00e7\u00f5es s\u00e3o gratuitas.<\/p>\n\n\n\n<p>\u201cAproveitamos essa Semana de Arte do Agora para levar a arte e discutir v\u00e1rias quest\u00f5es sociais importantes: preserva\u00e7\u00e3o ambiental, igualdade de g\u00eanero, igualdade social, entre outras. N\u00f3s artistas temos uma grande contribui\u00e7\u00e3o para a sociedade a partir do que criamos para mostrar que a realidade pode sim ser mudada e ser melhor a cada dia. A arte tem esse potencial de mostrar perspectivas do futuro a partir de um presente concreto\u201d, afirma o artista expressionista contempor\u00e2neo Geraldo Lacerdine, fundador da galeria e respons\u00e1vel pelo Expo Cult.<\/p>\n\n\n\n<p>A programa\u00e7\u00e3o da Expo Cult continua:<\/p>\n\n\n\n<p>. Sexta-feira (9.5), \u00e0s 19h<br>M\u00fasicas e poesias com a performance de P\u00e2mela Sorrentino;<\/p>\n\n\n\n<p>. S\u00e1bado (10.5)<br>16h &#8211; Conta\u00e7\u00e3o de Hist\u00f3rias para crian\u00e7as com \u2018As Hist\u00f3rias por Tr\u00e1s dos Quadros\u2019, com as narrativas divertidas de um palha\u00e7o que veio do mundo dos sonhos e nos conduzir\u00e1 ao mundo maravilhoso das pinturas, cria\u00e7\u00e3o e execu\u00e7\u00e3o de Geraldo Lacerdine;<\/p>\n\n\n\n<p>19h &#8211; Dan\u00e7a contempor\u00e2nea \u2018\u00c0 Margem da Linha\u2019, uma a\u00e7\u00e3o mais intimista; espet\u00e1culo criado por Katia Rozato com trilha de Aline Brasil (v\u00eddeo).<br>Quem for \u00e0s apresenta\u00e7\u00f5es poder\u00e1 apreciar um total de 60 pinturas de nove artistas: Adriana Garibaldi; Cl\u00f3ves Camargo, Ivaan Jansen, Lua, Simone Fiorani Momente, Patr\u00edcia Saraiva, Fabrini Crisci e Luiza Volpato; al\u00e9m de Geraldo Lacerdine.<\/p>\n\n\n\n<p>LACERDINE GALERIA DE ARTE<br>Expo Cult \u2013 de 2 a 10 de maio<br>Entrada gratuita<br>Avenida Ang\u00e9lica, 2578 \u2013 Higien\u00f3polis<br>Organiza\u00e7\u00e3o e Curadoria: Geraldo Lacerdine<br>Instagram: @lacerdine<\/p>\n\n\n\n<figure class=\"wp-block-image size-full\"><img fetchpriority=\"high\" decoding=\"async\" width=\"398\" height=\"326\" src=\"https:\/\/novosaopaulo.com.br\/n1\/wp-content\/uploads\/2025\/05\/WhatsApp-Image-2025-05-07-at-10.26.23.jpeg\" alt=\"\" class=\"wp-image-23695\" srcset=\"https:\/\/novosaopaulo.com.br\/n1\/wp-content\/uploads\/2025\/05\/WhatsApp-Image-2025-05-07-at-10.26.23.jpeg 398w, https:\/\/novosaopaulo.com.br\/n1\/wp-content\/uploads\/2025\/05\/WhatsApp-Image-2025-05-07-at-10.26.23-300x246.jpeg 300w\" sizes=\"(max-width: 398px) 100vw, 398px\" \/><\/figure>\n","protected":false},"excerpt":{"rendered":"<p>A apresenta\u00e7\u00e3o ser\u00e1 nessa quinta-feira (8.5) e faz parte da Expo Cult \u2013 Semana de&#8230;<\/p>\n","protected":false},"author":1,"featured_media":23696,"comment_status":"open","ping_status":"open","sticky":false,"template":"","format":"standard","meta":{"footnotes":""},"categories":[45],"tags":[],"featured_image_urls":{"full":["https:\/\/novosaopaulo.com.br\/n1\/wp-content\/uploads\/2025\/05\/WhatsApp-Image-2025-05-07-at-10.26.23-1.jpeg",1043,894,false],"thumbnail":["https:\/\/novosaopaulo.com.br\/n1\/wp-content\/uploads\/2025\/05\/WhatsApp-Image-2025-05-07-at-10.26.23-1-150x150.jpeg",150,150,true],"medium":["https:\/\/novosaopaulo.com.br\/n1\/wp-content\/uploads\/2025\/05\/WhatsApp-Image-2025-05-07-at-10.26.23-1-300x257.jpeg",300,257,true],"medium_large":["https:\/\/novosaopaulo.com.br\/n1\/wp-content\/uploads\/2025\/05\/WhatsApp-Image-2025-05-07-at-10.26.23-1-768x658.jpeg",640,548,true],"large":["https:\/\/novosaopaulo.com.br\/n1\/wp-content\/uploads\/2025\/05\/WhatsApp-Image-2025-05-07-at-10.26.23-1-1024x878.jpeg",640,549,true],"1536x1536":["https:\/\/novosaopaulo.com.br\/n1\/wp-content\/uploads\/2025\/05\/WhatsApp-Image-2025-05-07-at-10.26.23-1.jpeg",1043,894,false],"2048x2048":["https:\/\/novosaopaulo.com.br\/n1\/wp-content\/uploads\/2025\/05\/WhatsApp-Image-2025-05-07-at-10.26.23-1.jpeg",1043,894,false],"newsever-slider-full":["https:\/\/novosaopaulo.com.br\/n1\/wp-content\/uploads\/2025\/05\/WhatsApp-Image-2025-05-07-at-10.26.23-1-1043x845.jpeg",1043,845,true],"newsever-featured":["https:\/\/novosaopaulo.com.br\/n1\/wp-content\/uploads\/2025\/05\/WhatsApp-Image-2025-05-07-at-10.26.23-1-1024x878.jpeg",1024,878,true],"newsever-medium":["https:\/\/novosaopaulo.com.br\/n1\/wp-content\/uploads\/2025\/05\/WhatsApp-Image-2025-05-07-at-10.26.23-1-720x475.jpeg",720,475,true]},"author_info":{"display_name":"Reda\u00e7\u00e3o","author_link":"https:\/\/novosaopaulo.com.br\/n1\/author\/g5poa\/"},"category_info":"<a href=\"https:\/\/novosaopaulo.com.br\/n1\/category\/cultura\/\" rel=\"category tag\">Cultura<\/a>","tag_info":"Cultura","comment_count":"0","_links":{"self":[{"href":"https:\/\/novosaopaulo.com.br\/n1\/wp-json\/wp\/v2\/posts\/23694"}],"collection":[{"href":"https:\/\/novosaopaulo.com.br\/n1\/wp-json\/wp\/v2\/posts"}],"about":[{"href":"https:\/\/novosaopaulo.com.br\/n1\/wp-json\/wp\/v2\/types\/post"}],"author":[{"embeddable":true,"href":"https:\/\/novosaopaulo.com.br\/n1\/wp-json\/wp\/v2\/users\/1"}],"replies":[{"embeddable":true,"href":"https:\/\/novosaopaulo.com.br\/n1\/wp-json\/wp\/v2\/comments?post=23694"}],"version-history":[{"count":1,"href":"https:\/\/novosaopaulo.com.br\/n1\/wp-json\/wp\/v2\/posts\/23694\/revisions"}],"predecessor-version":[{"id":23697,"href":"https:\/\/novosaopaulo.com.br\/n1\/wp-json\/wp\/v2\/posts\/23694\/revisions\/23697"}],"wp:featuredmedia":[{"embeddable":true,"href":"https:\/\/novosaopaulo.com.br\/n1\/wp-json\/wp\/v2\/media\/23696"}],"wp:attachment":[{"href":"https:\/\/novosaopaulo.com.br\/n1\/wp-json\/wp\/v2\/media?parent=23694"}],"wp:term":[{"taxonomy":"category","embeddable":true,"href":"https:\/\/novosaopaulo.com.br\/n1\/wp-json\/wp\/v2\/categories?post=23694"},{"taxonomy":"post_tag","embeddable":true,"href":"https:\/\/novosaopaulo.com.br\/n1\/wp-json\/wp\/v2\/tags?post=23694"}],"curies":[{"name":"wp","href":"https:\/\/api.w.org\/{rel}","templated":true}]}}