{"id":23631,"date":"2025-05-01T18:20:36","date_gmt":"2025-05-01T21:20:36","guid":{"rendered":"https:\/\/novosaopaulo.com.br\/n1\/?p=23631"},"modified":"2025-05-01T18:20:37","modified_gmt":"2025-05-01T21:20:37","slug":"revelacao-do-arrocha-theuzinho-grava-o-primeiro-audiovisual-da-carreira","status":"publish","type":"post","link":"https:\/\/novosaopaulo.com.br\/n1\/revelacao-do-arrocha-theuzinho-grava-o-primeiro-audiovisual-da-carreira\/","title":{"rendered":"Revela\u00e7\u00e3o do Arrocha, Theuzinho grava o primeiro audiovisual da carreira"},"content":{"rendered":"\n<p>Com participa\u00e7\u00f5es especiais, show acontecer\u00e1 em Salvador<\/p>\n\n\n\n<p>O cantor Theuzinho, a nova voz do arrocha, se prepara para um grande passo na carreira: a grava\u00e7\u00e3o de seu primeiro audiovisual.<br>Na pr\u00f3xima quinta (1\u00ba), \u00e0s 11h, os soteropolitanos v\u00e3o arrochar na Feira do Jap\u00e3o, no bairro da Liberdade, em Salvador (BA), para uma tarde de muita m\u00fasica, ao som do ritmo genuinamente da regi\u00e3o nordeste, que embala hist\u00f3rias paix\u00e3o e sofr\u00eancia.<br>Intitulado \u201cA Favela T\u00e1 Gostosa 2.0\u201d, o audiovisual contar\u00e1 com a participa\u00e7\u00e3o de Kevi Jonny, Tayrone, Raphaela Santos e Nadson O Ferinha.<br>Sucesso do momento, a regrava\u00e7\u00e3o \u201cN\u00e3o Tente Me Impedir\u201d conquistou o p\u00fablico na voz de Theuzinho e faz parte do repert\u00f3rio no novo projeto. A m\u00fasica gravada originalmente pela dupla sertaneja Bruno &amp; Marrone viralizou na internet ao ser lan\u00e7ada pelo cantor baiano. Tamb\u00e9m no setlist m\u00fasicas autorais do cantor.<br>Com apenas 19 anos, o jovem cantor viralizou nas plataformas digitais, conquistando posi\u00e7\u00f5es de destaque nos rankings mais concorridos do pa\u00eds, alcan\u00e7ou mais de 50 milh\u00f5es de reprodu\u00e7\u00f5es nas plataformas streaming e entrou para o TOP 20 do YouTube Brasil, com o \u00e1lbum \u201cA Favela T\u00e1 Gostosa 1.0\u201d. No Spotify, est\u00e1 prestes a bater a meta de dois milh\u00f5es de streams.<\/p>\n\n\n\n<p>SERVI\u00c7O<br>Theuzinho &#8211; Grava\u00e7\u00e3o Audiovisual \u201cA Favela T\u00e1 Gostosa 2.0\u201d<br>Data: 1\u00b0 de maio (sexta-feira)<br>Hor\u00e1rio: 11h<br>Local: Feira do Jap\u00e3o<br>Entrada Gratuita<\/p>\n","protected":false},"excerpt":{"rendered":"<p>Com participa\u00e7\u00f5es especiais, show acontecer\u00e1 em Salvador O cantor Theuzinho, a nova voz do arrocha,&#8230;<\/p>\n","protected":false},"author":1,"featured_media":23632,"comment_status":"open","ping_status":"open","sticky":false,"template":"","format":"standard","meta":{"footnotes":""},"categories":[2],"tags":[],"featured_image_urls":{"full":["https:\/\/novosaopaulo.com.br\/n1\/wp-content\/uploads\/2025\/05\/WhatsApp-Image-2025-05-01-at-18.11.21.jpeg",540,556,false],"thumbnail":["https:\/\/novosaopaulo.com.br\/n1\/wp-content\/uploads\/2025\/05\/WhatsApp-Image-2025-05-01-at-18.11.21-150x150.jpeg",150,150,true],"medium":["https:\/\/novosaopaulo.com.br\/n1\/wp-content\/uploads\/2025\/05\/WhatsApp-Image-2025-05-01-at-18.11.21-291x300.jpeg",291,300,true],"medium_large":["https:\/\/novosaopaulo.com.br\/n1\/wp-content\/uploads\/2025\/05\/WhatsApp-Image-2025-05-01-at-18.11.21.jpeg",540,556,false],"large":["https:\/\/novosaopaulo.com.br\/n1\/wp-content\/uploads\/2025\/05\/WhatsApp-Image-2025-05-01-at-18.11.21.jpeg",540,556,false],"1536x1536":["https:\/\/novosaopaulo.com.br\/n1\/wp-content\/uploads\/2025\/05\/WhatsApp-Image-2025-05-01-at-18.11.21.jpeg",540,556,false],"2048x2048":["https:\/\/novosaopaulo.com.br\/n1\/wp-content\/uploads\/2025\/05\/WhatsApp-Image-2025-05-01-at-18.11.21.jpeg",540,556,false],"newsever-slider-full":["https:\/\/novosaopaulo.com.br\/n1\/wp-content\/uploads\/2025\/05\/WhatsApp-Image-2025-05-01-at-18.11.21.jpeg",540,556,false],"newsever-featured":["https:\/\/novosaopaulo.com.br\/n1\/wp-content\/uploads\/2025\/05\/WhatsApp-Image-2025-05-01-at-18.11.21.jpeg",540,556,false],"newsever-medium":["https:\/\/novosaopaulo.com.br\/n1\/wp-content\/uploads\/2025\/05\/WhatsApp-Image-2025-05-01-at-18.11.21-540x475.jpeg",540,475,true]},"author_info":{"display_name":"Reda\u00e7\u00e3o","author_link":"https:\/\/novosaopaulo.com.br\/n1\/author\/g5poa\/"},"category_info":"<a href=\"https:\/\/novosaopaulo.com.br\/n1\/category\/cidades\/\" rel=\"category tag\">Cidades<\/a>","tag_info":"Cidades","comment_count":"0","_links":{"self":[{"href":"https:\/\/novosaopaulo.com.br\/n1\/wp-json\/wp\/v2\/posts\/23631"}],"collection":[{"href":"https:\/\/novosaopaulo.com.br\/n1\/wp-json\/wp\/v2\/posts"}],"about":[{"href":"https:\/\/novosaopaulo.com.br\/n1\/wp-json\/wp\/v2\/types\/post"}],"author":[{"embeddable":true,"href":"https:\/\/novosaopaulo.com.br\/n1\/wp-json\/wp\/v2\/users\/1"}],"replies":[{"embeddable":true,"href":"https:\/\/novosaopaulo.com.br\/n1\/wp-json\/wp\/v2\/comments?post=23631"}],"version-history":[{"count":1,"href":"https:\/\/novosaopaulo.com.br\/n1\/wp-json\/wp\/v2\/posts\/23631\/revisions"}],"predecessor-version":[{"id":23633,"href":"https:\/\/novosaopaulo.com.br\/n1\/wp-json\/wp\/v2\/posts\/23631\/revisions\/23633"}],"wp:featuredmedia":[{"embeddable":true,"href":"https:\/\/novosaopaulo.com.br\/n1\/wp-json\/wp\/v2\/media\/23632"}],"wp:attachment":[{"href":"https:\/\/novosaopaulo.com.br\/n1\/wp-json\/wp\/v2\/media?parent=23631"}],"wp:term":[{"taxonomy":"category","embeddable":true,"href":"https:\/\/novosaopaulo.com.br\/n1\/wp-json\/wp\/v2\/categories?post=23631"},{"taxonomy":"post_tag","embeddable":true,"href":"https:\/\/novosaopaulo.com.br\/n1\/wp-json\/wp\/v2\/tags?post=23631"}],"curies":[{"name":"wp","href":"https:\/\/api.w.org\/{rel}","templated":true}]}}