{"id":23625,"date":"2025-04-29T18:36:31","date_gmt":"2025-04-29T21:36:31","guid":{"rendered":"https:\/\/novosaopaulo.com.br\/n1\/?p=23625"},"modified":"2025-04-29T18:36:31","modified_gmt":"2025-04-29T21:36:31","slug":"anierafa-lanca-releitura-de-as-aguas-do-sao-francisco-e-convida-opublico-a-um-mergulho-na-essencia-da-musica-caipira","status":"publish","type":"post","link":"https:\/\/novosaopaulo.com.br\/n1\/anierafa-lanca-releitura-de-as-aguas-do-sao-francisco-e-convida-opublico-a-um-mergulho-na-essencia-da-musica-caipira\/","title":{"rendered":"AnieRafa lan\u00e7a releitura de \u201cAs \u00c1guas do S\u00e3o Francisco\u201d e convida op\u00fablico a um mergulho na ess\u00eancia da m\u00fasica caipira"},"content":{"rendered":"\n<p>A can\u00e7\u00e3o que chega nas plataformas digitais no dia 30 de abril, faz parte do projeto \u201c\u00c1guas Caipiras\u201d<br>e marca o in\u00edcio de uma s\u00e9rie de lan\u00e7amentos que promete emocionar<\/p>\n\n\n\n<p>Reconhecidos pelo talento e o estilo inovador na m\u00fasica caipira, AnieRafa que se destacam<br>por suas can\u00e7\u00f5es que promovem um verdadeiro resgate hist\u00f3rico da m\u00fasica brasileira e<br>estimulam a mem\u00f3ria afetiva do p\u00fablico, se preparam para lan\u00e7ar no pr\u00f3ximo dia 30 de abril<br>uma delicada e emocionante releitura da can\u00e7\u00e3o \u201cAs \u00c1guas do S\u00e3o Francisco\u201d, um cl\u00e1ssico<br>que atravessa gera\u00e7\u00f5es e agora ganha novos contornos atrav\u00e9s da voz e dos arranjos que<br>misturam tradi\u00e7\u00e3o e inova\u00e7\u00e3o, marca registrada do casal.<br>\u201cAs \u00c1guas do S\u00e3o Francisco\u201d faz parte de uma s\u00e9rie de lan\u00e7amentos que comp\u00f5em o EP<br>\u201c\u00c1guas Caipiras\u201d \u2014 um verdadeiro mergulho sonoro que al\u00e9m dos clipes, ter\u00e1 uma<br>webs\u00e9rie no Youtube e no Instagram. \u201cQuando a gente escolheu essa can\u00e7\u00e3o para iniciar o<br>projeto, pensamos no quanto ela \u00e9 atemporal, no quanto ela conversa com quem precisa<br>ver beleza nos imprevistos deste mundo apressado. Regravar \u2018As \u00c1guas do S\u00e3o Francisco\u2019<br>foi como revisitar as nossas pr\u00f3prias ra\u00edzes, se reencontrar com o que \u00e9 simples e<br>essencial. Foi muito especial\u201d, comenta Ani.<br>A dupla \u00e9 formada por Aniela Rovani e Rafael Cardoso, que possuem vasto conhecimento<br>t\u00e9cnico musical \u2014 Ani, com forma\u00e7\u00e3o cl\u00e1ssica em canto l\u00edrico e reg\u00eancia, e Rafa,<br>instrumentista e doutorando em m\u00fasica \u2014 entrega nesta nova vers\u00e3o n\u00e3o apenas uma<br>homenagem ao cancioneiro tradicional, mas reafirma o seu compromisso de transformar<br>cada can\u00e7\u00e3o em um encontro com a ess\u00eancia que mora nas ra\u00edzes, nas mem\u00f3rias e na<br>simplicidade do cotidiano. Em cada acorde, a dupla convida o p\u00fablico a se reconectar com a<br>natureza, com as emo\u00e7\u00f5es, o amor e com a beleza que existe no caminho, mostrando que<br>a M\u00fasica de Interior, mais do que um estilo, \u00e9 uma forma de sentir e viver \u201cA gente busca<br>manter a alma da m\u00fasica caipira, mas sempre com o nosso toque pessoal, respeitando e<br>homenageando essa cultura que \u00e9 t\u00e3o rica e t\u00e3o nossa\u201d, completa Rafa.<br>Sobre AnieRafa<br>AnieRafa \u00e9 uma dupla musical formada por Aniela e Rafael, artistas que escolheram viver o<br>que cantam \u2014 literalmente. Inspirados pela vida simples na ro\u00e7a, cercados pela natureza e<br>pelo ritmo tranquilo do interior, o casal construiu uma trajet\u00f3ria que valoriza a ess\u00eancia da<br>m\u00fasica caipira, sem abrir m\u00e3o da inova\u00e7\u00e3o e da autenticidade. Com forma\u00e7\u00e3o s\u00f3lida, Anie \u00e9<br>cantora, pianista e regente, com passagens por montagens de \u00f3pera na Europa, enquanto<br>Rafa \u00e9 instrumentista e doutor em m\u00fasica pela UNICAMP. Essa combina\u00e7\u00e3o de t\u00e9cnica e<br>sensibilidade faz da dupla um verdadeiro elo entre tradi\u00e7\u00e3o e modernidade, revivendo<br>cl\u00e1ssicos e apresentando composi\u00e7\u00f5es autorais que carregam poesia, mem\u00f3ria afetiva e<br>identidade cultural.<br>Siga as redes sociais de AnieRafa:<br>Instagram: @anierafaoficial<br>Youtube: @anierafa<br>ASSESSORIA DE IMPRENSA &#8211; ANIERAFA<br>Novit\u00e0 Comunica\u00e7\u00e3o Estrat\u00e9gica<br>Lieda Gomes &#8211; (19) 99819-3625 &#8211; lieda@novitacom.com.b<\/p>\n","protected":false},"excerpt":{"rendered":"<p>A can\u00e7\u00e3o que chega nas plataformas digitais no dia 30 de abril, faz parte do&#8230;<\/p>\n","protected":false},"author":1,"featured_media":23626,"comment_status":"open","ping_status":"open","sticky":false,"template":"","format":"standard","meta":{"footnotes":""},"categories":[9],"tags":[],"featured_image_urls":{"full":["https:\/\/novosaopaulo.com.br\/n1\/wp-content\/uploads\/2025\/04\/hq720.jpg",686,386,false],"thumbnail":["https:\/\/novosaopaulo.com.br\/n1\/wp-content\/uploads\/2025\/04\/hq720-150x150.jpg",150,150,true],"medium":["https:\/\/novosaopaulo.com.br\/n1\/wp-content\/uploads\/2025\/04\/hq720-300x169.jpg",300,169,true],"medium_large":["https:\/\/novosaopaulo.com.br\/n1\/wp-content\/uploads\/2025\/04\/hq720.jpg",640,360,false],"large":["https:\/\/novosaopaulo.com.br\/n1\/wp-content\/uploads\/2025\/04\/hq720.jpg",640,360,false],"1536x1536":["https:\/\/novosaopaulo.com.br\/n1\/wp-content\/uploads\/2025\/04\/hq720.jpg",686,386,false],"2048x2048":["https:\/\/novosaopaulo.com.br\/n1\/wp-content\/uploads\/2025\/04\/hq720.jpg",686,386,false],"newsever-slider-full":["https:\/\/novosaopaulo.com.br\/n1\/wp-content\/uploads\/2025\/04\/hq720.jpg",686,386,false],"newsever-featured":["https:\/\/novosaopaulo.com.br\/n1\/wp-content\/uploads\/2025\/04\/hq720.jpg",686,386,false],"newsever-medium":["https:\/\/novosaopaulo.com.br\/n1\/wp-content\/uploads\/2025\/04\/hq720.jpg",686,386,false]},"author_info":{"display_name":"Reda\u00e7\u00e3o","author_link":"https:\/\/novosaopaulo.com.br\/n1\/author\/g5poa\/"},"category_info":"<a href=\"https:\/\/novosaopaulo.com.br\/n1\/category\/geral\/\" rel=\"category tag\">Geral<\/a>","tag_info":"Geral","comment_count":"0","_links":{"self":[{"href":"https:\/\/novosaopaulo.com.br\/n1\/wp-json\/wp\/v2\/posts\/23625"}],"collection":[{"href":"https:\/\/novosaopaulo.com.br\/n1\/wp-json\/wp\/v2\/posts"}],"about":[{"href":"https:\/\/novosaopaulo.com.br\/n1\/wp-json\/wp\/v2\/types\/post"}],"author":[{"embeddable":true,"href":"https:\/\/novosaopaulo.com.br\/n1\/wp-json\/wp\/v2\/users\/1"}],"replies":[{"embeddable":true,"href":"https:\/\/novosaopaulo.com.br\/n1\/wp-json\/wp\/v2\/comments?post=23625"}],"version-history":[{"count":1,"href":"https:\/\/novosaopaulo.com.br\/n1\/wp-json\/wp\/v2\/posts\/23625\/revisions"}],"predecessor-version":[{"id":23627,"href":"https:\/\/novosaopaulo.com.br\/n1\/wp-json\/wp\/v2\/posts\/23625\/revisions\/23627"}],"wp:featuredmedia":[{"embeddable":true,"href":"https:\/\/novosaopaulo.com.br\/n1\/wp-json\/wp\/v2\/media\/23626"}],"wp:attachment":[{"href":"https:\/\/novosaopaulo.com.br\/n1\/wp-json\/wp\/v2\/media?parent=23625"}],"wp:term":[{"taxonomy":"category","embeddable":true,"href":"https:\/\/novosaopaulo.com.br\/n1\/wp-json\/wp\/v2\/categories?post=23625"},{"taxonomy":"post_tag","embeddable":true,"href":"https:\/\/novosaopaulo.com.br\/n1\/wp-json\/wp\/v2\/tags?post=23625"}],"curies":[{"name":"wp","href":"https:\/\/api.w.org\/{rel}","templated":true}]}}