{"id":23622,"date":"2025-04-29T18:32:13","date_gmt":"2025-04-29T21:32:13","guid":{"rendered":"https:\/\/novosaopaulo.com.br\/n1\/?p=23622"},"modified":"2025-04-29T18:32:14","modified_gmt":"2025-04-29T21:32:14","slug":"mari-fernandez-leva-o-seu-mari-no-barzinho-para-belo-horizonte","status":"publish","type":"post","link":"https:\/\/novosaopaulo.com.br\/n1\/mari-fernandez-leva-o-seu-mari-no-barzinho-para-belo-horizonte\/","title":{"rendered":"Mari Fernandez leva o seu \u201cMari no Barzinho\u201d para Belo Horizonte"},"content":{"rendered":"\n<p>Capital mineira foi a cidade escolhida para a primeira edi\u00e7\u00e3o de 2025 do projeto que<br>conquistou o pa\u00eds<\/p>\n\n\n\n<p>O p\u00fablico pediu e Mari Fernandez atendeu! A cantora anunciou a terceira edi\u00e7\u00e3o do seu<br>\u201cMari no Barzinho\u201d &#8211; projeto que conquistou o pa\u00eds de norte a sul. Dessa vez, a grava\u00e7\u00e3o<br>surpresa aconteceu em Belo Horizonte, no Bar do TiZ\u00e9, no dia 28 de abril, e trouxe,<br>novamente, aquele clima animado que s\u00f3 ela sabe fazer.<br>Nesta edi\u00e7\u00e3o, Mari apresentou 10 m\u00fasicas in\u00e9ditas e a participa\u00e7\u00e3o especial da dupla<br>Clayton e Rom\u00e1rio. Com a mesma energia de sempre, ela pretende repetir o sucesso das<br>grava\u00e7\u00f5es realizadas no Rio de Janeiro e em Goi\u00e2nia que apresentaram hits como \u201cP\u00e1gina<br>de Ex\u201d, \u201cMordida e Carinho\u201d, \u201cLoco Loco\u201d entre outras que ganharam as paradas e o<br>cora\u00e7\u00e3o do p\u00fablico.<br>\u201cSempre quis gravar em Belo Horizonte e estou muito feliz em dar continuidade a esse<br>projeto lindo, que \u00e9 um dos mais importantes da minha carreira, aqui. O &#8220;Mari no Barzinho&#8221;<br>\u00e9 popular e divertido! Tenho certeza que vai ser pancada e que o p\u00fablico vai curtir bastante<br>esse novo cap\u00edtulo junto comigo\u201d, comenta a cantora.<br>O projeto lan\u00e7ado em 2024, teve seu in\u00edcio no Rio de Janeiro com o EP \u201cMari no Barzinho<br>ao Vivo no Rio de Janeiro &#8211; do jeito que o povo gosta\u201d seguido pelo \u201cMari no Barzinho ao<br>Vivo em Goi\u00e2nia\u201d que contou com a participa\u00e7\u00e3o do cantor Z\u00e9 Felipe na faixa \u201cLoco Loco\u201d.<br>Sobre Mari Fernandez<br>Com apenas 24 anos e quatro anos de carreira, Mari Fernandez j\u00e1 \u00e9 considerada uma das<br>grandes vozes femininas da m\u00fasica brasileira. Provando seu talento e versatilidade como<br>cantora e compositora, ela soma mais de 12 milh\u00f5es de ouvintes no Spotify, mais de 02<br>bilh\u00f5es de visualiza\u00e7\u00f5es no Youtube, mais de 03 Bilh\u00f5es de streams nas plataformas de<br>m\u00fasica e 10 Milh\u00f5es de Seguidores nas redes sociais.<br>Em 2024, gravou seu terceiro audiovisual \u201cAo Vivo no Rio de Janeiro\u201d na Cidade<br>Maravilhosa. Foi l\u00e1 tamb\u00e9m que deu o start no seu projeto mais intimista \u201cMari no Barzinho\u201d<br>que conquistou o p\u00fablico e as paradas com os Eps \u201cMari no Barzinho ao Vivo no Rio de<br>Janeiro &#8211; do jeito que o povo gosta\u201d e o \u201cMari no Barzinho ao Vivo em Goi\u00e2nia\u201d. Al\u00e9m disso,<br>lan\u00e7ou tamb\u00e9m sua label \u201cMari Sem Fim\u201d, que lotou est\u00e1dios arrastando mais de 120 mil<br>pessoas que curtiram essa experi\u00eancia sem hora para terminar.<br>Considerada uma hitmaker, a artista j\u00e1 emplacou 11 m\u00fasicas ao mesmo tempo nas<br>principais paradas, sendo 08 delas faixas do seu primeiro audiovisual \u201cMari Fernandez Ao<br>Vivo Em Fortaleza\u201d. O \u00e1lbum ficou em primeiro lugar no Deezer e Mari foi a segunda artista<br>mais ouvida no stream. Seus hits j\u00e1 ultrapassaram fronteiras chegando a mais de 150<br>pa\u00edses. No in\u00edcio de 2023, a cantora fez sua primeira turn\u00ea internacional nos EUA e gravou<br>seu segundo DVD \u201cAo Vivo em S\u00e3o Paulo\u201d.<\/p>\n","protected":false},"excerpt":{"rendered":"<p>Capital mineira foi a cidade escolhida para a primeira edi\u00e7\u00e3o de 2025 do projeto queconquistou&#8230;<\/p>\n","protected":false},"author":1,"featured_media":23623,"comment_status":"open","ping_status":"open","sticky":false,"template":"","format":"standard","meta":{"footnotes":""},"categories":[2],"tags":[],"featured_image_urls":{"full":["https:\/\/novosaopaulo.com.br\/n1\/wp-content\/uploads\/2025\/04\/mari-fernandez-leva-o-seu-acute-mari-no-barzinho-acute-para-belo-horizonte-1.jpg",900,628,false],"thumbnail":["https:\/\/novosaopaulo.com.br\/n1\/wp-content\/uploads\/2025\/04\/mari-fernandez-leva-o-seu-acute-mari-no-barzinho-acute-para-belo-horizonte-1-150x150.jpg",150,150,true],"medium":["https:\/\/novosaopaulo.com.br\/n1\/wp-content\/uploads\/2025\/04\/mari-fernandez-leva-o-seu-acute-mari-no-barzinho-acute-para-belo-horizonte-1-300x209.jpg",300,209,true],"medium_large":["https:\/\/novosaopaulo.com.br\/n1\/wp-content\/uploads\/2025\/04\/mari-fernandez-leva-o-seu-acute-mari-no-barzinho-acute-para-belo-horizonte-1-768x536.jpg",640,447,true],"large":["https:\/\/novosaopaulo.com.br\/n1\/wp-content\/uploads\/2025\/04\/mari-fernandez-leva-o-seu-acute-mari-no-barzinho-acute-para-belo-horizonte-1.jpg",640,447,false],"1536x1536":["https:\/\/novosaopaulo.com.br\/n1\/wp-content\/uploads\/2025\/04\/mari-fernandez-leva-o-seu-acute-mari-no-barzinho-acute-para-belo-horizonte-1.jpg",900,628,false],"2048x2048":["https:\/\/novosaopaulo.com.br\/n1\/wp-content\/uploads\/2025\/04\/mari-fernandez-leva-o-seu-acute-mari-no-barzinho-acute-para-belo-horizonte-1.jpg",900,628,false],"newsever-slider-full":["https:\/\/novosaopaulo.com.br\/n1\/wp-content\/uploads\/2025\/04\/mari-fernandez-leva-o-seu-acute-mari-no-barzinho-acute-para-belo-horizonte-1.jpg",900,628,false],"newsever-featured":["https:\/\/novosaopaulo.com.br\/n1\/wp-content\/uploads\/2025\/04\/mari-fernandez-leva-o-seu-acute-mari-no-barzinho-acute-para-belo-horizonte-1.jpg",900,628,false],"newsever-medium":["https:\/\/novosaopaulo.com.br\/n1\/wp-content\/uploads\/2025\/04\/mari-fernandez-leva-o-seu-acute-mari-no-barzinho-acute-para-belo-horizonte-1-720x475.jpg",720,475,true]},"author_info":{"display_name":"Reda\u00e7\u00e3o","author_link":"https:\/\/novosaopaulo.com.br\/n1\/author\/g5poa\/"},"category_info":"<a href=\"https:\/\/novosaopaulo.com.br\/n1\/category\/cidades\/\" rel=\"category tag\">Cidades<\/a>","tag_info":"Cidades","comment_count":"0","_links":{"self":[{"href":"https:\/\/novosaopaulo.com.br\/n1\/wp-json\/wp\/v2\/posts\/23622"}],"collection":[{"href":"https:\/\/novosaopaulo.com.br\/n1\/wp-json\/wp\/v2\/posts"}],"about":[{"href":"https:\/\/novosaopaulo.com.br\/n1\/wp-json\/wp\/v2\/types\/post"}],"author":[{"embeddable":true,"href":"https:\/\/novosaopaulo.com.br\/n1\/wp-json\/wp\/v2\/users\/1"}],"replies":[{"embeddable":true,"href":"https:\/\/novosaopaulo.com.br\/n1\/wp-json\/wp\/v2\/comments?post=23622"}],"version-history":[{"count":1,"href":"https:\/\/novosaopaulo.com.br\/n1\/wp-json\/wp\/v2\/posts\/23622\/revisions"}],"predecessor-version":[{"id":23624,"href":"https:\/\/novosaopaulo.com.br\/n1\/wp-json\/wp\/v2\/posts\/23622\/revisions\/23624"}],"wp:featuredmedia":[{"embeddable":true,"href":"https:\/\/novosaopaulo.com.br\/n1\/wp-json\/wp\/v2\/media\/23623"}],"wp:attachment":[{"href":"https:\/\/novosaopaulo.com.br\/n1\/wp-json\/wp\/v2\/media?parent=23622"}],"wp:term":[{"taxonomy":"category","embeddable":true,"href":"https:\/\/novosaopaulo.com.br\/n1\/wp-json\/wp\/v2\/categories?post=23622"},{"taxonomy":"post_tag","embeddable":true,"href":"https:\/\/novosaopaulo.com.br\/n1\/wp-json\/wp\/v2\/tags?post=23622"}],"curies":[{"name":"wp","href":"https:\/\/api.w.org\/{rel}","templated":true}]}}