{"id":23613,"date":"2025-04-29T18:27:49","date_gmt":"2025-04-29T21:27:49","guid":{"rendered":"https:\/\/novosaopaulo.com.br\/n1\/?p=23613"},"modified":"2025-04-29T18:27:49","modified_gmt":"2025-04-29T21:27:49","slug":"idealizador-da-escola-civico-militar-tenente-coimbra-projeta-200-unidades-do-tipo-em-sp-ate-2026","status":"publish","type":"post","link":"https:\/\/novosaopaulo.com.br\/n1\/idealizador-da-escola-civico-militar-tenente-coimbra-projeta-200-unidades-do-tipo-em-sp-ate-2026\/","title":{"rendered":"Idealizador da escola c\u00edvico-militar, Tenente Coimbra projeta 200 unidades do tipo em SP at\u00e9 2026"},"content":{"rendered":"\n<p>Deputado estadual pelo PL-SP acompanha de perto a implanta\u00e7\u00e3o no estado da lei complementar de sua autoria; gest\u00e3o de Tarc\u00edsio Gomes de Freitas (Republicanos) anunciou, nessa segunda-feira (28\/4), as cem primeiras unidades da rede estadual que v\u00e3o adotar novo modelo de ensino, a partir de julho deste ano<\/p>\n\n\n\n<p>O deputado estadual Tenente Coimbra (PL-SP), idealizador da lei complementar 1.398\/2024, que institui o Programa das Escolas Ci\u0301vico-Militares no estado, projeta 200 unidades do tipo em funcionamento at\u00e9 2026. Nessa segunda-feira (28\/4), a gesta\u0303o do governador Tarci\u0301sio Gomes de Freitas (Republicanos) anunciou a lista das cem primeiras unidades da rede p\u00fablica estadual que v\u00e3o adotar o novo modelo de ensino a partir de 28\/7 deste ano.<\/p>\n\n\n\n<p>Entre as escolas estaduais selecionadas pela Secretaria da Educac\u0327a\u0303o bandeirante para ter o m\u00e9todo C\u00edvico-Militar, duas s\u00e3o da capital paulista. As demais est\u00e3o descentralizadas na Regi\u00e3o Metropolitana, no ABCD Paulista, no Alto Tiet\u00ea, no Vale do Para\u00edba e no interior paulista.<\/p>\n\n\n\n<p>No m\u00eas passado, o Governo do Estado acelerou a implementa\u00e7\u00e3o desta metodologia de ensino para in\u00edcio em sala de aula j\u00e1 em 2025, ao passo em que aumentou o n\u00famero de escolas a serem contempladas com o m\u00e9todo &#8211; de 45 para cem. De l\u00e1 para c\u00e1, cerca de 300 unidades da rede estadual de S\u00e3o Paulo demonstraram interesse pelo modelo e passaram por consultas p\u00fablicas. Durante o processo, cem foram escolhidas.<\/p>\n\n\n\n<p>A expectativa de Coimbra \u00e9 que, at\u00e9 2026, ser\u00e3o 200 as escolas do tipo em pleno funcionamento em S\u00e3o Paulo:<\/p>\n\n\n\n<p>\u201cUm n\u00famero elevado de unidades de ensino demonstrou interesse em aderir ao m\u00e9todo C\u00edvico-Militar. As cem primeiras escolas selecionadas pelo Estado v\u00e3o adotar a metodologia j\u00e1 no final de julho deste. Nossa perspectiva de amplia\u00e7\u00e3o, a de termos at\u00e9 2026 mais cem escolas do tipo em S\u00e3o Paulo, continua na agenda do governador Tarc\u00edsio (Gomes de Freitas)\u201d, comemora o deputado do PL-SP, que preside a Frente Parlamentar pela Implanta\u00e7\u00e3o das Escolas C\u00edvico-Militares na Assembleia Legislativa do Estado de S\u00e3o Paulo (Alesp).<\/p>\n\n\n\n<p>De acordo com a Secretaria de Estado de Educa\u00e7\u00e3o, o curr\u00edculo das escolas que adotarem o modelo C\u00edvico-Militar n\u00e3o muda em rela\u00e7\u00e3o \u00e0s outras. O gasto com a contrata\u00e7\u00e3o dos monitores, considerando as cem escolas no novo modelo, ser\u00e1 de R$ 7,2 milh\u00f5es:<\/p>\n\n\n\n<p>\u201cO projeto das escolas Ci\u0301vico-Militares foi articulado por nosso mandato ha\u0301 pouco mais de seis anos. O trabalho ganhou ainda mais forc\u0327a com a adesa\u0303o do governador Tarci\u0301sio (Gomes de Freitas) e do secreta\u0301rio de Seguranc\u0327a (Guilherme) Derrite. Mesmo com tantos movimentos contra\u0301rios, inclusive o da Esquerda e de gente desinformada, o Estado acolheu nossa proposta e seguiu com a ideia em Sa\u0303o Paulo, de forma auto\u0302noma\u201d, ressalta Coimbra, que esta\u0301 no segundo mandando na Alesp; e\u0301 1\u00ba tenente do Exe\u0301rcito brasileiro; graduado em Administrac\u0327a\u0303o de Empresas; po\u0301s-graduado em Poli\u0301tica e Estrate\u0301gia, pela Escola Superior de Guerra; e mestrando em Cidades Inteligentes e Sustenta\u0301veis.<\/p>\n","protected":false},"excerpt":{"rendered":"<p>Deputado estadual pelo PL-SP acompanha de perto a implanta\u00e7\u00e3o no estado da lei complementar de&#8230;<\/p>\n","protected":false},"author":1,"featured_media":23614,"comment_status":"open","ping_status":"open","sticky":false,"template":"","format":"standard","meta":{"footnotes":""},"categories":[2],"tags":[],"featured_image_urls":{"full":["https:\/\/novosaopaulo.com.br\/n1\/wp-content\/uploads\/2025\/04\/WhatsApp-Image-2025-04-29-at-14.10.28.jpeg",1046,666,false],"thumbnail":["https:\/\/novosaopaulo.com.br\/n1\/wp-content\/uploads\/2025\/04\/WhatsApp-Image-2025-04-29-at-14.10.28-150x150.jpeg",150,150,true],"medium":["https:\/\/novosaopaulo.com.br\/n1\/wp-content\/uploads\/2025\/04\/WhatsApp-Image-2025-04-29-at-14.10.28-300x191.jpeg",300,191,true],"medium_large":["https:\/\/novosaopaulo.com.br\/n1\/wp-content\/uploads\/2025\/04\/WhatsApp-Image-2025-04-29-at-14.10.28-768x489.jpeg",640,408,true],"large":["https:\/\/novosaopaulo.com.br\/n1\/wp-content\/uploads\/2025\/04\/WhatsApp-Image-2025-04-29-at-14.10.28-1024x652.jpeg",640,408,true],"1536x1536":["https:\/\/novosaopaulo.com.br\/n1\/wp-content\/uploads\/2025\/04\/WhatsApp-Image-2025-04-29-at-14.10.28.jpeg",1046,666,false],"2048x2048":["https:\/\/novosaopaulo.com.br\/n1\/wp-content\/uploads\/2025\/04\/WhatsApp-Image-2025-04-29-at-14.10.28.jpeg",1046,666,false],"newsever-slider-full":["https:\/\/novosaopaulo.com.br\/n1\/wp-content\/uploads\/2025\/04\/WhatsApp-Image-2025-04-29-at-14.10.28.jpeg",1046,666,false],"newsever-featured":["https:\/\/novosaopaulo.com.br\/n1\/wp-content\/uploads\/2025\/04\/WhatsApp-Image-2025-04-29-at-14.10.28-1024x652.jpeg",1024,652,true],"newsever-medium":["https:\/\/novosaopaulo.com.br\/n1\/wp-content\/uploads\/2025\/04\/WhatsApp-Image-2025-04-29-at-14.10.28-720x475.jpeg",720,475,true]},"author_info":{"display_name":"Reda\u00e7\u00e3o","author_link":"https:\/\/novosaopaulo.com.br\/n1\/author\/g5poa\/"},"category_info":"<a href=\"https:\/\/novosaopaulo.com.br\/n1\/category\/cidades\/\" rel=\"category tag\">Cidades<\/a>","tag_info":"Cidades","comment_count":"0","_links":{"self":[{"href":"https:\/\/novosaopaulo.com.br\/n1\/wp-json\/wp\/v2\/posts\/23613"}],"collection":[{"href":"https:\/\/novosaopaulo.com.br\/n1\/wp-json\/wp\/v2\/posts"}],"about":[{"href":"https:\/\/novosaopaulo.com.br\/n1\/wp-json\/wp\/v2\/types\/post"}],"author":[{"embeddable":true,"href":"https:\/\/novosaopaulo.com.br\/n1\/wp-json\/wp\/v2\/users\/1"}],"replies":[{"embeddable":true,"href":"https:\/\/novosaopaulo.com.br\/n1\/wp-json\/wp\/v2\/comments?post=23613"}],"version-history":[{"count":1,"href":"https:\/\/novosaopaulo.com.br\/n1\/wp-json\/wp\/v2\/posts\/23613\/revisions"}],"predecessor-version":[{"id":23615,"href":"https:\/\/novosaopaulo.com.br\/n1\/wp-json\/wp\/v2\/posts\/23613\/revisions\/23615"}],"wp:featuredmedia":[{"embeddable":true,"href":"https:\/\/novosaopaulo.com.br\/n1\/wp-json\/wp\/v2\/media\/23614"}],"wp:attachment":[{"href":"https:\/\/novosaopaulo.com.br\/n1\/wp-json\/wp\/v2\/media?parent=23613"}],"wp:term":[{"taxonomy":"category","embeddable":true,"href":"https:\/\/novosaopaulo.com.br\/n1\/wp-json\/wp\/v2\/categories?post=23613"},{"taxonomy":"post_tag","embeddable":true,"href":"https:\/\/novosaopaulo.com.br\/n1\/wp-json\/wp\/v2\/tags?post=23613"}],"curies":[{"name":"wp","href":"https:\/\/api.w.org\/{rel}","templated":true}]}}