{"id":23605,"date":"2025-04-28T20:57:34","date_gmt":"2025-04-28T23:57:34","guid":{"rendered":"https:\/\/novosaopaulo.com.br\/n1\/?p=23605"},"modified":"2025-04-28T20:57:35","modified_gmt":"2025-04-28T23:57:35","slug":"projeto-socioeducacional-transforma-a-vida-de-catadores-em-sp-com-formacao-e-novos-cursos-tecnicos","status":"publish","type":"post","link":"https:\/\/novosaopaulo.com.br\/n1\/projeto-socioeducacional-transforma-a-vida-de-catadores-em-sp-com-formacao-e-novos-cursos-tecnicos\/","title":{"rendered":"Projeto socioeducacional transforma a vida de catadores em SP com forma\u00e7\u00e3o e novos cursos t\u00e9cnicos"},"content":{"rendered":"\n<p>Iniciativa \u2018Ser Mais, Ser Juntos\u2019 celebra primeira turma formada e expande oportunidades de educa\u00e7\u00e3o e profissionaliza\u00e7\u00e3o para trabalhadores da reciclagem<\/p>\n\n\n\n<p>No pr\u00f3ximo dia 5 de maio, segunda-feira, 37 catadores e catadoras de cooperativas de S\u00e3o Paulo receber\u00e3o diplomas de conclus\u00e3o do ensino b\u00e1sico em cerim\u00f4nia na Casa do Cooperativismo Paulista. Eles fazem parte do projeto &#8220;Ser Mais, Ser Juntos&#8221;, iniciativa que nasceu em 2023 a partir de um diagn\u00f3stico com cooperativas de reciclagem da capital. A pesquisa mapeou a escolaridade dos cooperados e revelou que 70% dos que n\u00e3o haviam conclu\u00eddo os estudos desejavam obter o diploma \u2013 demanda que deu origem ao programa. Combinando EJA (Educa\u00e7\u00e3o de Jovens e Adultos), metodologia Paulo Freire e cursos t\u00e9cnicos do SENAI, com selo de qualidade do MEC, o projeto celebra agora sua primeira turma formada e anuncia o in\u00edcio da pr\u00f3xima, em 2025, com 62 novos matriculados.<\/p>\n\n\n\n<p>Com o objetivo de expandir o acesso \u00e0 educa\u00e7\u00e3o, as novas vagas para este ano incluem tanto EJA (Fundamental II e M\u00e9dio) quanto cursos t\u00e9cnicos do SENAI, e s\u00e3o voltadas exclusivamente para esses trabalhadores, muitos dos quais nunca tiveram acesso a educa\u00e7\u00e3o de qualidade. O projeto j\u00e1 beneficia 16 cooperativas da regi\u00e3o metropolitana.<\/p>\n\n\n\n<p>A iniciativa \u00e9 liderada pela Fepacoore, em parceria com a Eco Cultural, e conta com apoio pedag\u00f3gico do SESI\/SENAI. Juntas, essas entidades estruturam uma forma\u00e7\u00e3o completa, com encontros presenciais regulares, acesso \u00e0 internet, tutoria individualizada, ajuda de custo para transporte e alimenta\u00e7\u00e3o e cursos t\u00e9cnicos. O objetivo \u00e9 garantir a conclus\u00e3o dos estudos e, ao mesmo tempo, ampliar as possibilidades de trabalho e gera\u00e7\u00e3o de renda para esses profissionais.<\/p>\n\n\n\n<p>\u201cQuando um catador cooperado entende seu papel na economia circular, ele deixa de ser visto como agente informal e passa a ocupar um lugar de protagonismo social\u201d, afirma Jair do Amaral, Diretor Presidente da Fepacoore. Com 25 anos de experi\u00eancia em projetos socioambientais, Amaral destaca que o conhecimento precisa estar alinhado com a realidade dos cooperados: \u201cNosso papel \u00e9 garantir que o aprendizado seja acess\u00edvel e conectado ao cotidiano desses trabalhadores.\u201d<\/p>\n\n\n\n<p>\u201cA forma\u00e7\u00e3o transforma n\u00e3o apenas o profissional, mas tamb\u00e9m a autoestima dos trabalhadores. Ver um catador cooperado subir ao palco para receber seu certificado \u00e9 um reconhecimento p\u00fablico de sua trajet\u00f3ria e de sua luta, refor\u00e7ando o sentimento de pertencimento a um sistema maior que valoriza e respeita seu trabalho&#8221;, afirma Cristiana Abirached, presidente da Eco Cultural.<\/p>\n\n\n\n<p>O projeto reafirma o compromisso com o quinto princ\u00edpio do cooperativismo \u2014 educa\u00e7\u00e3o, forma\u00e7\u00e3o e informa\u00e7\u00e3o \u2014 e est\u00e1 alinhado aos Objetivos do Desenvolvimento Sustent\u00e1vel (ODS) da ONU, especialmente nos temas de educa\u00e7\u00e3o de qualidade, redu\u00e7\u00e3o das desigualdades e trabalho decente. A cria\u00e7\u00e3o e expans\u00e3o da iniciativa respondem diretamente \u00e0 demanda por acesso \u00e0 educa\u00e7\u00e3o e qualifica\u00e7\u00e3o profissional entre os trabalhadores da reciclagem.<\/p>\n\n\n\n<p>Perfil dos Alunos<\/p>\n\n\n\n<p>O projeto atende, em sua maioria, mulheres (66%), com 57,1% de alunos autodeclarados pardos e 30,2% negros. A faixa et\u00e1ria dos participantes \u00e9 distribu\u00edda da seguinte forma: 14,3% t\u00eam entre 18 e 25 anos, 34,9% est\u00e3o na faixa dos 26 a 35 anos, 28,6% t\u00eam entre 36 e 45 anos, 9,5% est\u00e3o na faixa dos 46 a 50 anos e 12,7% t\u00eam 51 anos ou mais. Apesar de 83% dos participantes terem gostado da escola na inf\u00e2ncia, os desafios em \u00e1reas como matem\u00e1tica (43%) e gram\u00e1tica (30%) indicam a necessidade de uma abordagem pedag\u00f3gica adaptada \u00e0s dificuldades espec\u00edficas dos alunos.<\/p>\n\n\n\n<p>\u201cEsses dados refor\u00e7am que n\u00e3o se trata apenas de oferecer uma vaga em sala de aula, mas de construir um ambiente de aprendizagem que respeite a trajet\u00f3ria de cada um\u201d, avalia Jair do Amaral. \u201cMuitos deles interromperam os estudos por necessidade de trabalho ou falta de acesso \u00e0 educa\u00e7\u00e3o. Por isso, nosso foco \u00e9 oferecer uma forma\u00e7\u00e3o que seja acess\u00edvel, pr\u00e1tica e conectada com a realidade do dia a dia, promovendo n\u00e3o s\u00f3 o aprendizado, mas tamb\u00e9m a valoriza\u00e7\u00e3o do papel desses trabalhadores na sociedade.\u201d<\/p>\n\n\n\n<p>Turma 2025<\/p>\n\n\n\n<p>Os crit\u00e9rios de sele\u00e7\u00e3o levaram em conta a documenta\u00e7\u00e3o regular, o tempo de atua\u00e7\u00e3o nas cooperativas e o interesse demonstrado pelos candidatos em retomar os estudos. Dos 62 alunos j\u00e1 matriculados para a nova turma 2025, 28 s\u00e3o para o Ensino Fundamental II e 34 para o Ensino M\u00e9dio, sendo que 17 do ensino m\u00e9dio, s\u00e3o alunos da turma de 2024, que conclu\u00edram o Fundamental II e seguem agora para o Ensino M\u00e9dio.<\/p>\n\n\n\n<p>A forma\u00e7\u00e3o ser\u00e1 oferecida em tr\u00eas unidades do SESI: Leopoldina (43 alunos), A.E. Carvalho (16) e Guarulhos (3). A meta \u00e9 atingir 70% de aproveitamento entre os matriculados, com \u00edndice de desist\u00eancia volunt\u00e1ria inferior a 2%, resultado que reflete o alto n\u00edvel de engajamento dos participantes. Ao todo, 16 cooperativas est\u00e3o envolvidas nesta nova fase do projeto.<\/p>\n\n\n\n<p>O projeto conta com uma equipe multidisciplinar de educadores, gestores, consultores e t\u00e9cnicos com ampla experi\u00eancia em iniciativas socioambientais, cooperativismo e educa\u00e7\u00e3o popular. Al\u00e9m de Jair do Amaral e Cristiana Abirached, integram a equipe: Fernando Frias, psic\u00f3logo e educador com especializa\u00e7\u00e3o em metodologias freirianas; Telines Bas\u00edlio e Alex Luiz Pereira, com atua\u00e7\u00e3o destacada na gest\u00e3o de cooperativas e representatividade em entidades do setor; a consultora Majorie Peralta, especialista em log\u00edstica reversa e indicadores ESG; e os t\u00e9cnicos Rita Nascimento, Aline Silveira e Artur Zaina, com experi\u00eancia em projetos socioambientais e culturais.<\/p>\n\n\n\n<p>A estrutura pedag\u00f3gica inclui ainda tutores e assistente social, que ser\u00e3o selecionados para oferecer suporte cont\u00ednuo aos estudantes, fortalecendo a perman\u00eancia e o desempenho nas atividades.<\/p>\n\n\n\n<p>&#8220;O programa inclui visitas t\u00e9cnicas que refor\u00e7am o aprendizado, oferecendo aos cooperados oportunidades de crescimento e novas perspectivas no mercado de trabalho. A maioria dos participantes v\u00ea na conclus\u00e3o dos estudos a possibilidade de melhorar suas condi\u00e7\u00f5es de vida, desenvolver novas compet\u00eancias e inspirar suas fam\u00edlias e comunidades&#8221;, enfatiza Alex Luiz Pereira, diretor da Fepacoore e conselheiro do SESCOOP\/SP.<\/p>\n\n\n\n<p>Patroc\u00ednio e Apoio<\/p>\n\n\n\n<p>O projeto conta com o patroc\u00ednio de Tetra Pak, FUPLASTIC, Papirus, Coca-Cola FEMSA Brasil e M\u00e3os Pro Futuro, al\u00e9m do apoio institucional de CONATREC, Rede Sul, SESI\/SENAI e Sistema Ocesp.<\/p>\n\n\n\n<p>SERVI\u00c7O:<\/p>\n\n\n\n<p>Cerim\u00f4nia de formatura de 37 catadores cooperados que conclu\u00edram o EJA pelo projeto &#8220;Ser Mais, Ser Juntos 2024&#8221;, com lan\u00e7amento da turma 2025, que conta com 62 alunos matriculados para os Ensinos Fundamental II e M\u00e9dio.<\/p>\n\n\n\n<p>Data: 5 de maio de 2025 (segunda-feira)<\/p>\n\n\n\n<p>Hor\u00e1rio: 14h \u00e0s 19h<\/p>\n\n\n\n<p>Programa\u00e7\u00e3o: 14h | Recep\u00e7\u00e3o com caf\u00e9 \/ 15h | Cerim\u00f4nia de formatura (turma 2024) \/ 16h30 | Lan\u00e7amento da turma 2025 \/18h | Coquetel<\/p>\n\n\n\n<p>Local: Casa do Cooperativismo Paulista &#8211; (Sistema OCESP)<\/p>\n\n\n\n<p>Endere\u00e7o: Rua Treze de Maio, 1376 &#8211; Bela Vista, S\u00e3o Paulo<\/p>\n\n\n\n<p>Realiza\u00e7\u00e3o: Fepacoore (Federa\u00e7\u00e3o Paulista das Cooperativas de Reciclagem) e Eco Cultural (OSC)<\/p>\n\n\n\n<p>Apoio: CONATREC, Rede Sul, SESI\/SENAI, Sistema Ocesp<\/p>\n\n\n\n<p>Patroc\u00ednio: Tetra Pak, FUPLASTIC, Papirus, Coca-Cola FEMSA Brasil, M\u00e3o Pro Futuro<\/p>\n","protected":false},"excerpt":{"rendered":"<p>Iniciativa \u2018Ser Mais, Ser Juntos\u2019 celebra primeira turma formada e expande oportunidades de educa\u00e7\u00e3o e&#8230;<\/p>\n","protected":false},"author":1,"featured_media":23606,"comment_status":"open","ping_status":"open","sticky":false,"template":"","format":"standard","meta":{"footnotes":""},"categories":[2],"tags":[],"featured_image_urls":{"full":["https:\/\/novosaopaulo.com.br\/n1\/wp-content\/uploads\/2025\/04\/formacao_nucleo-1.jpg",1150,647,false],"thumbnail":["https:\/\/novosaopaulo.com.br\/n1\/wp-content\/uploads\/2025\/04\/formacao_nucleo-1-150x150.jpg",150,150,true],"medium":["https:\/\/novosaopaulo.com.br\/n1\/wp-content\/uploads\/2025\/04\/formacao_nucleo-1-300x169.jpg",300,169,true],"medium_large":["https:\/\/novosaopaulo.com.br\/n1\/wp-content\/uploads\/2025\/04\/formacao_nucleo-1-768x432.jpg",640,360,true],"large":["https:\/\/novosaopaulo.com.br\/n1\/wp-content\/uploads\/2025\/04\/formacao_nucleo-1-1024x576.jpg",640,360,true],"1536x1536":["https:\/\/novosaopaulo.com.br\/n1\/wp-content\/uploads\/2025\/04\/formacao_nucleo-1.jpg",1150,647,false],"2048x2048":["https:\/\/novosaopaulo.com.br\/n1\/wp-content\/uploads\/2025\/04\/formacao_nucleo-1.jpg",1150,647,false],"newsever-slider-full":["https:\/\/novosaopaulo.com.br\/n1\/wp-content\/uploads\/2025\/04\/formacao_nucleo-1.jpg",1150,647,false],"newsever-featured":["https:\/\/novosaopaulo.com.br\/n1\/wp-content\/uploads\/2025\/04\/formacao_nucleo-1-1024x576.jpg",1024,576,true],"newsever-medium":["https:\/\/novosaopaulo.com.br\/n1\/wp-content\/uploads\/2025\/04\/formacao_nucleo-1-720x475.jpg",720,475,true]},"author_info":{"display_name":"Reda\u00e7\u00e3o","author_link":"https:\/\/novosaopaulo.com.br\/n1\/author\/g5poa\/"},"category_info":"<a href=\"https:\/\/novosaopaulo.com.br\/n1\/category\/cidades\/\" rel=\"category tag\">Cidades<\/a>","tag_info":"Cidades","comment_count":"0","_links":{"self":[{"href":"https:\/\/novosaopaulo.com.br\/n1\/wp-json\/wp\/v2\/posts\/23605"}],"collection":[{"href":"https:\/\/novosaopaulo.com.br\/n1\/wp-json\/wp\/v2\/posts"}],"about":[{"href":"https:\/\/novosaopaulo.com.br\/n1\/wp-json\/wp\/v2\/types\/post"}],"author":[{"embeddable":true,"href":"https:\/\/novosaopaulo.com.br\/n1\/wp-json\/wp\/v2\/users\/1"}],"replies":[{"embeddable":true,"href":"https:\/\/novosaopaulo.com.br\/n1\/wp-json\/wp\/v2\/comments?post=23605"}],"version-history":[{"count":1,"href":"https:\/\/novosaopaulo.com.br\/n1\/wp-json\/wp\/v2\/posts\/23605\/revisions"}],"predecessor-version":[{"id":23607,"href":"https:\/\/novosaopaulo.com.br\/n1\/wp-json\/wp\/v2\/posts\/23605\/revisions\/23607"}],"wp:featuredmedia":[{"embeddable":true,"href":"https:\/\/novosaopaulo.com.br\/n1\/wp-json\/wp\/v2\/media\/23606"}],"wp:attachment":[{"href":"https:\/\/novosaopaulo.com.br\/n1\/wp-json\/wp\/v2\/media?parent=23605"}],"wp:term":[{"taxonomy":"category","embeddable":true,"href":"https:\/\/novosaopaulo.com.br\/n1\/wp-json\/wp\/v2\/categories?post=23605"},{"taxonomy":"post_tag","embeddable":true,"href":"https:\/\/novosaopaulo.com.br\/n1\/wp-json\/wp\/v2\/tags?post=23605"}],"curies":[{"name":"wp","href":"https:\/\/api.w.org\/{rel}","templated":true}]}}