{"id":23599,"date":"2025-04-28T19:52:47","date_gmt":"2025-04-28T22:52:47","guid":{"rendered":"https:\/\/novosaopaulo.com.br\/n1\/?p=23599"},"modified":"2025-04-28T19:52:47","modified_gmt":"2025-04-28T22:52:47","slug":"ortopedista-pediatrico-do-imot-traz-orientacoes-sobre-tratamento-de-pacientes-com-tea","status":"publish","type":"post","link":"https:\/\/novosaopaulo.com.br\/n1\/ortopedista-pediatrico-do-imot-traz-orientacoes-sobre-tratamento-de-pacientes-com-tea\/","title":{"rendered":"Ortopedista pedi\u00e1trico do Imot traz orienta\u00e7\u00f5es sobre tratamento de pacientes com TEA"},"content":{"rendered":"\n<p>M\u00e9dico Rodrigo Sbeghen faz alerta sobre altera\u00e7\u00f5es motoras e ortop\u00e9dicas que impactam boa parte das pessoas com autismo<\/p>\n\n\n\n<p>No m\u00eas de conscientiza\u00e7\u00e3o sobre o autismo, com o movimento Abril Azul, o Imot, de Mogi das Cruzes, contribui com informa\u00e7\u00f5es para a inclus\u00e3o das pessoas com Transtorno do Espectro Autista (TEA). Um dos tratamentos oferecidos pela unidade \u00e9 voltado \u00e0s altera\u00e7\u00f5es motoras e ortop\u00e9dicas, comuns nesse p\u00fablico. O ortopedista pedi\u00e1trico Rodrigo Sbeghen destaca como mais frequentes a marcha na ponta dos p\u00e9s e a tens\u00e3o permanente no tend\u00e3o da panturrilha.<\/p>\n\n\n\n<p>O TEA afeta aproximadamente 2% da popula\u00e7\u00e3o mundial e se manifesta precocemente, ainda na inf\u00e2ncia. O m\u00e9dico Rodrigo Sbeghen, que \u00e9 membro titular da Sociedade Brasileira de Ortopedia Pedi\u00e1trica, faz um alerta sobre a import\u00e2ncia do acompanhamento motor em pessoas com autismo. O especialista do Imot ressalta que, embora a principal aten\u00e7\u00e3o cl\u00ednica esteja voltada para os aspectos cognitivos e comportamentais, a avalia\u00e7\u00e3o motora e musculoesquel\u00e9tica tamb\u00e9m merece aten\u00e7\u00e3o:<\/p>\n\n\n\n<p>\u201cAs altera\u00e7\u00f5es musculoesquel\u00e9ticas, quando n\u00e3o tratadas adequadamente, podem comprometer o desenvolvimento motor, a independ\u00eancia funcional e o bem-estar geral do paciente\u201d, afirma o especialista.<\/p>\n\n\n\n<p>Segundo Sbeghen, a marcha na ponta dos p\u00e9s \u00e9 uma das altera\u00e7\u00f5es mais comuns em crian\u00e7as com TEA, e pode ocorrer por diversos motivos, entre eles: hipersensibilidade t\u00e1til plantar; busca sensorial ou padr\u00f5es motores repetitivos; hipertonia (tens\u00e3o permanente) ou espasticidade dos m\u00fasculos da panturrilha; e encurtamento do tend\u00e3o de Aquiles.<\/p>\n\n\n\n<p>\u201cQuanto ao tratamento, a indica\u00e7\u00e3o \u00e9 realizar sess\u00f5es de fisioterapia com foco em alongamento do tr\u00edceps sural, exerc\u00edcios de dorsiflex\u00e3o ativa e propriocep\u00e7\u00e3o\u201d, acrescenta o m\u00e9dico.<\/p>\n\n\n\n<p>Alinhado a isso, o ortopedista pedi\u00e1trico do Imot cita como fundamental a interven\u00e7\u00e3o de terapia ocupacional voltada para regula\u00e7\u00e3o sensorial, com est\u00edmulos t\u00e1teis e integra\u00e7\u00e3o sensorial plantar. \u00d3rteses para manter o p\u00e9 na posi\u00e7\u00e3o correta tamb\u00e9m podem ser associadas ao tratamento.<\/p>\n\n\n\n<p>De acordo com o especialista, o uso de toxina botul\u00ednica tipo A pode auxiliar no alongamento muscular. J\u00e1 a indica\u00e7\u00e3o cir\u00fargica ocorre em casos mais complexos, nos quais n\u00e3o h\u00e1 resposta ao tratamento convencional e ocorre comprometimento significativo do movimento e das atividades di\u00e1rias.<\/p>\n\n\n\n<p>Sobre o Imot<\/p>\n\n\n\n<p>Fundado em 1976, o Imot \u00e9 um dos maiores institutos especializados em ortopedia e traumatologia do Brasil, com pronto atendimento di\u00e1rio na unidade de Mogi das Cruzes. Oferece consultas, fisioterapia, hidroterapia e diversos tratamentos especializados, al\u00e9m da Imot Care, com cuidados inter e multidisciplinares, e o Imot MovSa\u00fade, com servi\u00e7os exclusivos e inovadores.<\/p>\n\n\n\n<p>O Imot est\u00e1 localizado na Rua Otto Unger, 433, Centro, Mogi das Cruzes. Mais informa\u00e7\u00f5es: telefone (11) 4728-3420, no site e nas redes sociais (@clinicaimot). Em Suzano, o endere\u00e7o \u00e9 Rua Augusta Aparecida Carvalho Morais, 250, Jardim Santa Helena. Telefone: (11) 4741-3333.<\/p>\n","protected":false},"excerpt":{"rendered":"<p>M\u00e9dico Rodrigo Sbeghen faz alerta sobre altera\u00e7\u00f5es motoras e ortop\u00e9dicas que impactam boa parte das&#8230;<\/p>\n","protected":false},"author":1,"featured_media":23600,"comment_status":"open","ping_status":"open","sticky":false,"template":"","format":"standard","meta":{"footnotes":""},"categories":[9,43],"tags":[],"featured_image_urls":{"full":["https:\/\/novosaopaulo.com.br\/n1\/wp-content\/uploads\/2025\/04\/WhatsApp-Image-2025-04-28-at-17.54.34-1.jpeg",640,480,false],"thumbnail":["https:\/\/novosaopaulo.com.br\/n1\/wp-content\/uploads\/2025\/04\/WhatsApp-Image-2025-04-28-at-17.54.34-1-150x150.jpeg",150,150,true],"medium":["https:\/\/novosaopaulo.com.br\/n1\/wp-content\/uploads\/2025\/04\/WhatsApp-Image-2025-04-28-at-17.54.34-1-300x225.jpeg",300,225,true],"medium_large":["https:\/\/novosaopaulo.com.br\/n1\/wp-content\/uploads\/2025\/04\/WhatsApp-Image-2025-04-28-at-17.54.34-1.jpeg",640,480,false],"large":["https:\/\/novosaopaulo.com.br\/n1\/wp-content\/uploads\/2025\/04\/WhatsApp-Image-2025-04-28-at-17.54.34-1.jpeg",640,480,false],"1536x1536":["https:\/\/novosaopaulo.com.br\/n1\/wp-content\/uploads\/2025\/04\/WhatsApp-Image-2025-04-28-at-17.54.34-1.jpeg",640,480,false],"2048x2048":["https:\/\/novosaopaulo.com.br\/n1\/wp-content\/uploads\/2025\/04\/WhatsApp-Image-2025-04-28-at-17.54.34-1.jpeg",640,480,false],"newsever-slider-full":["https:\/\/novosaopaulo.com.br\/n1\/wp-content\/uploads\/2025\/04\/WhatsApp-Image-2025-04-28-at-17.54.34-1.jpeg",640,480,false],"newsever-featured":["https:\/\/novosaopaulo.com.br\/n1\/wp-content\/uploads\/2025\/04\/WhatsApp-Image-2025-04-28-at-17.54.34-1.jpeg",640,480,false],"newsever-medium":["https:\/\/novosaopaulo.com.br\/n1\/wp-content\/uploads\/2025\/04\/WhatsApp-Image-2025-04-28-at-17.54.34-1-640x475.jpeg",640,475,true]},"author_info":{"display_name":"Reda\u00e7\u00e3o","author_link":"https:\/\/novosaopaulo.com.br\/n1\/author\/g5poa\/"},"category_info":"<a href=\"https:\/\/novosaopaulo.com.br\/n1\/category\/geral\/\" rel=\"category tag\">Geral<\/a> <a href=\"https:\/\/novosaopaulo.com.br\/n1\/category\/saude\/\" rel=\"category tag\">Sa\u00fade<\/a>","tag_info":"Sa\u00fade","comment_count":"0","_links":{"self":[{"href":"https:\/\/novosaopaulo.com.br\/n1\/wp-json\/wp\/v2\/posts\/23599"}],"collection":[{"href":"https:\/\/novosaopaulo.com.br\/n1\/wp-json\/wp\/v2\/posts"}],"about":[{"href":"https:\/\/novosaopaulo.com.br\/n1\/wp-json\/wp\/v2\/types\/post"}],"author":[{"embeddable":true,"href":"https:\/\/novosaopaulo.com.br\/n1\/wp-json\/wp\/v2\/users\/1"}],"replies":[{"embeddable":true,"href":"https:\/\/novosaopaulo.com.br\/n1\/wp-json\/wp\/v2\/comments?post=23599"}],"version-history":[{"count":1,"href":"https:\/\/novosaopaulo.com.br\/n1\/wp-json\/wp\/v2\/posts\/23599\/revisions"}],"predecessor-version":[{"id":23601,"href":"https:\/\/novosaopaulo.com.br\/n1\/wp-json\/wp\/v2\/posts\/23599\/revisions\/23601"}],"wp:featuredmedia":[{"embeddable":true,"href":"https:\/\/novosaopaulo.com.br\/n1\/wp-json\/wp\/v2\/media\/23600"}],"wp:attachment":[{"href":"https:\/\/novosaopaulo.com.br\/n1\/wp-json\/wp\/v2\/media?parent=23599"}],"wp:term":[{"taxonomy":"category","embeddable":true,"href":"https:\/\/novosaopaulo.com.br\/n1\/wp-json\/wp\/v2\/categories?post=23599"},{"taxonomy":"post_tag","embeddable":true,"href":"https:\/\/novosaopaulo.com.br\/n1\/wp-json\/wp\/v2\/tags?post=23599"}],"curies":[{"name":"wp","href":"https:\/\/api.w.org\/{rel}","templated":true}]}}