{"id":23592,"date":"2025-04-28T17:43:29","date_gmt":"2025-04-28T20:43:29","guid":{"rendered":"https:\/\/novosaopaulo.com.br\/n1\/?p=23592"},"modified":"2025-04-28T17:43:30","modified_gmt":"2025-04-28T20:43:30","slug":"camara-de-suzano-tera-pontos-de-coleta-para-a-campanha-do-agasalho","status":"publish","type":"post","link":"https:\/\/novosaopaulo.com.br\/n1\/camara-de-suzano-tera-pontos-de-coleta-para-a-campanha-do-agasalho\/","title":{"rendered":"C\u00e2mara de Suzano ter\u00e1 pontos de coleta para a Campanha do Agasalho"},"content":{"rendered":"\n<p>Para ajudar na arrecada\u00e7\u00e3o da Campanha do Agasalho deste ano, a C\u00e2mara de Suzano ter\u00e1 pontos de coleta nos gabinetes dos vereadores. A expectativa da administra\u00e7\u00e3o municipal \u00e9 arrecadar 150 mil pe\u00e7as. Na tarde de ontem (25), o lan\u00e7amento da campanha foi realizado no Cineteatro Wilma Bentivegna, que ficou lotado.<br>Os vereadores Artur Takayama (PL), Josias Ferreira Silva (PCdoB), o Josias Mineiro; Jo\u00e3o Batista Nogueira de Azevedo (PRD), o Jo\u00e3o Sabugo; Jos\u00e9 de Oliveira Lima (MDB), o Z\u00e9 Oliveira; Benedito dos Santos Moraes (MDB), o Inhame; e Adilson de Lima Franco (Uni\u00e3o), o Adilson Horse, participaram da atividade, que tamb\u00e9m contou com a presen\u00e7a do prefeito Pedro Ishi (PL) e da primeira-dama, D\u00e9borah Raffoul Ishi. Ela ser\u00e1 respons\u00e1vel pela condu\u00e7\u00e3o da campanha, por meio do Fundo Social de Solidariedade.<br>D\u00e9borah e Pedro agradeceram o apoio do Legislativo \u00e0s a\u00e7\u00f5es da Prefeitura. \u201cEsta \u00e9 uma das principais campanhas do ano, e agrade\u00e7o muito o apoio\u201d, disse a primeira-dama. \u201cA C\u00e2mara tem sido fundamental para o crescimento de Suzano\u201d, destacou o prefeito.<br>Durante o evento, Takayama demonstrou otimismo com a campanha. \u201cCom esse batalh\u00e3o de pessoas ajudando, n\u00e3o tem como dar errado. A campanha ser\u00e1 um sucesso, e a C\u00e2mara vai colaborar, com pontos de coleta em cada gabinete\u201d, afirmou o vereador.<br>Doa\u00e7\u00f5es<br>A partir de agora, a administra\u00e7\u00e3o municipal, com apoio do Tiro de Guerra, vai arrecadar cobertores e roupas em bom estado em cerca de cem pontos de coleta espalhados pela cidade. Todos os itens passar\u00e3o por uma triagem antes de serem disponibilizados nos bazares solid\u00e1rios, que acontecer\u00e3o em v\u00e1rias regi\u00f5es do munic\u00edpio.<br>O Fundo Social refor\u00e7a a import\u00e2ncia de doar pe\u00e7as masculinas, que costumam ser em menor n\u00famero em rela\u00e7\u00e3o \u00e0s femininas. Neste ano, tamb\u00e9m ser\u00e1 poss\u00edvel doar len\u00e7os e toucas de l\u00e3 para a Rede Feminina de Combate ao C\u00e2ncer.<\/p>\n\n\n\n<p>Cr\u00e9dito das fotos: Luana Bergamini\/Secop Suzano<\/p>\n","protected":false},"excerpt":{"rendered":"<p>Para ajudar na arrecada\u00e7\u00e3o da Campanha do Agasalho deste ano, a C\u00e2mara de Suzano ter\u00e1&#8230;<\/p>\n","protected":false},"author":1,"featured_media":23593,"comment_status":"open","ping_status":"open","sticky":false,"template":"","format":"standard","meta":{"footnotes":""},"categories":[34],"tags":[],"featured_image_urls":{"full":["https:\/\/novosaopaulo.com.br\/n1\/wp-content\/uploads\/2025\/04\/Inicio-da-Campanha-do-Agasalho-3.jpg",600,400,false],"thumbnail":["https:\/\/novosaopaulo.com.br\/n1\/wp-content\/uploads\/2025\/04\/Inicio-da-Campanha-do-Agasalho-3-150x150.jpg",150,150,true],"medium":["https:\/\/novosaopaulo.com.br\/n1\/wp-content\/uploads\/2025\/04\/Inicio-da-Campanha-do-Agasalho-3-300x200.jpg",300,200,true],"medium_large":["https:\/\/novosaopaulo.com.br\/n1\/wp-content\/uploads\/2025\/04\/Inicio-da-Campanha-do-Agasalho-3.jpg",600,400,false],"large":["https:\/\/novosaopaulo.com.br\/n1\/wp-content\/uploads\/2025\/04\/Inicio-da-Campanha-do-Agasalho-3.jpg",600,400,false],"1536x1536":["https:\/\/novosaopaulo.com.br\/n1\/wp-content\/uploads\/2025\/04\/Inicio-da-Campanha-do-Agasalho-3.jpg",600,400,false],"2048x2048":["https:\/\/novosaopaulo.com.br\/n1\/wp-content\/uploads\/2025\/04\/Inicio-da-Campanha-do-Agasalho-3.jpg",600,400,false],"newsever-slider-full":["https:\/\/novosaopaulo.com.br\/n1\/wp-content\/uploads\/2025\/04\/Inicio-da-Campanha-do-Agasalho-3.jpg",600,400,false],"newsever-featured":["https:\/\/novosaopaulo.com.br\/n1\/wp-content\/uploads\/2025\/04\/Inicio-da-Campanha-do-Agasalho-3.jpg",600,400,false],"newsever-medium":["https:\/\/novosaopaulo.com.br\/n1\/wp-content\/uploads\/2025\/04\/Inicio-da-Campanha-do-Agasalho-3.jpg",600,400,false]},"author_info":{"display_name":"Reda\u00e7\u00e3o","author_link":"https:\/\/novosaopaulo.com.br\/n1\/author\/g5poa\/"},"category_info":"<a href=\"https:\/\/novosaopaulo.com.br\/n1\/category\/alto-tiete\/\" rel=\"category tag\">Alto Tiet\u00ea<\/a>","tag_info":"Alto Tiet\u00ea","comment_count":"0","_links":{"self":[{"href":"https:\/\/novosaopaulo.com.br\/n1\/wp-json\/wp\/v2\/posts\/23592"}],"collection":[{"href":"https:\/\/novosaopaulo.com.br\/n1\/wp-json\/wp\/v2\/posts"}],"about":[{"href":"https:\/\/novosaopaulo.com.br\/n1\/wp-json\/wp\/v2\/types\/post"}],"author":[{"embeddable":true,"href":"https:\/\/novosaopaulo.com.br\/n1\/wp-json\/wp\/v2\/users\/1"}],"replies":[{"embeddable":true,"href":"https:\/\/novosaopaulo.com.br\/n1\/wp-json\/wp\/v2\/comments?post=23592"}],"version-history":[{"count":1,"href":"https:\/\/novosaopaulo.com.br\/n1\/wp-json\/wp\/v2\/posts\/23592\/revisions"}],"predecessor-version":[{"id":23594,"href":"https:\/\/novosaopaulo.com.br\/n1\/wp-json\/wp\/v2\/posts\/23592\/revisions\/23594"}],"wp:featuredmedia":[{"embeddable":true,"href":"https:\/\/novosaopaulo.com.br\/n1\/wp-json\/wp\/v2\/media\/23593"}],"wp:attachment":[{"href":"https:\/\/novosaopaulo.com.br\/n1\/wp-json\/wp\/v2\/media?parent=23592"}],"wp:term":[{"taxonomy":"category","embeddable":true,"href":"https:\/\/novosaopaulo.com.br\/n1\/wp-json\/wp\/v2\/categories?post=23592"},{"taxonomy":"post_tag","embeddable":true,"href":"https:\/\/novosaopaulo.com.br\/n1\/wp-json\/wp\/v2\/tags?post=23592"}],"curies":[{"name":"wp","href":"https:\/\/api.w.org\/{rel}","templated":true}]}}