{"id":23589,"date":"2025-04-28T17:41:49","date_gmt":"2025-04-28T20:41:49","guid":{"rendered":"https:\/\/novosaopaulo.com.br\/n1\/?p=23589"},"modified":"2025-04-28T17:41:50","modified_gmt":"2025-04-28T20:41:50","slug":"estacao-da-luz-da-cptm-recebe-exposicao-fotografica-salas-de-aula-de-julian-germain","status":"publish","type":"post","link":"https:\/\/novosaopaulo.com.br\/n1\/estacao-da-luz-da-cptm-recebe-exposicao-fotografica-salas-de-aula-de-julian-germain\/","title":{"rendered":"Esta\u00e7\u00e3o da Luz da CPTM recebe exposi\u00e7\u00e3o fotogr\u00e1fica \u201cSalas de aula\u201d, de Julian Germain"},"content":{"rendered":"\n<p>Mostra internacional que retrata estudantes ao redor do mundo ficar\u00e1 no local entre os dias 29\/04 e 26\/05<\/p>\n\n\n\n<p>A CPTM, em parceria com o fot\u00f3grafo Julian Germain, recebe a exposi\u00e7\u00e3o \u201cSalas de aula\u201d no sagu\u00e3o da bilheteria da Esta\u00e7\u00e3o da Luz entre os dias 29 de abril e 26 de maio. Com entrada gratuita e visita\u00e7\u00e3o em hor\u00e1rio integral (das 4h \u00e0s 00h), a mostra apresenta 10 imagens do projeto que re\u00fane retratos de mais de 450 salas de aula em mais de 20 pa\u00edses, revelando um panorama diverso sobre a educa\u00e7\u00e3o ao redor do mundo.<\/p>\n\n\n\n<p>A organiza\u00e7\u00e3o dos espa\u00e7os, os uniformes, a postura dos alunos e suas express\u00f5es revelam detalhes que ultrapassam barreiras geogr\u00e1ficas. S\u00e3o jovens curiosos, t\u00edmidos, entediados, alegres \u2014 um recorte visual potente sobre a vida escolar em suas mais variadas formas.<\/p>\n\n\n\n<p>A exposi\u00e7\u00e3o foi exibida no Festival de Fotografia de Paranapiacaba em 2024, com curadoria de Jo\u00e3o Kulcs\u00e1r. Agora, faz itiner\u00e2ncia pela cidade de S\u00e3o Paulo, trazendo ao p\u00fablico a riqueza, diversidade e universalidade da experi\u00eancia escolar. \u201cJ\u00e1 conhecia o projeto do Julian h\u00e1 muito tempo e fiquei muito feliz com a possibilidade de apresentar estas imagens que falam de jovens em suas respectivas salas de aula ao redor do mundo de perto\u201d, afirma Kulcs\u00e1r.<\/p>\n\n\n\n<p>Perfil de Jo\u00e3o Kulcs\u00e1r<br>Fot\u00f3grafo, curador e educador, com uma carreira dedicada \u00e0 promo\u00e7\u00e3o da alfabetiza\u00e7\u00e3o visual no Brasil e no exterior. Com mestrado em Artes pela Universidade de Kent, na Inglaterra, e passagem como professor visitante pela Universidade de Harvard via Fulbright, ele \u00e9 fundador do site Alfabetiza\u00e7\u00e3o Visual, projeto voltado ao uso pedag\u00f3gico da imagem. Durante 30 anos, foi professor e coordenador de fotografia no Senac-SP, onde liderou iniciativas que uniram educa\u00e7\u00e3o e fotografia.<\/p>\n\n\n\n<p>Reconhecido por sua atua\u00e7\u00e3o como curador, Kulcs\u00e1r organizou mais de 100 exposi\u00e7\u00f5es no Brasil e no mundo, com destaque para mostras de nomes como Claudia Andujar e Henri Cartier-Bresson. Tamb\u00e9m coordena o Festival de Fotografia de Paranapiacaba e desenvolve projetos com pessoas com defici\u00eancia visual, expandindo as possibilidades expressivas da imagem. Seu trabalho busca valorizar a diversidade, o olhar sens\u00edvel e o poder transformador da fotografia.<\/p>\n\n\n\n<p>A\u00e7\u00f5es de Cidadania<br>Todas as iniciativas s\u00e3o realizadas com o apoio da CPTM, que abre espa\u00e7os em suas esta\u00e7\u00f5es para a realiza\u00e7\u00e3o de atividades ligadas \u00e0 promo\u00e7\u00e3o do bem-estar de seus passageiros.<\/p>\n\n\n\n<p>Sobre a CPTM<br>A Companhia Paulista de Trens Metropolitanos \u00e9 uma operadora de transporte ferrovi\u00e1rio de passageiros, com 1,6 milh\u00e3o de passageiros transportados por dia \u00fatil. Diariamente, os trens percorrem cerca de 65 mil km, ou uma volta e meia em torno da Terra, em 1.868 viagens programadas. Juntas, as cinco linhas da CPTM somam 196 km de extens\u00e3o, dos quais 95 km est\u00e3o na capital paulista, que tamb\u00e9m conta com 26 esta\u00e7\u00f5es do total de 57. A CPTM atende os moradores de 18 munic\u00edpios, incluindo a capital.<\/p>\n\n\n\n<p>Servi\u00e7o<br>Exposi\u00e7\u00e3o \u201cSalas de aula\u201d, de Julian Germain<br>Data: 29 de abril a 26 de maio<br>Hor\u00e1rio: 4h \u00e0s 00h<br>Local: Esta\u00e7\u00e3o da Luz<\/p>\n","protected":false},"excerpt":{"rendered":"<p>Mostra internacional que retrata estudantes ao redor do mundo ficar\u00e1 no local entre os dias&#8230;<\/p>\n","protected":false},"author":1,"featured_media":23590,"comment_status":"open","ping_status":"open","sticky":false,"template":"","format":"standard","meta":{"footnotes":""},"categories":[2],"tags":[],"featured_image_urls":{"full":["https:\/\/novosaopaulo.com.br\/n1\/wp-content\/uploads\/2025\/04\/rotativo-luz.jpg",625,275,false],"thumbnail":["https:\/\/novosaopaulo.com.br\/n1\/wp-content\/uploads\/2025\/04\/rotativo-luz-150x150.jpg",150,150,true],"medium":["https:\/\/novosaopaulo.com.br\/n1\/wp-content\/uploads\/2025\/04\/rotativo-luz-300x132.jpg",300,132,true],"medium_large":["https:\/\/novosaopaulo.com.br\/n1\/wp-content\/uploads\/2025\/04\/rotativo-luz.jpg",625,275,false],"large":["https:\/\/novosaopaulo.com.br\/n1\/wp-content\/uploads\/2025\/04\/rotativo-luz.jpg",625,275,false],"1536x1536":["https:\/\/novosaopaulo.com.br\/n1\/wp-content\/uploads\/2025\/04\/rotativo-luz.jpg",625,275,false],"2048x2048":["https:\/\/novosaopaulo.com.br\/n1\/wp-content\/uploads\/2025\/04\/rotativo-luz.jpg",625,275,false],"newsever-slider-full":["https:\/\/novosaopaulo.com.br\/n1\/wp-content\/uploads\/2025\/04\/rotativo-luz.jpg",625,275,false],"newsever-featured":["https:\/\/novosaopaulo.com.br\/n1\/wp-content\/uploads\/2025\/04\/rotativo-luz.jpg",625,275,false],"newsever-medium":["https:\/\/novosaopaulo.com.br\/n1\/wp-content\/uploads\/2025\/04\/rotativo-luz.jpg",625,275,false]},"author_info":{"display_name":"Reda\u00e7\u00e3o","author_link":"https:\/\/novosaopaulo.com.br\/n1\/author\/g5poa\/"},"category_info":"<a href=\"https:\/\/novosaopaulo.com.br\/n1\/category\/cidades\/\" rel=\"category tag\">Cidades<\/a>","tag_info":"Cidades","comment_count":"0","_links":{"self":[{"href":"https:\/\/novosaopaulo.com.br\/n1\/wp-json\/wp\/v2\/posts\/23589"}],"collection":[{"href":"https:\/\/novosaopaulo.com.br\/n1\/wp-json\/wp\/v2\/posts"}],"about":[{"href":"https:\/\/novosaopaulo.com.br\/n1\/wp-json\/wp\/v2\/types\/post"}],"author":[{"embeddable":true,"href":"https:\/\/novosaopaulo.com.br\/n1\/wp-json\/wp\/v2\/users\/1"}],"replies":[{"embeddable":true,"href":"https:\/\/novosaopaulo.com.br\/n1\/wp-json\/wp\/v2\/comments?post=23589"}],"version-history":[{"count":1,"href":"https:\/\/novosaopaulo.com.br\/n1\/wp-json\/wp\/v2\/posts\/23589\/revisions"}],"predecessor-version":[{"id":23591,"href":"https:\/\/novosaopaulo.com.br\/n1\/wp-json\/wp\/v2\/posts\/23589\/revisions\/23591"}],"wp:featuredmedia":[{"embeddable":true,"href":"https:\/\/novosaopaulo.com.br\/n1\/wp-json\/wp\/v2\/media\/23590"}],"wp:attachment":[{"href":"https:\/\/novosaopaulo.com.br\/n1\/wp-json\/wp\/v2\/media?parent=23589"}],"wp:term":[{"taxonomy":"category","embeddable":true,"href":"https:\/\/novosaopaulo.com.br\/n1\/wp-json\/wp\/v2\/categories?post=23589"},{"taxonomy":"post_tag","embeddable":true,"href":"https:\/\/novosaopaulo.com.br\/n1\/wp-json\/wp\/v2\/tags?post=23589"}],"curies":[{"name":"wp","href":"https:\/\/api.w.org\/{rel}","templated":true}]}}