{"id":23580,"date":"2025-04-28T17:36:34","date_gmt":"2025-04-28T20:36:34","guid":{"rendered":"https:\/\/novosaopaulo.com.br\/n1\/?p=23580"},"modified":"2025-04-28T17:45:57","modified_gmt":"2025-04-28T20:45:57","slug":"vem-ai-a-1a-expo-cult-semana-de-arte-do-agora-de-2-a-10-5-na-lacerdine-galeria-de-arte-sp","status":"publish","type":"post","link":"https:\/\/novosaopaulo.com.br\/n1\/vem-ai-a-1a-expo-cult-semana-de-arte-do-agora-de-2-a-10-5-na-lacerdine-galeria-de-arte-sp\/","title":{"rendered":"Vem A\u00ed a 1\u00aa Expo Cult: Semana de Arte do Agora, de 2 a 10\/5, na Lacerdine Galeria de Arte (SP)"},"content":{"rendered":"\n<p>Exposi\u00e7\u00f5es de artes visuais, dan\u00e7a contempor\u00e2nea, m\u00fasica e literatura, envolvendo mais de 30 artistas<\/p>\n\n\n\n<p>Com todas as atra\u00e7\u00f5es gratuitas, a galeria fica a 300 metros da esta\u00e7\u00e3o Paulista do Metr\u00f4<\/p>\n\n\n\n<figure class=\"wp-block-image size-large\"><img fetchpriority=\"high\" decoding=\"async\" width=\"819\" height=\"1024\" src=\"https:\/\/novosaopaulo.com.br\/n1\/wp-content\/uploads\/2025\/04\/46c3d34f-ed1a-43d7-8a02-064b6d907d1d-819x1024.jpg\" alt=\"\" class=\"wp-image-23597\" srcset=\"https:\/\/novosaopaulo.com.br\/n1\/wp-content\/uploads\/2025\/04\/46c3d34f-ed1a-43d7-8a02-064b6d907d1d-819x1024.jpg 819w, https:\/\/novosaopaulo.com.br\/n1\/wp-content\/uploads\/2025\/04\/46c3d34f-ed1a-43d7-8a02-064b6d907d1d-240x300.jpg 240w, https:\/\/novosaopaulo.com.br\/n1\/wp-content\/uploads\/2025\/04\/46c3d34f-ed1a-43d7-8a02-064b6d907d1d-768x960.jpg 768w, https:\/\/novosaopaulo.com.br\/n1\/wp-content\/uploads\/2025\/04\/46c3d34f-ed1a-43d7-8a02-064b6d907d1d-1024x1280.jpg 1024w, https:\/\/novosaopaulo.com.br\/n1\/wp-content\/uploads\/2025\/04\/46c3d34f-ed1a-43d7-8a02-064b6d907d1d.jpg 1080w\" sizes=\"(max-width: 819px) 100vw, 819px\" \/><\/figure>\n\n\n\n<p>S\u00e3o Paulo, abril de 2025 &#8211; Com o objetivo de promover as diversas formas de manifesta\u00e7\u00f5es art\u00edsticas, a Lacerdine Galeria de Arte (avenida Ang\u00e9lica, 2578) realiza a 1\u00aa Expo Cult \u2013 Semana de Arte do Agora, de 2 a 10 de maio, com uma intensa programa\u00e7\u00e3o cultural, onde mais de 30 artistas apresentar\u00e3o suas artes em exposi\u00e7\u00f5es e espet\u00e1culos de m\u00fasica e dan\u00e7a, compartilhando suas experi\u00eancias com o p\u00fablico. Todas as atra\u00e7\u00f5es s\u00e3o gratuitas.<\/p>\n\n\n\n<p>\u201cA ideia central da mostra \u00e9 oferecer \u00e0 cidade de S\u00e3o Paulo uma programa\u00e7\u00e3o cultural de qualidade e ao mesmo tempo promover novos artistas para o cen\u00e1rio das artes\u201d, afirma o artista expressionista contempor\u00e2neo Geraldo Lacerdine, fundador da galeria e respons\u00e1vel pela Expo Cult. \u201cTenho percebido no processo de curadoria da galeria quantos artistas fant\u00e1sticos temos no Brasil e que a maioria de n\u00f3s, n\u00e3o os conhece. Pretendemos fomentar a intera\u00e7\u00e3o entre artistas e p\u00fablico e celebrar a diversidade. Por isso, a mostra \u00e9 uma oportunidade para conhecer novos talentos da cidade\u201d, completa.<\/p>\n\n\n\n<p>A 1\u00aa Expo Cult \u00e9 referente a temas do \u2018Agora\u2019. \u201cA arte do \u2018Agora\u2019 \u00e9 um reflexo do presente, uma express\u00e3o da nossa humanidade e da busca por significado e por conex\u00e3o com o mundo diverso, ao mesmo tempo em que promove empatia e compreens\u00e3o por estar imersa nos temas da identidade, da diversidade, da sustentabilidade e da justi\u00e7a social entre outros\u201d, diz Lacerdine. Segundo o artista, a arte \u00e9 esperan\u00e7a porque tem o poder de inspirar, educar e transformar as novas gera\u00e7\u00f5es em um olhar compassivo e, assim, vislumbrar horizontes mais amplos de respeito ao mundo diverso.<\/p>\n\n\n\n<p>A abertura da Expo Cult ser\u00e1 na sexta-feira (2\/5), \u00e0s 20 horas, com apresenta\u00e7\u00e3o de Dan\u00e7a Contempor\u00e2nea Hikari, espet\u00e1culo criado por Mirtes Calheiros e Ederson Lopes, da Cia. Artes\u00e3os do Corpo. Em seguida, Geraldo Lacerdine fala sobre a Arte do Agora. Ao longo da semana, est\u00e3o programados mais dois espet\u00e1culos de dan\u00e7a contempor\u00e2nea, criados por Katia Rozato e trilha de Aline Brasil; al\u00e9m de apresenta\u00e7\u00e3o e aula de Charleston ao som de Authentic Jazz, com os alunos do Espa\u00e7o Arte Modal \u2013 Teatro, Dan\u00e7a, Literatura e o professor Fernando Falci.<br>Na programa\u00e7\u00e3o musical, um dos grandes destaques \u00e9 o ator e cantor Nando Prado, que apresentar\u00e1 uma colet\u00e2nea de temas de cl\u00e1ssicos da Broadway. Pradho foi protagonista em superprodu\u00e7\u00f5es da Broadway, do Brasil e do exterior (inspetor Javert em \u201cLes Miserables\u201d, em 2017; papel duplo de \u2018Jekyll &amp; Hide\u2019 \u2013 \u2018O M\u00e9dico e o Monstro\u2019, em 2010, entre outros). J\u00e1 foi assistido por mais de 5 milh\u00f5es de espectadores, em 20 anos de carreira.<br>Haver\u00e1, ainda, show de Soul Music com a cantora Natany Kresky, h\u00e1 12 anos no cen\u00e1rio musical, se apresentando em eventos. No repert\u00f3rio MPB, Jazz, Jovem Guarda, Can\u00e7\u00f5es Italiana e Pop Rock, com a dupla Mara Falci e Fernando Falci; apresenta\u00e7\u00e3o de timbres \u00fanicos das Rabecas com a violinista, rabequeira e arte educadora Carla Raiza; toda a eleg\u00e2ncia do Jazz e da m\u00fasica brasileira com Anna Rosa e Angelo Corredato; e m\u00fasica na voz suave de Pamela Sorrentino.<\/p>\n\n\n\n<p>Nove artistas estar\u00e3o expondo seus trabalhos na 1a edi\u00e7\u00e3o da Expo Cult, em um total de mais de 60 pinturas: Adriana Garibaldi com pinturas acr\u00edlico sobre tela (100&#215;140 cm); Cl\u00f3ves Camargo com pinturas de \u00f3leo sobre canvas de algod\u00e3o (100x80x0,4 cm); Ivaan Jansen com pinturas de acr\u00edlico sobre tela (100&#215;150 cm); Lua com pinturas acr\u00edlico sobre tela (80 x 100 cm); Simone Fiorani Momente com pinturas de t\u00e9cnica mista: colagem, aquarela e desenho (59,5 x 77cm); Patr\u00edcia Saraiva com fotografias autorais impressas em tela r\u00fastica com interven\u00e7\u00e3o de bordado (160 cm x 130 cm); Fabrini Crisci com pinturas de acr\u00edlica sobre tela (70 x 100 cm); e Luiza Volpato com pinturas de acr\u00edlica sobre tela. Al\u00e9m de Geraldo Lacerdine, que ter\u00e1 pinturas em acr\u00edlico sobre tela e aplica\u00e7\u00e3o de folha de ouro (100&#215;140 cm).<br>Para as crian\u00e7as tamb\u00e9m haver\u00e1 uma programa\u00e7\u00e3o especial na Expo Cult: a conta\u00e7\u00e3o de hist\u00f3rias a partir das pinturas expostas que ficar\u00e1 a cargo do artista Geraldo Lacerdine.<\/p>\n\n\n\n<div data-wp-interactive=\"\" class=\"wp-block-file\"><object data-wp-bind--hidden=\"!selectors.core.file.hasPdfPreview\" hidden class=\"wp-block-file__embed\" data=\"https:\/\/novosaopaulo.com.br\/n1\/wp-content\/uploads\/2025\/04\/PROGRAMACAO-EXPOCULT-5.pdf\" type=\"application\/pdf\" style=\"width:100%;height:600px\" aria-label=\"Incorporado de PROGRAMACAO-EXPOCULT-5.\"><\/object><a id=\"wp-block-file--media-a044d878-7496-40d9-9037-bb3b066a9d9e\" href=\"https:\/\/novosaopaulo.com.br\/n1\/wp-content\/uploads\/2025\/04\/PROGRAMACAO-EXPOCULT-5.pdf\">PROGRAMACAO-EXPOCULT-5<\/a><a href=\"https:\/\/novosaopaulo.com.br\/n1\/wp-content\/uploads\/2025\/04\/PROGRAMACAO-EXPOCULT-5.pdf\" class=\"wp-block-file__button wp-element-button\" download aria-describedby=\"wp-block-file--media-a044d878-7496-40d9-9037-bb3b066a9d9e\">Baixar<\/a><\/div>\n","protected":false},"excerpt":{"rendered":"<p>Exposi\u00e7\u00f5es de artes visuais, dan\u00e7a contempor\u00e2nea, m\u00fasica e literatura, envolvendo mais de 30 artistas Com&#8230;<\/p>\n","protected":false},"author":1,"featured_media":23581,"comment_status":"open","ping_status":"open","sticky":false,"template":"","format":"standard","meta":{"footnotes":""},"categories":[2],"tags":[],"featured_image_urls":{"full":["https:\/\/novosaopaulo.com.br\/n1\/wp-content\/uploads\/2025\/04\/WhatsApp-Image-2025-04-28-at-17.11.23.jpeg",1280,720,false],"thumbnail":["https:\/\/novosaopaulo.com.br\/n1\/wp-content\/uploads\/2025\/04\/WhatsApp-Image-2025-04-28-at-17.11.23-150x150.jpeg",150,150,true],"medium":["https:\/\/novosaopaulo.com.br\/n1\/wp-content\/uploads\/2025\/04\/WhatsApp-Image-2025-04-28-at-17.11.23-300x169.jpeg",300,169,true],"medium_large":["https:\/\/novosaopaulo.com.br\/n1\/wp-content\/uploads\/2025\/04\/WhatsApp-Image-2025-04-28-at-17.11.23-768x432.jpeg",640,360,true],"large":["https:\/\/novosaopaulo.com.br\/n1\/wp-content\/uploads\/2025\/04\/WhatsApp-Image-2025-04-28-at-17.11.23-1024x576.jpeg",640,360,true],"1536x1536":["https:\/\/novosaopaulo.com.br\/n1\/wp-content\/uploads\/2025\/04\/WhatsApp-Image-2025-04-28-at-17.11.23.jpeg",1280,720,false],"2048x2048":["https:\/\/novosaopaulo.com.br\/n1\/wp-content\/uploads\/2025\/04\/WhatsApp-Image-2025-04-28-at-17.11.23.jpeg",1280,720,false],"newsever-slider-full":["https:\/\/novosaopaulo.com.br\/n1\/wp-content\/uploads\/2025\/04\/WhatsApp-Image-2025-04-28-at-17.11.23.jpeg",1280,720,false],"newsever-featured":["https:\/\/novosaopaulo.com.br\/n1\/wp-content\/uploads\/2025\/04\/WhatsApp-Image-2025-04-28-at-17.11.23-1024x576.jpeg",1024,576,true],"newsever-medium":["https:\/\/novosaopaulo.com.br\/n1\/wp-content\/uploads\/2025\/04\/WhatsApp-Image-2025-04-28-at-17.11.23-720x475.jpeg",720,475,true]},"author_info":{"display_name":"Reda\u00e7\u00e3o","author_link":"https:\/\/novosaopaulo.com.br\/n1\/author\/g5poa\/"},"category_info":"<a href=\"https:\/\/novosaopaulo.com.br\/n1\/category\/cidades\/\" rel=\"category tag\">Cidades<\/a>","tag_info":"Cidades","comment_count":"0","_links":{"self":[{"href":"https:\/\/novosaopaulo.com.br\/n1\/wp-json\/wp\/v2\/posts\/23580"}],"collection":[{"href":"https:\/\/novosaopaulo.com.br\/n1\/wp-json\/wp\/v2\/posts"}],"about":[{"href":"https:\/\/novosaopaulo.com.br\/n1\/wp-json\/wp\/v2\/types\/post"}],"author":[{"embeddable":true,"href":"https:\/\/novosaopaulo.com.br\/n1\/wp-json\/wp\/v2\/users\/1"}],"replies":[{"embeddable":true,"href":"https:\/\/novosaopaulo.com.br\/n1\/wp-json\/wp\/v2\/comments?post=23580"}],"version-history":[{"count":2,"href":"https:\/\/novosaopaulo.com.br\/n1\/wp-json\/wp\/v2\/posts\/23580\/revisions"}],"predecessor-version":[{"id":23598,"href":"https:\/\/novosaopaulo.com.br\/n1\/wp-json\/wp\/v2\/posts\/23580\/revisions\/23598"}],"wp:featuredmedia":[{"embeddable":true,"href":"https:\/\/novosaopaulo.com.br\/n1\/wp-json\/wp\/v2\/media\/23581"}],"wp:attachment":[{"href":"https:\/\/novosaopaulo.com.br\/n1\/wp-json\/wp\/v2\/media?parent=23580"}],"wp:term":[{"taxonomy":"category","embeddable":true,"href":"https:\/\/novosaopaulo.com.br\/n1\/wp-json\/wp\/v2\/categories?post=23580"},{"taxonomy":"post_tag","embeddable":true,"href":"https:\/\/novosaopaulo.com.br\/n1\/wp-json\/wp\/v2\/tags?post=23580"}],"curies":[{"name":"wp","href":"https:\/\/api.w.org\/{rel}","templated":true}]}}