{"id":23564,"date":"2025-04-25T17:42:13","date_gmt":"2025-04-25T20:42:13","guid":{"rendered":"https:\/\/novosaopaulo.com.br\/n1\/?p=23564"},"modified":"2025-04-25T17:42:14","modified_gmt":"2025-04-25T20:42:14","slug":"nova-diretoria-da-oab-poa-toma-posse-em-solenidade-marcante-com-interpretacao-em-libras","status":"publish","type":"post","link":"https:\/\/novosaopaulo.com.br\/n1\/nova-diretoria-da-oab-poa-toma-posse-em-solenidade-marcante-com-interpretacao-em-libras\/","title":{"rendered":"Nova Diretoria da OAB Po\u00e1 Toma Posse em Solenidade Marcante com Interpreta\u00e7\u00e3o em Libras"},"content":{"rendered":"\n<p>A OAB Po\u00e1 celebrou, na \u00faltima quinta-feira (24), a posse de sua nova diretoria para o tri\u00eanio 2025\/2027. A cerim\u00f4nia solene, realizada na cidade, reuniu importantes figuras da advocacia local e autoridades do munic\u00edpio, marcando o in\u00edcio de um novo ciclo para a institui\u00e7\u00e3o.<\/p>\n\n\n\n<p>O advogado Felipe Francischini do Nascimento assumiu a presid\u00eancia da OAB Po\u00e1, liderando a nova gest\u00e3o que tamb\u00e9m \u00e9 composta por Fl\u00e1via Fernandes Silva Pereira (vice-presidente), Carmen Enedina Schmohl Russo (secret\u00e1ria-geral), Izabela Dornelas Corr\u00eaa (secret\u00e1ria-adjunta) e Clarisvaldo de Sousa Silva (tesoureiro).<\/p>\n\n\n\n<p>O evento contou com a presen\u00e7a do conselheiro secional da OAB SP, Eduardo Ferrari, que representou a diretoria da Ordem Paulista, parabenizando os novos dirigentes e enfatizando a import\u00e2ncia de uma advocacia engajada com os valores democr\u00e1ticos e a prote\u00e7\u00e3o dos direitos dos cidad\u00e3os.<\/p>\n\n\n\n<p>O prefeito de Po\u00e1, Saulo Souza, tamb\u00e9m prestigiou a solenidade e discursou em apoio \u00e0 atua\u00e7\u00e3o da advocacia no munic\u00edpio. Al\u00e9m dele, o ex-presidente da Subse\u00e7\u00e3o, Ricardo Affonso, e o presidente do Col\u00e9gio de Presidentes do Alto Tiet\u00ea, Nivaldo Pina, marcaram presen\u00e7a, demonstrando a uni\u00e3o e o prest\u00edgio da OAB local.<\/p>\n\n\n\n<p>Durante a cerim\u00f4nia, os membros da rec\u00e9m-empossada diretoria prestaram o juramento de &#8220;manter, defender e cumprir os princ\u00edpios e finalidades da OAB, exercer com dedica\u00e7\u00e3o e \u00e9tica as atribui\u00e7\u00f5es que me s\u00e3o delegadas e pugnar pela dignidade, independ\u00eancia, prerrogativas e valoriza\u00e7\u00e3o da advocacia&#8221;, conforme preconiza o artigo 53 do Regulamento Geral do Estatuto da Advocacia e da OAB. &nbsp;<\/p>\n\n\n\n<p>Outros destaques especiais do evento foram a interpreta\u00e7\u00e3o em L\u00edngua Brasileira de Sinais (Libras), conduzida pela Dra. Marcia Castilho, garantindo a acessibilidade e inclus\u00e3o, al\u00e9m da m\u00fasica ambiente ao elegante som de piano ao vivo, tocado pelos m\u00fasicos da Rocha Franco Musicalidades, durante o coquetel e a cerim\u00f4nia.<\/p>\n\n\n\n<figure class=\"wp-block-gallery has-nested-images columns-default is-cropped wp-block-gallery-1 is-layout-flex wp-block-gallery-is-layout-flex\">\n<figure class=\"wp-block-image size-large\"><a href=\"https:\/\/novosaopaulo.com.br\/n1\/wp-content\/uploads\/2025\/04\/WhatsApp-Image-2025-04-25-at-17.09.33.jpeg\"><img fetchpriority=\"high\" decoding=\"async\" width=\"800\" height=\"533\" data-id=\"23565\" src=\"https:\/\/novosaopaulo.com.br\/n1\/wp-content\/uploads\/2025\/04\/WhatsApp-Image-2025-04-25-at-17.09.33.jpeg\" alt=\"\" class=\"wp-image-23565\" srcset=\"https:\/\/novosaopaulo.com.br\/n1\/wp-content\/uploads\/2025\/04\/WhatsApp-Image-2025-04-25-at-17.09.33.jpeg 800w, https:\/\/novosaopaulo.com.br\/n1\/wp-content\/uploads\/2025\/04\/WhatsApp-Image-2025-04-25-at-17.09.33-300x200.jpeg 300w, https:\/\/novosaopaulo.com.br\/n1\/wp-content\/uploads\/2025\/04\/WhatsApp-Image-2025-04-25-at-17.09.33-768x512.jpeg 768w\" sizes=\"(max-width: 800px) 100vw, 800px\" \/><\/a><\/figure>\n\n\n\n<figure class=\"wp-block-image size-large\"><a href=\"https:\/\/novosaopaulo.com.br\/n1\/wp-content\/uploads\/2025\/04\/WhatsApp-Image-2025-04-25-at-17.09.33-1.jpeg\"><img decoding=\"async\" width=\"800\" height=\"533\" data-id=\"23566\" src=\"https:\/\/novosaopaulo.com.br\/n1\/wp-content\/uploads\/2025\/04\/WhatsApp-Image-2025-04-25-at-17.09.33-1.jpeg\" alt=\"\" class=\"wp-image-23566\" srcset=\"https:\/\/novosaopaulo.com.br\/n1\/wp-content\/uploads\/2025\/04\/WhatsApp-Image-2025-04-25-at-17.09.33-1.jpeg 800w, https:\/\/novosaopaulo.com.br\/n1\/wp-content\/uploads\/2025\/04\/WhatsApp-Image-2025-04-25-at-17.09.33-1-300x200.jpeg 300w, https:\/\/novosaopaulo.com.br\/n1\/wp-content\/uploads\/2025\/04\/WhatsApp-Image-2025-04-25-at-17.09.33-1-768x512.jpeg 768w\" sizes=\"(max-width: 800px) 100vw, 800px\" \/><\/a><\/figure>\n<\/figure>\n","protected":false},"excerpt":{"rendered":"<p>A OAB Po\u00e1 celebrou, na \u00faltima quinta-feira (24), a posse de sua nova diretoria para&#8230;<\/p>\n","protected":false},"author":1,"featured_media":23567,"comment_status":"open","ping_status":"open","sticky":false,"template":"","format":"standard","meta":{"footnotes":""},"categories":[8],"tags":[],"featured_image_urls":{"full":["https:\/\/novosaopaulo.com.br\/n1\/wp-content\/uploads\/2025\/04\/WhatsApp-Image-2025-04-25-at-17.09.33-2.jpeg",800,533,false],"thumbnail":["https:\/\/novosaopaulo.com.br\/n1\/wp-content\/uploads\/2025\/04\/WhatsApp-Image-2025-04-25-at-17.09.33-2-150x150.jpeg",150,150,true],"medium":["https:\/\/novosaopaulo.com.br\/n1\/wp-content\/uploads\/2025\/04\/WhatsApp-Image-2025-04-25-at-17.09.33-2-300x200.jpeg",300,200,true],"medium_large":["https:\/\/novosaopaulo.com.br\/n1\/wp-content\/uploads\/2025\/04\/WhatsApp-Image-2025-04-25-at-17.09.33-2-768x512.jpeg",640,427,true],"large":["https:\/\/novosaopaulo.com.br\/n1\/wp-content\/uploads\/2025\/04\/WhatsApp-Image-2025-04-25-at-17.09.33-2.jpeg",640,426,false],"1536x1536":["https:\/\/novosaopaulo.com.br\/n1\/wp-content\/uploads\/2025\/04\/WhatsApp-Image-2025-04-25-at-17.09.33-2.jpeg",800,533,false],"2048x2048":["https:\/\/novosaopaulo.com.br\/n1\/wp-content\/uploads\/2025\/04\/WhatsApp-Image-2025-04-25-at-17.09.33-2.jpeg",800,533,false],"newsever-slider-full":["https:\/\/novosaopaulo.com.br\/n1\/wp-content\/uploads\/2025\/04\/WhatsApp-Image-2025-04-25-at-17.09.33-2.jpeg",800,533,false],"newsever-featured":["https:\/\/novosaopaulo.com.br\/n1\/wp-content\/uploads\/2025\/04\/WhatsApp-Image-2025-04-25-at-17.09.33-2.jpeg",800,533,false],"newsever-medium":["https:\/\/novosaopaulo.com.br\/n1\/wp-content\/uploads\/2025\/04\/WhatsApp-Image-2025-04-25-at-17.09.33-2-720x475.jpeg",720,475,true]},"author_info":{"display_name":"Reda\u00e7\u00e3o","author_link":"https:\/\/novosaopaulo.com.br\/n1\/author\/g5poa\/"},"category_info":"<a href=\"https:\/\/novosaopaulo.com.br\/n1\/category\/poa\/\" rel=\"category tag\">Po\u00e1<\/a>","tag_info":"Po\u00e1","comment_count":"0","_links":{"self":[{"href":"https:\/\/novosaopaulo.com.br\/n1\/wp-json\/wp\/v2\/posts\/23564"}],"collection":[{"href":"https:\/\/novosaopaulo.com.br\/n1\/wp-json\/wp\/v2\/posts"}],"about":[{"href":"https:\/\/novosaopaulo.com.br\/n1\/wp-json\/wp\/v2\/types\/post"}],"author":[{"embeddable":true,"href":"https:\/\/novosaopaulo.com.br\/n1\/wp-json\/wp\/v2\/users\/1"}],"replies":[{"embeddable":true,"href":"https:\/\/novosaopaulo.com.br\/n1\/wp-json\/wp\/v2\/comments?post=23564"}],"version-history":[{"count":1,"href":"https:\/\/novosaopaulo.com.br\/n1\/wp-json\/wp\/v2\/posts\/23564\/revisions"}],"predecessor-version":[{"id":23568,"href":"https:\/\/novosaopaulo.com.br\/n1\/wp-json\/wp\/v2\/posts\/23564\/revisions\/23568"}],"wp:featuredmedia":[{"embeddable":true,"href":"https:\/\/novosaopaulo.com.br\/n1\/wp-json\/wp\/v2\/media\/23567"}],"wp:attachment":[{"href":"https:\/\/novosaopaulo.com.br\/n1\/wp-json\/wp\/v2\/media?parent=23564"}],"wp:term":[{"taxonomy":"category","embeddable":true,"href":"https:\/\/novosaopaulo.com.br\/n1\/wp-json\/wp\/v2\/categories?post=23564"},{"taxonomy":"post_tag","embeddable":true,"href":"https:\/\/novosaopaulo.com.br\/n1\/wp-json\/wp\/v2\/tags?post=23564"}],"curies":[{"name":"wp","href":"https:\/\/api.w.org\/{rel}","templated":true}]}}