{"id":23558,"date":"2025-04-25T15:34:24","date_gmt":"2025-04-25T18:34:24","guid":{"rendered":"https:\/\/novosaopaulo.com.br\/n1\/?p=23558"},"modified":"2025-04-25T15:34:25","modified_gmt":"2025-04-25T18:34:25","slug":"em-comemoracao-ao-dia-do-trabalhador-itaqua-recebe-1a-edicao-do-motofest","status":"publish","type":"post","link":"https:\/\/novosaopaulo.com.br\/n1\/em-comemoracao-ao-dia-do-trabalhador-itaqua-recebe-1a-edicao-do-motofest\/","title":{"rendered":"Em comemora\u00e7\u00e3o ao Dia do Trabalhador, Itaqu\u00e1 recebe 1\u00aa edi\u00e7\u00e3o do MotoFest"},"content":{"rendered":"\n<p>Encontro de motociclistas ser\u00e1 de 2 a 4 de maio com entrada gratuita<\/p>\n\n\n\n<p>Itaquaquecetuba vai receber, de 2 a 4 de maio, em comemora\u00e7\u00e3o ao Dia do Trabalhador, a 1\u00aa edi\u00e7\u00e3o do MotoFest no Parque Ecol\u00f3gico M\u00e1rio do Canto. O encontro de motociclistas ser\u00e1 aberto ao p\u00fablico e conta com o apoio da prefeitura.<\/p>\n\n\n\n<p>O festival come\u00e7a todos os dias ao meio-dia e vai oferecer gratuitamente exposi\u00e7\u00e3o de motos, shows, \u00e1rea de camping, espa\u00e7o kids com brinquedos infl\u00e1veis, est\u00e1tuas vivas, caricaturas, cassineira, atra\u00e7\u00f5es culturais, gastronomia para todos os gostos e estacionamento. No s\u00e1bado e domingo, contar\u00e1 com bar nas alturas, que chega \u00e0 cidade pela primeira vez.<\/p>\n\n\n\n<p>\u201cO evento vai ser um dos melhores que Itaqu\u00e1 j\u00e1 recebeu e do jeito que o trabalhador merece. Vamos receber o p\u00fablico de toda a regi\u00e3o para celebrar a cultura sobre duas rodas. Marquem na agenda e venham\u201d, disse o secret\u00e1rio de Turismo, Douglas Freire.<\/p>\n\n\n\n<p>Na sexta (2), \u00e0s 21h, a atra\u00e7\u00e3o musical fica por conta da banda Bohemian Rock, cover do Queen. No s\u00e1bado (3), \u00e0s 15h, a banda Punk Machine agitar\u00e1 a tarde do evento com rock internacional e, \u00e0s 20h, a banda Coma, cover do Guns N\u2019 Roses, ser\u00e1 a atra\u00e7\u00e3o.<\/p>\n\n\n\n<p>No \u00faltimo dia de evento, domingo (4), tr\u00eas shows ser\u00e3o realizados, sendo \u00e0s 13h com Thiago Elias, voz e viol\u00e3o, \u00e0s 16h30 a anima\u00e7\u00e3o ser\u00e1 com A Uni\u00e3o, cover do Charlie Brown Jr, e \u00e0s 20h, fechando o festival, entra em cena a banda Living In Sin, cover do Bon Jovi.<\/p>\n\n\n\n<p>\u201cEsse \u00e9 o destino certo para o fim de semana do feriado prolongado. Vamos comemorar o Dia do Trabalhador em grande estilo, com festa gratuita e preparada com carinho para os mun\u00edcipes. Venham curtir m\u00fasica boa com a fam\u00edlia e amigos\u201d, finalizou o prefeito Eduardo Boigues.<\/p>\n\n\n\n<p>Foto: Divulga\u00e7\u00e3o<\/p>\n","protected":false},"excerpt":{"rendered":"<p>Encontro de motociclistas ser\u00e1 de 2 a 4 de maio com entrada gratuita Itaquaquecetuba vai&#8230;<\/p>\n","protected":false},"author":1,"featured_media":23559,"comment_status":"open","ping_status":"open","sticky":false,"template":"","format":"standard","meta":{"footnotes":""},"categories":[34],"tags":[],"featured_image_urls":{"full":["https:\/\/novosaopaulo.com.br\/n1\/wp-content\/uploads\/2025\/04\/WhatsApp-Image-2025-04-25-at-12.59.19.jpeg",520,373,false],"thumbnail":["https:\/\/novosaopaulo.com.br\/n1\/wp-content\/uploads\/2025\/04\/WhatsApp-Image-2025-04-25-at-12.59.19-150x150.jpeg",150,150,true],"medium":["https:\/\/novosaopaulo.com.br\/n1\/wp-content\/uploads\/2025\/04\/WhatsApp-Image-2025-04-25-at-12.59.19-300x215.jpeg",300,215,true],"medium_large":["https:\/\/novosaopaulo.com.br\/n1\/wp-content\/uploads\/2025\/04\/WhatsApp-Image-2025-04-25-at-12.59.19.jpeg",520,373,false],"large":["https:\/\/novosaopaulo.com.br\/n1\/wp-content\/uploads\/2025\/04\/WhatsApp-Image-2025-04-25-at-12.59.19.jpeg",520,373,false],"1536x1536":["https:\/\/novosaopaulo.com.br\/n1\/wp-content\/uploads\/2025\/04\/WhatsApp-Image-2025-04-25-at-12.59.19.jpeg",520,373,false],"2048x2048":["https:\/\/novosaopaulo.com.br\/n1\/wp-content\/uploads\/2025\/04\/WhatsApp-Image-2025-04-25-at-12.59.19.jpeg",520,373,false],"newsever-slider-full":["https:\/\/novosaopaulo.com.br\/n1\/wp-content\/uploads\/2025\/04\/WhatsApp-Image-2025-04-25-at-12.59.19.jpeg",520,373,false],"newsever-featured":["https:\/\/novosaopaulo.com.br\/n1\/wp-content\/uploads\/2025\/04\/WhatsApp-Image-2025-04-25-at-12.59.19.jpeg",520,373,false],"newsever-medium":["https:\/\/novosaopaulo.com.br\/n1\/wp-content\/uploads\/2025\/04\/WhatsApp-Image-2025-04-25-at-12.59.19.jpeg",520,373,false]},"author_info":{"display_name":"Reda\u00e7\u00e3o","author_link":"https:\/\/novosaopaulo.com.br\/n1\/author\/g5poa\/"},"category_info":"<a href=\"https:\/\/novosaopaulo.com.br\/n1\/category\/alto-tiete\/\" rel=\"category tag\">Alto Tiet\u00ea<\/a>","tag_info":"Alto Tiet\u00ea","comment_count":"0","_links":{"self":[{"href":"https:\/\/novosaopaulo.com.br\/n1\/wp-json\/wp\/v2\/posts\/23558"}],"collection":[{"href":"https:\/\/novosaopaulo.com.br\/n1\/wp-json\/wp\/v2\/posts"}],"about":[{"href":"https:\/\/novosaopaulo.com.br\/n1\/wp-json\/wp\/v2\/types\/post"}],"author":[{"embeddable":true,"href":"https:\/\/novosaopaulo.com.br\/n1\/wp-json\/wp\/v2\/users\/1"}],"replies":[{"embeddable":true,"href":"https:\/\/novosaopaulo.com.br\/n1\/wp-json\/wp\/v2\/comments?post=23558"}],"version-history":[{"count":1,"href":"https:\/\/novosaopaulo.com.br\/n1\/wp-json\/wp\/v2\/posts\/23558\/revisions"}],"predecessor-version":[{"id":23560,"href":"https:\/\/novosaopaulo.com.br\/n1\/wp-json\/wp\/v2\/posts\/23558\/revisions\/23560"}],"wp:featuredmedia":[{"embeddable":true,"href":"https:\/\/novosaopaulo.com.br\/n1\/wp-json\/wp\/v2\/media\/23559"}],"wp:attachment":[{"href":"https:\/\/novosaopaulo.com.br\/n1\/wp-json\/wp\/v2\/media?parent=23558"}],"wp:term":[{"taxonomy":"category","embeddable":true,"href":"https:\/\/novosaopaulo.com.br\/n1\/wp-json\/wp\/v2\/categories?post=23558"},{"taxonomy":"post_tag","embeddable":true,"href":"https:\/\/novosaopaulo.com.br\/n1\/wp-json\/wp\/v2\/tags?post=23558"}],"curies":[{"name":"wp","href":"https:\/\/api.w.org\/{rel}","templated":true}]}}