{"id":23544,"date":"2025-04-23T18:22:30","date_gmt":"2025-04-23T21:22:30","guid":{"rendered":"https:\/\/novosaopaulo.com.br\/n1\/?p=23544"},"modified":"2025-04-23T18:22:30","modified_gmt":"2025-04-23T21:22:30","slug":"papa-francisco-o-servico-pela-escuta","status":"publish","type":"post","link":"https:\/\/novosaopaulo.com.br\/n1\/papa-francisco-o-servico-pela-escuta\/","title":{"rendered":"Papa Francisco: o servi\u00e7o pela escuta"},"content":{"rendered":"\n<p>Desde o in\u00edcio de seu pontificado, Papa Francisco apresentou ao mundo uma nova forma de lideran\u00e7a espiritual: humilde, pr\u00f3xima, profundamente humana. Longe da ostenta\u00e7\u00e3o e da rigidez institucional, seu modo de atuar foi marcado por uma virtude revolucion\u00e1ria na pr\u00e1tica e no simbolismo: a escuta. Em vez de se posicionar como aquele que det\u00e9m todas as respostas, Francisco escolheu o caminho da aten\u00e7\u00e3o sens\u00edvel ao outro, reconhecendo que o verdadeiro ensinamento nasce do encontro sincero com as dores, as alegrias e as esperan\u00e7as do pr\u00f3ximo, especialmente dos marginalizados, na constru\u00e7\u00e3o coletiva de caminhos de justi\u00e7a e inclus\u00e3o. Essa postura n\u00e3o \u00e9 apenas um m\u00e9todo de comunica\u00e7\u00e3o, mas uma teologia encarnada, que reconhece a dignidade e o protagonismo dos exclu\u00eddos como centrais para a transforma\u00e7\u00e3o social.<\/p>\n\n\n\n<p>Francisco n\u00e3o ensinava por imposi\u00e7\u00e3o, mas por conviv\u00eancia, com uma escuta ativa, comprometida, visceral. Ele n\u00e3o ouvia apenas para responder, mas para compreender, para se deixar tocar e transformar. Essa postura foi fruto de uma trajet\u00f3ria forjada nas margens de Buenos Aires, nas \u201cfranjas\u201d da sociedade, onde conviveu com o sofrimento humano em sua forma mais dram\u00e1tica. L\u00e1, aprendeu que a realidade social pode ser cruelmente excludente e amarga \u2013 e que qualquer transforma\u00e7\u00e3o verdadeira s\u00f3 nasce quando se parte do concreto, da experi\u00eancia vivida, do clamor dos invisibilizados.<\/p>\n\n\n\n<p>&#8220;Sujando os p\u00e9s no barro da realidade&#8221;, percebeu que a justi\u00e7a n\u00e3o se decreta \u2013 ela se constr\u00f3i a partir da escuta das vozes silenciadas. Em encontros com comunidades faveladas, refugiados ou ind\u00edgenas, ele n\u00e3o chegava com solu\u00e7\u00f5es prontas, mas com a pergunta: &#8220;O que voc\u00eas precisam? Como a Igreja pode caminhar ao seu lado?&#8221;. Essa disposi\u00e7\u00e3o de aprender com o outro desmonta hierarquias e permite que a mensagem crist\u00e3 frutifique em respostas concretas, como pol\u00edticas de inclus\u00e3o ou den\u00fancias contra a economia que mata (cf. <em>Evangelii Gaudium<\/em>).<\/p>\n\n\n\n<p>O Papa caminhava com os pobres n\u00e3o para lhes ensinar a salva\u00e7\u00e3o, mas para, junto deles, encontrar caminhos de justi\u00e7a e liberta\u00e7\u00e3o. Sua miss\u00e3o foi a de servir, e seu servi\u00e7o foi a inclus\u00e3o. Ao ouvir os exclu\u00eddos, Francisco reconheceu neles n\u00e3o apenas destinat\u00e1rios de ajuda, mas sujeitos plenos, dotados de voz, saber e dignidade. Sua escuta foi, portanto, um ato profundamente pol\u00edtico e espiritual; a ferramenta por meio da qual construiu, coletivamente, uma cultura do encontro, que valoriza o protagonismo de cada pessoa e comunidade.<\/p>\n\n\n\n<p>As viagens pastorais de Francisco s\u00e3o ilustra\u00e7\u00f5es poderosas dessa escolha radical. Longe dos pal\u00e1cios vaticanos, ele preferiu as favelas, os campos de refugiados, os hospitais, os pres\u00eddios. N\u00e3o temeu sujar sua batina com o barro das vielas \u2013 ao contr\u00e1rio, ele buscou essas marcas como s\u00edmbolos de um sacerd\u00f3cio encarnado na realidade. Em sua visita \u00e0 comunidade de Manguinhos, no Rio de Janeiro, sintetizou essa postura de forma singela e profundamente significativa: \u201cbasta colocar \u00e1gua no feij\u00e3o\u201d. Com essa frase, ele exaltou o verdadeiro \u201cjeitinho brasileiro\u201d \u2013 a solidariedade \u2013 como express\u00e3o de esperan\u00e7a e partilha em meio \u00e0s dificuldades.<\/p>\n\n\n\n<p>Essa pr\u00e1tica pastoral encontra eco e coer\u00eancia no pensamento teol\u00f3gico de Francisco. Suas enc\u00edclicas \u2013 entre as quais se destacam Laudato Si\u2019, Fratelli Tutti e Evangelii Gaudium \u2013 s\u00e3o verdadeiros tratados sobre os desafios contempor\u00e2neos. Nelas, ele refletiu sobre o cuidado com o meio ambiente, a centralidade do trabalho, a import\u00e2ncia da sa\u00fade mental e emocional, a urg\u00eancia de pol\u00edticas inclusivas e a necessidade de um novo pacto social baseado na fraternidade universal. Mas, mesmo nesses escritos, o tom n\u00e3o \u00e9 de quem dita verdades absolutas: \u00e9 de quem convida ao di\u00e1logo, \u00e0 escuta m\u00fatua, \u00e0 constru\u00e7\u00e3o coletiva.<\/p>\n\n\n\n<p>O servi\u00e7o pela escuta, promovido por Papa Francisco, \u00e9, portanto, um chamado \u00e0 convers\u00e3o das consci\u00eancias. Trata-se de um modelo de lideran\u00e7a que n\u00e3o se sustenta na for\u00e7a do poder, mas na for\u00e7a do amor. Um amor que se traduz em escuta verdadeira, em presen\u00e7a concreta, em a\u00e7\u00e3o comprometida com a justi\u00e7a e com a dignidade de todos \u2013 especialmente dos mais esquecidos. O Papa n\u00e3o apontou o caminho: caminhou junto. E, com isso, ensinou que a Igreja \u2013 e o mundo \u2013 s\u00f3 ser\u00e3o verdadeiramente humanos quando forem tamb\u00e9m verdadeiramente inclusivos.<\/p>\n\n\n\n<p>Por Andr\u00e9 Naves<\/p>\n\n\n\n<ul>\n<li>Andr\u00e9 Naves \u00e9 Defensor P\u00fablico Federal formado em Direito pela USP, especialista em Direitos Humanos e Inclus\u00e3o Social; mestre em Economia Pol\u00edtica pela PUC\/SP. Cientista pol\u00edtico pela Hillsdale College e doutor em Economia pela Princeton University. Comendador cultural, escritor e professor (Instagram: @andrenaves.def<\/li>\n<\/ul>\n","protected":false},"excerpt":{"rendered":"<p>Desde o in\u00edcio de seu pontificado, Papa Francisco apresentou ao mundo uma nova forma de&#8230;<\/p>\n","protected":false},"author":1,"featured_media":23545,"comment_status":"open","ping_status":"open","sticky":false,"template":"","format":"standard","meta":{"footnotes":""},"categories":[2],"tags":[],"featured_image_urls":{"full":["https:\/\/novosaopaulo.com.br\/n1\/wp-content\/uploads\/2025\/04\/3a63e6ba656ca7bccb2b8d8c4e5ebf26.jpg",1920,1080,false],"thumbnail":["https:\/\/novosaopaulo.com.br\/n1\/wp-content\/uploads\/2025\/04\/3a63e6ba656ca7bccb2b8d8c4e5ebf26-150x150.jpg",150,150,true],"medium":["https:\/\/novosaopaulo.com.br\/n1\/wp-content\/uploads\/2025\/04\/3a63e6ba656ca7bccb2b8d8c4e5ebf26-300x169.jpg",300,169,true],"medium_large":["https:\/\/novosaopaulo.com.br\/n1\/wp-content\/uploads\/2025\/04\/3a63e6ba656ca7bccb2b8d8c4e5ebf26-768x432.jpg",640,360,true],"large":["https:\/\/novosaopaulo.com.br\/n1\/wp-content\/uploads\/2025\/04\/3a63e6ba656ca7bccb2b8d8c4e5ebf26-1024x576.jpg",640,360,true],"1536x1536":["https:\/\/novosaopaulo.com.br\/n1\/wp-content\/uploads\/2025\/04\/3a63e6ba656ca7bccb2b8d8c4e5ebf26-1536x864.jpg",1536,864,true],"2048x2048":["https:\/\/novosaopaulo.com.br\/n1\/wp-content\/uploads\/2025\/04\/3a63e6ba656ca7bccb2b8d8c4e5ebf26.jpg",1920,1080,false],"newsever-slider-full":["https:\/\/novosaopaulo.com.br\/n1\/wp-content\/uploads\/2025\/04\/3a63e6ba656ca7bccb2b8d8c4e5ebf26-1280x845.jpg",1280,845,true],"newsever-featured":["https:\/\/novosaopaulo.com.br\/n1\/wp-content\/uploads\/2025\/04\/3a63e6ba656ca7bccb2b8d8c4e5ebf26-1024x576.jpg",1024,576,true],"newsever-medium":["https:\/\/novosaopaulo.com.br\/n1\/wp-content\/uploads\/2025\/04\/3a63e6ba656ca7bccb2b8d8c4e5ebf26-720x475.jpg",720,475,true]},"author_info":{"display_name":"Reda\u00e7\u00e3o","author_link":"https:\/\/novosaopaulo.com.br\/n1\/author\/g5poa\/"},"category_info":"<a href=\"https:\/\/novosaopaulo.com.br\/n1\/category\/cidades\/\" rel=\"category tag\">Cidades<\/a>","tag_info":"Cidades","comment_count":"0","_links":{"self":[{"href":"https:\/\/novosaopaulo.com.br\/n1\/wp-json\/wp\/v2\/posts\/23544"}],"collection":[{"href":"https:\/\/novosaopaulo.com.br\/n1\/wp-json\/wp\/v2\/posts"}],"about":[{"href":"https:\/\/novosaopaulo.com.br\/n1\/wp-json\/wp\/v2\/types\/post"}],"author":[{"embeddable":true,"href":"https:\/\/novosaopaulo.com.br\/n1\/wp-json\/wp\/v2\/users\/1"}],"replies":[{"embeddable":true,"href":"https:\/\/novosaopaulo.com.br\/n1\/wp-json\/wp\/v2\/comments?post=23544"}],"version-history":[{"count":1,"href":"https:\/\/novosaopaulo.com.br\/n1\/wp-json\/wp\/v2\/posts\/23544\/revisions"}],"predecessor-version":[{"id":23546,"href":"https:\/\/novosaopaulo.com.br\/n1\/wp-json\/wp\/v2\/posts\/23544\/revisions\/23546"}],"wp:featuredmedia":[{"embeddable":true,"href":"https:\/\/novosaopaulo.com.br\/n1\/wp-json\/wp\/v2\/media\/23545"}],"wp:attachment":[{"href":"https:\/\/novosaopaulo.com.br\/n1\/wp-json\/wp\/v2\/media?parent=23544"}],"wp:term":[{"taxonomy":"category","embeddable":true,"href":"https:\/\/novosaopaulo.com.br\/n1\/wp-json\/wp\/v2\/categories?post=23544"},{"taxonomy":"post_tag","embeddable":true,"href":"https:\/\/novosaopaulo.com.br\/n1\/wp-json\/wp\/v2\/tags?post=23544"}],"curies":[{"name":"wp","href":"https:\/\/api.w.org\/{rel}","templated":true}]}}