{"id":23541,"date":"2025-04-23T18:19:19","date_gmt":"2025-04-23T21:19:19","guid":{"rendered":"https:\/\/novosaopaulo.com.br\/n1\/?p=23541"},"modified":"2025-04-23T18:19:20","modified_gmt":"2025-04-23T21:19:20","slug":"circuito-sesc-de-artes-2025-leva-programacao-gratuita-a-132-cidades-de-sao-paulo","status":"publish","type":"post","link":"https:\/\/novosaopaulo.com.br\/n1\/circuito-sesc-de-artes-2025-leva-programacao-gratuita-a-132-cidades-de-sao-paulo\/","title":{"rendered":"Circuito Sesc de Artes 2025 leva programa\u00e7\u00e3o gratuita a 132 cidades de S\u00e3o Paulo"},"content":{"rendered":"\n<p>De 3 de maio a 8 de junho, ruas e pra\u00e7as de 132 munic\u00edpios do interior, litoral e da Grande S\u00e3o Paulo, al\u00e9m de S\u00e3o Miguel Paulista, bairro que integra o Plano de Expans\u00e3o do Sesc, ser\u00e3o palco do Circuito Sesc de Artes 2025. Em seis fins de semana consecutivos, sempre aos s\u00e1bados e domingos, o p\u00fablico poder\u00e1 vivenciar gratuitamente 840 sess\u00f5es de atividades que atravessam nove linguagens art\u00edsticas e culturais: artes visuais e tecnologias, cinema, circo, dan\u00e7a, literatura, m\u00fasica, teatro, turismo e valoriza\u00e7\u00e3o social.<\/p>\n\n\n\n<p>O Circuito Sesc de Artes \u00e9 realizado pelo Sesc S\u00e3o Paulo em parceria com prefeituras municipais e sindicatos do com\u00e9rcio de bens, servi\u00e7os e turismo locais.<\/p>\n\n\n\n<p>Em sua 17\u00aa edi\u00e7\u00e3o, o Circuito amplia o seu alcance com a entrada das unidades do Sesc Campo Limpo e Franca, al\u00e9m da inclus\u00e3o de dez novas cidades em rela\u00e7\u00e3o \u00e0 edi\u00e7\u00e3o de 2024. Ao todo, 23 unidades do Sesc S\u00e3o Paulo est\u00e3o envolvidas na realiza\u00e7\u00e3o do projeto. A programa\u00e7\u00e3o valoriza a produ\u00e7\u00e3o cultural das regi\u00f5es participantes, com forte presen\u00e7a de artistas e coletivos que atuam fora da capital. Parte da programa\u00e7\u00e3o do Circuito conta com acessibilidade em Libras: s\u00e3o 144 sess\u00f5es com tradu\u00e7\u00e3o.<\/p>\n\n\n\n<p>Para Luiz Deoclecio Massaro Galina, diretor regional do Sesc S\u00e3o Paulo, &#8220;a amplia\u00e7\u00e3o do Circuito reafirma o compromisso do Sesc com a descentraliza\u00e7\u00e3o cultural, valorizando a produ\u00e7\u00e3o de diferentes territ\u00f3rios e expandindo o acesso por meio da ocupa\u00e7\u00e3o dos espa\u00e7os p\u00fablicos com m\u00faltiplas linguagens art\u00edsticas. Ao promover encontros em pra\u00e7as e ruas, a iniciativa convida \u00e0 conviv\u00eancia e busca fortalecer a rela\u00e7\u00e3o entre as pessoas e seus territ\u00f3rios.\u201d<\/p>\n\n\n\n<p>Uma das linhas curatoriais que se fortalece nesta edi\u00e7\u00e3o, em um movimento realizado nos \u00faltimos anos e que agora se consolida, \u00e9 a quantidade de artistas das regi\u00f5es atendidas: s\u00e3o 42 grupos de cidades da Grande S\u00e3o Paulo, interior e litoral paulistas, de um total de 76 atra\u00e7\u00f5es. Al\u00e9m da forte presen\u00e7a de artistas locais, a edi\u00e7\u00e3o conta com participa\u00e7\u00f5es internacionais, como a Est\u00fapida Compa\u00f1\u00eda (Argentina e Uruguai), com o espet\u00e1culo Ind\u00f3mito, e a produ\u00e7\u00e3o Suspiros e Burbujas, que une no palco uma artista argentina e um palha\u00e7o cearense.<\/p>\n\n\n\n<p>O Circuito alcan\u00e7a desde cidades da regi\u00e3o metropolitana, como S\u00e3o Bernardo do Campo e Mau\u00e1, com mais de 800 mil habitantes, at\u00e9 munic\u00edpios do interior, como Nipo\u00e3, no Noroeste do estado, com cerca de cinco mil moradores, e \u00c1guas de S\u00e3o Pedro, o menor munic\u00edpio paulista.<\/p>\n\n\n\n<p>Neste ano, seis cidades (Ilha Solteira, Pereira Barreto, Igarat\u00e1, Paraibuna, Iporanga e Miracatu) contar\u00e3o com uma Mostra de Saberes, onde artes\u00e3os locais demonstrar\u00e3o as t\u00e9cnicas utilizadas em suas cria\u00e7\u00f5es.<\/p>\n\n\n\n<p>Em outras tr\u00eas cidades (Pen\u00e1polis, Franco da Rocha e Iguape), o p\u00fablico ser\u00e1 convidado a conhecer o patrim\u00f4nio hist\u00f3rico e cultural, por meio de a\u00e7\u00e3o de turismo social, com um passeio a p\u00e9, partindo da pra\u00e7a os participantes fazem um tour pelos espa\u00e7os culturais e pelo centro hist\u00f3rico.<\/p>\n\n\n\n<p>Em todas as cidades, o p\u00fablico encontrar\u00e1 o espa\u00e7o de relacionamento do Sesc, um ponto de encontro sobre o Circuito e dicas de turismo, Sesc Digital e programa\u00e7\u00e3o do SescTV, uma forma de conectar o p\u00fablico \u00e0s a\u00e7\u00f5es do Sesc dentro e fora do Circuito.<\/p>\n\n\n\n<p>Em teatro, destaca-se a montagem de Os Tr3s Porcos com A Pr\u00f3xima Companhia. A pe\u00e7a busca ressignificar o cl\u00e1ssico conto infantil, lan\u00e7ando um olhar sobre temas atuais como o direito \u00e0 cidade e \u00e0 moradia, com uma linguagem c\u00eanica que mescla elementos do teatro de rua e do circo, tudo permeado por um tom c\u00f4mico e instigante.<\/p>\n\n\n\n<p>A m\u00fasica \u00e9 representada pelo grupo Zumbiido Afropercussivo. Composto por pessoas pretas, o coletivo explora a riqueza dos ritmos diasp\u00f3ricos, com forte influ\u00eancia do samba afro e do samba reggae. Suas performances autorais, que unem m\u00fasica e dan\u00e7a inspiradas em matrizes africanas, t\u00eam como objetivo primordial promover a consci\u00eancia racial, pol\u00edtica e cultural, difundindo a cultura preta por meio de suas express\u00f5es art\u00edsticas.<\/p>\n\n\n\n<p>Em literatura, a atividade Recriando Imagin\u00e1rios: um Mergulho na Literatura Ind\u00edgena se conecta com os povos origin\u00e1rios. Com a presen\u00e7a de Ana Kariri, Auritha Tabajara, Cristino Wapichana e Fernanda Kaingang, o p\u00fablico mergulha em narrativas, vis\u00f5es de mundo e saberes ancestrais presentes em contos e poesias.<\/p>\n\n\n\n<p>Al\u00e9m das artes perform\u00e1ticas e liter\u00e1rias, a programa\u00e7\u00e3o oferece uma experi\u00eancia imersiva com a Mostra de Realidade Virtual \u2013 Sonhos. Em di\u00e1logo com a Mostra Internacional de Cinema, essa atra\u00e7\u00e3o convida o p\u00fablico a explorar o universo dos sonhos de uma perspectiva consciente, ampliando as fronteiras da percep\u00e7\u00e3o e da experi\u00eancia est\u00e9tica.<\/p>\n\n\n\n<p>Destaques da programa\u00e7\u00e3o<\/p>\n\n\n\n<p>Circo<\/p>\n\n\n\n<p>O circo contempor\u00e2neo se apresenta com uma variedade de espet\u00e1culos que celebram a tradi\u00e7\u00e3o circense enquanto exploram novas formas de express\u00e3o. Em Atravessando Lugares, a companhia Mano a Mana, de S\u00e3o Paulo, reflete sobre as intera\u00e7\u00f5es nos espa\u00e7os p\u00fablicos por meio de acrobacias e t\u00e9cnicas de m\u00e3o a m\u00e3o. O Coletivo Piracema, de Piracicaba, celebra a vida no interior em Festa na Ro\u00e7a, um espet\u00e1culo que mistura palha\u00e7aria, malabarismo, acrobacia e m\u00fasica ao vivo, convidando o p\u00fablico a se sentir em casa.<\/p>\n\n\n\n<p>As G\u00eameas Dias e a Trupe Cirand\u00e1, de S\u00e3o Bernardo do Campo, resgatam as brincadeiras de roda da inf\u00e2ncia em Ciranda, unindo artes circenses e cultura popular com m\u00fasica ao vivo e participa\u00e7\u00e3o ativa do p\u00fablico. O Circo da Silva, de Campinas, mostra Funil, um espet\u00e1culo que combina circo e m\u00fasica, com uma banda de sopros e percuss\u00e3o tocando cl\u00e1ssicos do picadeiro enquanto acrobatas, malabaristas e equilibristas fazem diversas acrobacias. Originalmente da Argentina e do Uruguai, a Est\u00fapida Compa\u00f1\u00eda encena Ind\u00f3mito, um espet\u00e1culo que resgata n\u00fameros cl\u00e1ssicos do circo e dos antigos &#8220;freak shows&#8221;, unindo humor e tens\u00e3o, e intera\u00e7\u00e3o com o p\u00fablico.<\/p>\n\n\n\n<p>Teatro<\/p>\n\n\n\n<p>A programa\u00e7\u00e3o teatral conta com produ\u00e7\u00f5es que exploram desde a hist\u00f3ria de grandes escritoras at\u00e9 f\u00e1bulas infantis com reflex\u00e3o social. Em Um Canto para Carolina, a Cia. dos Inventivos, de S\u00e3o Paulo, leva ao palco a hist\u00f3ria de Carolina Maria de Jesus, uma das mais importantes escritoras negras do Brasil, por meio de um musical que retrata suas lutas e o cotidiano na favela, baseado em sua obra Quarto de Despejo: Di\u00e1rio de uma Favelada. J\u00e1 Od\u00edlia Nunes, com sua interven\u00e7\u00e3o teatral Cordelina, traz uma boneca gigante feita de material vegetal, que ao som de uma sanfona ao vivo, compartilha mensagens de sorte e recita poesias populares do Nordeste, os famosos cord\u00e9is.<\/p>\n\n\n\n<p>A cl\u00e1ssica hist\u00f3ria dos tr\u00eas porquinhos ganha uma nova roupagem em Os Tr3s Porcos, com A Pr\u00f3xima Companhia, que utiliza a f\u00e1bula para abordar o direito \u00e0 cidade e \u00e0 moradia, explorando as linguagens da rua e do circo de forma c\u00f4mica e reflexiva. J\u00e1 N\u00f3s, do Barrac\u00e3o Cultural, de Campinas, conta a hist\u00f3ria de Mel, uma garota que busca se libertar dos n\u00f3s que a aprisionam, em uma jornada de autodescoberta e aceita\u00e7\u00e3o.<\/p>\n\n\n\n<p>M\u00fasica<\/p>\n\n\n\n<p>A cena musical se diversifica com atra\u00e7\u00f5es que v\u00e3o da tradi\u00e7\u00e3o popular \u00e0 vanguarda da discotecagem. O N\u00facleo Marac\u00e1 apresenta Auto do Guriat\u00e3, uma \u00f3pera popular que narra a hist\u00f3ria de um boi roubado, resgatando a tradi\u00e7\u00e3o do Bumba Meu Boi com a c\u00e9lebre vers\u00e3o de Mestre Humberto de Maracan\u00e3. J\u00e1 a dupla de DJs Lucas Caixa Preta e Scratchj, de S\u00e3o Carlos, vem com um setlist que mistura m\u00fasica regional brasileira, afrobeat, black music e balan\u00e7o caribenho em Balan\u00e7o, Beats e Batuques.<\/p>\n\n\n\n<p>O DJ Gabriel Lujaro, de Assis, incorpora a m\u00fasica preta como refer\u00eancia, transitando entre o funk, rap e black music. A DJ Lu Pequim, de S\u00e3o Jos\u00e9 do Rio Preto, dedica seu repert\u00f3rio a m\u00fasicas criadas por mulheres, explorando diversos estilos musicais. O grupo Zumbiido Afropercussivo, composto por pessoas pretas, mostra m\u00fasicas e coreografias autorais inspiradas em ritmos africanos, promovendo a cultura preta por meio da m\u00fasica e dan\u00e7a.<\/p>\n\n\n\n<p>A discotecagem R\u00e1dio Oz, dos DJs Bruxxo e Cyssa Prado, de Osasco, simula um programa de r\u00e1dio dos anos 80 e 90, com cl\u00e1ssicos do rock, black music, disco, jazz e m\u00fasica brasileira. E a DJ Juliana Gil, de Taubat\u00e9, combina ritmos brasileiros, rock, remixes e afrobeat.<\/p>\n\n\n\n<p>Literatura<\/p>\n\n\n\n<p>A literatura se manifesta de diversas formas, convidando o p\u00fablico a explorar a leitura de maneira l\u00fadica e reflexiva. Em Brincar de Ler, Carol Greg\u00f3rio, Thayame Porto e convidadas, de Ribeir\u00e3o Preto, prop\u00f5em uma experi\u00eancia interativa com a linguagem, explorando trava-l\u00ednguas, rimas e versos em uma celebra\u00e7\u00e3o coletiva da palavra. A Coletiva Educar Ancestral, de S\u00e3o Jos\u00e9 do Rio Preto, apresenta Hist\u00f3rias para Encantar Kamurin Igh\u00e9, uma conta\u00e7\u00e3o de hist\u00f3rias que resgata tradi\u00e7\u00f5es orais ind\u00edgenas, conectando ensinamentos ancestrais com reflex\u00f5es sobre o presente.<\/p>\n\n\n\n<p>O Coletivo Baob\u00e1, de Birigui, traz Quintal Baob\u00e1, uma ocupa\u00e7\u00e3o liter\u00e1ria inspirada na cultura africana, com hist\u00f3rias afro-brasileiras, musicalidade e brincadeiras quilombolas. A Cia. EntreContos, de S\u00e3o Jos\u00e9 do Rio Preto, apresenta uma Infus\u00e3o Liter\u00e1ria, explorando mem\u00f3rias afetivas com aromas e especiarias, em uma media\u00e7\u00e3o de leitura que valoriza os saberes africanos. E Recriando Imagin\u00e1rios: um Mergulho na Literatura Ind\u00edgena, com Ana Kariri, Auritha Tabajara, Cristino Wapichana e Fernanda Kaingang, mostra uma imers\u00e3o na literatura ind\u00edgena, compartilhando vis\u00f5es de mundo e saberes ancestrais de contos e poesias.<\/p>\n\n\n\n<p>Cinema<\/p>\n\n\n\n<p>A oficina Jogo dos Planos com a Vem Vento Produ\u00e7\u00f5es, de Ara\u00e7atuba (SP), prop\u00f5e uma introdu\u00e7\u00e3o pr\u00e1tica e din\u00e2mica ao cinema, em que as pessoas participantes poder\u00e3o conhecer todas as etapas principais da produ\u00e7\u00e3o audiovisual. Com tr\u00eas espa\u00e7os com a\u00e7\u00f5es simult\u00e2neas, as experimenta\u00e7\u00f5es propostas pelo grupo v\u00e3o desde as possibilidades de criar diferentes enquadramentos e narrativas visuais at\u00e9 a grava\u00e7\u00e3o de cenas com a orienta\u00e7\u00e3o dos monitores e a exibi\u00e7\u00e3o dos v\u00eddeos produzidos e editados em tempo real.<\/p>\n\n\n\n<p>A programa\u00e7\u00e3o ainda oferece uma experi\u00eancia imersiva com a Mostra de Realidade Virtual \u2013 Sonhos. Em di\u00e1logo com a Mostra Internacional de Cinema, essa atra\u00e7\u00e3o proporciona ao p\u00fablico explorar o universo dos sonhos de uma perspectiva consciente, ampliando as fronteiras da percep\u00e7\u00e3o e da experi\u00eancia est\u00e9tica.<\/p>\n\n\n\n<p>Dan\u00e7a<\/p>\n\n\n\n<p>O grupo Yand\u00ea Transpar\u00e1 apresenta Encantos Amaz\u00f4nicos, uma imers\u00e3o nas dan\u00e7as tradicionais da regi\u00e3o norte, como o carimb\u00f3 e o lundu marajoara. Idealizado por Adriana Fortes, natural de Bel\u00e9m, o trabalho resgata as ra\u00edzes africanas, ind\u00edgenas e europeias da cultura amaz\u00f4nica, buscando sensibilizar a audi\u00eancia para a import\u00e2ncia da preserva\u00e7\u00e3o e valoriza\u00e7\u00e3o dessa rica identidade cultural.<\/p>\n\n\n\n<p>J\u00e1 a Debonde Cia. de Dan\u00e7a, do Rio de Janeiro, leva para as ruas o espet\u00e1culo urbano e bil\u00edngue Debandada. Seis artistas dan\u00e7arinos, acompanhados por uma int\u00e9rprete de libras, ocupam os espa\u00e7os da cidade, estabelecendo um di\u00e1logo constante entre p\u00fablico, arte e o ambiente urbano.<\/p>\n\n\n\n<p>Com uma atmosfera de celebra\u00e7\u00e3o, a Cia. Diladim traz Requebrando, um &#8220;baile&#8221; diferenciado que explora um vasto oceano sonoro, transitando por diferentes ambientes e ritmos. O espet\u00e1culo convida a &#8220;requebrar&#8221; a partir das viv\u00eancias singulares de corpos femininos perif\u00e9ricos e suas linguagens afrodiasp\u00f3ricas, prometendo uma experi\u00eancia musical e corporal \u00fanica.<\/p>\n\n\n\n<p>Artes Visuais e Tecnologias<\/p>\n\n\n\n<p>A diversidade cultural e a sustentabilidade se unem em uma s\u00e9rie de atividades de artes visuais e tecnologias que prometem inspirar o p\u00fablico. As oficinas e jogos oferecem uma oportunidade de explorar diferentes culturas, t\u00e9cnicas art\u00edsticas e materiais reciclados, tudo isso enquanto se diverte e aprende.<\/p>\n\n\n\n<p>Em Jogos do Mundo com a Caravana L\u00fadica, o coletivo paulistano convida o p\u00fablico a embarcar em uma jornada l\u00fadica por meio de jogos africanos, europeus, asi\u00e1ticos e amer\u00edndios. Os tabuleiros, feitos com materiais reciclados, estimulam o desenvolvimento cognitivo e a intera\u00e7\u00e3o social. Teru Teru Bozu com a artista visual Monica Mie Hayashi ensina a criar um amuleto japon\u00eas em forma de bonequinho de pano branco que, segundo a tradi\u00e7\u00e3o, tem o poder de afastar a chuva e trazer dias ensolarados.<\/p>\n\n\n\n<p>J\u00e1 em Chaveiros T\u00eaxteis, o Coletivo Macaco Velho, de Araraquara, compartilha t\u00e9cnicas simples e acess\u00edveis para transformar retalhos e sobras de materiais em chaveiros personalizados, unindo sustentabilidade e criatividade. Inspirado nas obras de Piet Mondrian, o Coletivo Dell\u2019Arte apresenta Ateli\u00ea M\u00f3vel com o objetivo de criar suas pr\u00f3prias obras de arte abstratas, explorando as cores e formas caracter\u00edsticas do artista holand\u00eas.<\/p>\n\n\n\n<p>Na atividade Biojoias de Baga\u00e7o de Cana, o artista visual Jos\u00e9 Carlos Gomes apresenta uma oficina inovadora, onde res\u00edduos de baga\u00e7o de cana s\u00e3o transformados em biojoias, incentivando o reaproveitamento de materiais e a sustentabilidade.<\/p>\n\n\n\n<p>Em Jogando os Afrogames, o est\u00fadio paulistano Maloca Games apresenta jogos de tabuleiro que celebram a diversidade cultural, estimulando habilidades cognitivas, emocionais e sociais. E a artista visual Mimura Rodriguez compartilha a hist\u00f3ria da arte urbana e suas t\u00e9cnicas na oficina Stencil, Sticker e Lambe Lambecom temas da fauna e flora brasileiras.<\/p>\n\n\n\n<p>O Coletivo Meio cria m\u00f3biles de borboleta com t\u00e9cnicas de bordado e madeira na atividade Bordaboleta, unindo a est\u00e9tica do artesanato com a leveza da natureza. Em Micropaisagens, os artistas visuais do Vale do Para\u00edba, De Brinks no Rol\u00ea, convidam o p\u00fablico a criar micropaisagens dentro de mon\u00f3culos, explorando a beleza dos pequenos detalhes com t\u00e9cnicas de ilustra\u00e7\u00e3o, recorte e colagem.<\/p>\n\n\n\n<p>Sobre o Circuito Sesc de Artes<\/p>\n\n\n\n<p>Realizado desde 2008, o Circuito Sesc de Artes \u00e9 uma oportunidade para a popula\u00e7\u00e3o de cidades da Grande S\u00e3o Paulo, do interior e do litoral paulista vivenciarem o clima de um festival de artes. Com o objetivo de estender o alcance da a\u00e7\u00e3o do Sesc para as cidades que ainda n\u00e3o possuem uma unidade f\u00edsica, o Circuito leva a programa\u00e7\u00e3o para pra\u00e7as e espa\u00e7os p\u00fablicos, oferecendo tamb\u00e9m aos trabalhadores de empresas do com\u00e9rcio de bens, servi\u00e7os e turismo a possibilidade de fazerem a Credencial Plena (a carteirinha do Sesc), que garante benef\u00edcios exclusivos e descontos. Em cada cidade, funcion\u00e1rios estar\u00e3o \u00e0 disposi\u00e7\u00e3o do p\u00fablico para explicar como fazer ou renovar a Credencial Plena.<\/p>\n\n\n\n<p>Servi\u00e7o:<\/p>\n\n\n\n<p>Circuito Sesc de Artes 2025<\/p>\n\n\n\n<p>De 3 de maio a 8 de junho, s\u00e1bados e domingos.<\/p>\n\n\n\n<p>Programa\u00e7\u00e3o completa no site sescsp.org.br\/circuitosescdeartes<\/p>\n\n\n\n<p>Em caso de chuva, verifique o novo local.<\/p>\n","protected":false},"excerpt":{"rendered":"<p>De 3 de maio a 8 de junho, ruas e pra\u00e7as de 132 munic\u00edpios do&#8230;<\/p>\n","protected":false},"author":1,"featured_media":23542,"comment_status":"open","ping_status":"open","sticky":false,"template":"","format":"standard","meta":{"footnotes":""},"categories":[2],"tags":[],"featured_image_urls":{"full":["https:\/\/novosaopaulo.com.br\/n1\/wp-content\/uploads\/2025\/04\/arte-780x470-1.jpeg",780,470,false],"thumbnail":["https:\/\/novosaopaulo.com.br\/n1\/wp-content\/uploads\/2025\/04\/arte-780x470-1-150x150.jpeg",150,150,true],"medium":["https:\/\/novosaopaulo.com.br\/n1\/wp-content\/uploads\/2025\/04\/arte-780x470-1-300x181.jpeg",300,181,true],"medium_large":["https:\/\/novosaopaulo.com.br\/n1\/wp-content\/uploads\/2025\/04\/arte-780x470-1-768x463.jpeg",640,386,true],"large":["https:\/\/novosaopaulo.com.br\/n1\/wp-content\/uploads\/2025\/04\/arte-780x470-1.jpeg",640,386,false],"1536x1536":["https:\/\/novosaopaulo.com.br\/n1\/wp-content\/uploads\/2025\/04\/arte-780x470-1.jpeg",780,470,false],"2048x2048":["https:\/\/novosaopaulo.com.br\/n1\/wp-content\/uploads\/2025\/04\/arte-780x470-1.jpeg",780,470,false],"newsever-slider-full":["https:\/\/novosaopaulo.com.br\/n1\/wp-content\/uploads\/2025\/04\/arte-780x470-1.jpeg",780,470,false],"newsever-featured":["https:\/\/novosaopaulo.com.br\/n1\/wp-content\/uploads\/2025\/04\/arte-780x470-1.jpeg",780,470,false],"newsever-medium":["https:\/\/novosaopaulo.com.br\/n1\/wp-content\/uploads\/2025\/04\/arte-780x470-1-720x470.jpeg",720,470,true]},"author_info":{"display_name":"Reda\u00e7\u00e3o","author_link":"https:\/\/novosaopaulo.com.br\/n1\/author\/g5poa\/"},"category_info":"<a href=\"https:\/\/novosaopaulo.com.br\/n1\/category\/cidades\/\" rel=\"category tag\">Cidades<\/a>","tag_info":"Cidades","comment_count":"0","_links":{"self":[{"href":"https:\/\/novosaopaulo.com.br\/n1\/wp-json\/wp\/v2\/posts\/23541"}],"collection":[{"href":"https:\/\/novosaopaulo.com.br\/n1\/wp-json\/wp\/v2\/posts"}],"about":[{"href":"https:\/\/novosaopaulo.com.br\/n1\/wp-json\/wp\/v2\/types\/post"}],"author":[{"embeddable":true,"href":"https:\/\/novosaopaulo.com.br\/n1\/wp-json\/wp\/v2\/users\/1"}],"replies":[{"embeddable":true,"href":"https:\/\/novosaopaulo.com.br\/n1\/wp-json\/wp\/v2\/comments?post=23541"}],"version-history":[{"count":1,"href":"https:\/\/novosaopaulo.com.br\/n1\/wp-json\/wp\/v2\/posts\/23541\/revisions"}],"predecessor-version":[{"id":23543,"href":"https:\/\/novosaopaulo.com.br\/n1\/wp-json\/wp\/v2\/posts\/23541\/revisions\/23543"}],"wp:featuredmedia":[{"embeddable":true,"href":"https:\/\/novosaopaulo.com.br\/n1\/wp-json\/wp\/v2\/media\/23542"}],"wp:attachment":[{"href":"https:\/\/novosaopaulo.com.br\/n1\/wp-json\/wp\/v2\/media?parent=23541"}],"wp:term":[{"taxonomy":"category","embeddable":true,"href":"https:\/\/novosaopaulo.com.br\/n1\/wp-json\/wp\/v2\/categories?post=23541"},{"taxonomy":"post_tag","embeddable":true,"href":"https:\/\/novosaopaulo.com.br\/n1\/wp-json\/wp\/v2\/tags?post=23541"}],"curies":[{"name":"wp","href":"https:\/\/api.w.org\/{rel}","templated":true}]}}