{"id":23527,"date":"2025-04-23T15:44:22","date_gmt":"2025-04-23T18:44:22","guid":{"rendered":"https:\/\/novosaopaulo.com.br\/n1\/?p=23527"},"modified":"2025-04-23T15:44:22","modified_gmt":"2025-04-23T18:44:22","slug":"o-novo-ciclo-global-e-a-nossa-tarefa","status":"publish","type":"post","link":"https:\/\/novosaopaulo.com.br\/n1\/o-novo-ciclo-global-e-a-nossa-tarefa\/","title":{"rendered":"O novo ciclo global e a nossa tarefa"},"content":{"rendered":"\n<p>\u00c9 not\u00f3ria a vida do planeta em ciclos que se modificam de tempo em tempo. 2025, segundo os estudiosos, videntes, assemelhados e at\u00e9 charlat\u00e3es (que tamb\u00e9m fazem parte do processo) dever\u00e1 ser um ano de grandes mudan\u00e7as globais. Come\u00e7ou no ano passado com as mudan\u00e7as clim\u00e1ticas que impuseram grandes inc\u00eandios ao hemisf\u00e9rio norte e as cheias ao sul \u2013 especialmente no Rio Grande do Sul (Brasil) e segue com as ondas de frio ou calor que nos tiram da vida a que estamos acostumados. Precisamos nos aclimatar.<br>A elei\u00e7\u00e3o de Donald Trump na presid\u00eancia dos Estados Unidos Estados Unidos &#8211; grande pot\u00eancia da economia mundial, levou aquele pa\u00eds a for\u00e7ar mudan\u00e7as em todo o planeta. O aumento dos tributos no com\u00e9rcio dos EUA com 180 na\u00e7\u00f5es \u00e9 uma revolu\u00e7\u00e3o. Houve quem a classificasse como guerra econ\u00f4mica e os mais catastr\u00f3ficos que acreditaram ser o estopim da 3\u00aa Guerra Mundial, o que, felizmente, n\u00e3o se confirmou. Nos \u00faltimos dias, o mercado acalmou-se com a disposi\u00e7\u00e3o tanto dos EUA quanto da China, R\u00fassia e outras pot\u00eancias econ\u00f4micas \u00e0 negocia\u00e7\u00e3o. E isso vai acontecer.<br>A morte do papa Francisco \u00e9 outro fator de virada de ciclo. Durante os 13 anos do seu pontificado, foi ele uma voz dedicada \u00e0 negocia\u00e7\u00e3o de quest\u00f5es sociais e humanit\u00e1rias. Deu o peso da Igreja para a solu\u00e7\u00e3o de graves problemas. Agora ser\u00e1 substitu\u00eddo por outro cardeal, possivelmente algu\u00e9m que ele pr\u00f3prio colocou nos altos escal\u00f5es da institui\u00e7\u00e3o. O planeta espera que tudo se d\u00ea da melhor forma e aponte para a paz.<br>No rebuli\u00e7o mundial estabelecido principalmente na economia, cada pa\u00eds resta com grandes tarefas para poderem continuar garantindo sua posi\u00e7\u00e3o no mundo globalizado. O Brasil \u00e9 um deles que tem como desafio grandes demandas e necessidades de reformula\u00e7\u00e3o de conceitos. Nossa democracia sofre m\u00faltiplos questionamentos, os Poderes da Rep\u00fablica acumulam diverg\u00eancias e desconfortos que n\u00e3o servem ao bem-estar da popula\u00e7\u00e3o composta por mais de 200 milh\u00f5es de patr\u00edcios. As lideran\u00e7as \u2013 principalmente as pol\u00edticas \u2013 sofrem contesta\u00e7\u00f5es e t\u00eam de se reinventar para n\u00e3o morrer.<br>A esperan\u00e7a de todos n\u00f3s, brasileiros, reside hoje no Congresso Nacional, composto pelo Senado de 81 senadores e C\u00e2mara de 513 deputados. Depois de d\u00e9cadas de baixo prest\u00edgio, o Parlamento recuperou sua boa imagem ao eleger os atuais presidentes das duas casas legislativas. Agora a esperan\u00e7a \u00e9 que ambos atuem \u00e0 altura das responsabilidades colocadas sobre seus ombros e, com a for\u00e7a de quem tem a atribui\u00e7\u00e3o de fabricar leis, possam fazer o melhor pars que o Brasil readquira o equil\u00edbrio entre os Tr\u00eas Poderes (Legislativo, Executivo e Judici\u00e1rio). Que cessem os arroubos do Executivo e do Judici\u00e1rio sobre o Legislativo e que o Legislativo sepulte em definitivo a s\u00edndrome de vira-latas que o acometeu por um bom tempo e enfraqueceu sua imagem. Vivemos um momento em que as vari\u00e1veis sociais, pol\u00edticas e econ\u00f4micas apontam para a constru\u00e7\u00e3o de uma nova e vitoriosa realidade. Novas lideran\u00e7as come\u00e7am a surgir e poder\u00e3o fazer das elei\u00e7\u00f5es de 2026 o moderno divisor de \u00e1guas para os brasileiros. Oxal\u00e1 tudo se concretize.<br>N\u00e3o devemos nos esquecer que a virada de ciclo \u00e9 mundial e n\u00f3s, os brasileiros, temos uma grande tarefa. Afinal, o nosso Pa\u00eds \u00e9 a maior economia da Am\u00e9rica do Sul e o mais justo \u00e9 que lidere o continente. A Argentina, que viveu tempos dif\u00edceis, est\u00e1 demonstrando recupera\u00e7\u00e3o e um novo milagre econ\u00f4mico. O pequeno Uruguai surfa rumo ao desenvolvimento. Outros pa\u00edses da \u00e1rea nem tanto, mas todos t\u00eam \u00e0 frente uma longa agenda a cumprir. Que o Brasil seja capaz de liderar esse processo, para o bem e a felicidade geral. Cada cidad\u00e3o com alguma parcela de poder ou influ\u00eancia pode ajudar nisso. N\u00e3o se omita, por favor\u2026<\/p>\n\n\n\n<p>Tenente Dirceu Cardoso Gon\u00e7alves &#8211; dirigente da ASPOMIL (Associa\u00e7\u00e3o de Assist\u00eancia Social dos Policiais Militares de S\u00e3o Paulo).<\/p>\n","protected":false},"excerpt":{"rendered":"<p>\u00c9 not\u00f3ria a vida do planeta em ciclos que se modificam de tempo em tempo&#8230;.<\/p>\n","protected":false},"author":1,"featured_media":23327,"comment_status":"open","ping_status":"open","sticky":false,"template":"","format":"standard","meta":{"footnotes":""},"categories":[9],"tags":[],"featured_image_urls":{"full":["https:\/\/novosaopaulo.com.br\/n1\/wp-content\/uploads\/2025\/04\/Tenente-Dirceu-Cardoso-Goncalves.jpg",600,564,false],"thumbnail":["https:\/\/novosaopaulo.com.br\/n1\/wp-content\/uploads\/2025\/04\/Tenente-Dirceu-Cardoso-Goncalves-150x150.jpg",150,150,true],"medium":["https:\/\/novosaopaulo.com.br\/n1\/wp-content\/uploads\/2025\/04\/Tenente-Dirceu-Cardoso-Goncalves-300x282.jpg",300,282,true],"medium_large":["https:\/\/novosaopaulo.com.br\/n1\/wp-content\/uploads\/2025\/04\/Tenente-Dirceu-Cardoso-Goncalves.jpg",600,564,false],"large":["https:\/\/novosaopaulo.com.br\/n1\/wp-content\/uploads\/2025\/04\/Tenente-Dirceu-Cardoso-Goncalves.jpg",600,564,false],"1536x1536":["https:\/\/novosaopaulo.com.br\/n1\/wp-content\/uploads\/2025\/04\/Tenente-Dirceu-Cardoso-Goncalves.jpg",600,564,false],"2048x2048":["https:\/\/novosaopaulo.com.br\/n1\/wp-content\/uploads\/2025\/04\/Tenente-Dirceu-Cardoso-Goncalves.jpg",600,564,false],"newsever-slider-full":["https:\/\/novosaopaulo.com.br\/n1\/wp-content\/uploads\/2025\/04\/Tenente-Dirceu-Cardoso-Goncalves.jpg",600,564,false],"newsever-featured":["https:\/\/novosaopaulo.com.br\/n1\/wp-content\/uploads\/2025\/04\/Tenente-Dirceu-Cardoso-Goncalves.jpg",600,564,false],"newsever-medium":["https:\/\/novosaopaulo.com.br\/n1\/wp-content\/uploads\/2025\/04\/Tenente-Dirceu-Cardoso-Goncalves-600x475.jpg",600,475,true]},"author_info":{"display_name":"Reda\u00e7\u00e3o","author_link":"https:\/\/novosaopaulo.com.br\/n1\/author\/g5poa\/"},"category_info":"<a href=\"https:\/\/novosaopaulo.com.br\/n1\/category\/geral\/\" rel=\"category tag\">Geral<\/a>","tag_info":"Geral","comment_count":"0","_links":{"self":[{"href":"https:\/\/novosaopaulo.com.br\/n1\/wp-json\/wp\/v2\/posts\/23527"}],"collection":[{"href":"https:\/\/novosaopaulo.com.br\/n1\/wp-json\/wp\/v2\/posts"}],"about":[{"href":"https:\/\/novosaopaulo.com.br\/n1\/wp-json\/wp\/v2\/types\/post"}],"author":[{"embeddable":true,"href":"https:\/\/novosaopaulo.com.br\/n1\/wp-json\/wp\/v2\/users\/1"}],"replies":[{"embeddable":true,"href":"https:\/\/novosaopaulo.com.br\/n1\/wp-json\/wp\/v2\/comments?post=23527"}],"version-history":[{"count":1,"href":"https:\/\/novosaopaulo.com.br\/n1\/wp-json\/wp\/v2\/posts\/23527\/revisions"}],"predecessor-version":[{"id":23528,"href":"https:\/\/novosaopaulo.com.br\/n1\/wp-json\/wp\/v2\/posts\/23527\/revisions\/23528"}],"wp:featuredmedia":[{"embeddable":true,"href":"https:\/\/novosaopaulo.com.br\/n1\/wp-json\/wp\/v2\/media\/23327"}],"wp:attachment":[{"href":"https:\/\/novosaopaulo.com.br\/n1\/wp-json\/wp\/v2\/media?parent=23527"}],"wp:term":[{"taxonomy":"category","embeddable":true,"href":"https:\/\/novosaopaulo.com.br\/n1\/wp-json\/wp\/v2\/categories?post=23527"},{"taxonomy":"post_tag","embeddable":true,"href":"https:\/\/novosaopaulo.com.br\/n1\/wp-json\/wp\/v2\/tags?post=23527"}],"curies":[{"name":"wp","href":"https:\/\/api.w.org\/{rel}","templated":true}]}}