{"id":23502,"date":"2025-04-21T17:29:58","date_gmt":"2025-04-21T20:29:58","guid":{"rendered":"https:\/\/novosaopaulo.com.br\/n1\/?p=23502"},"modified":"2025-04-21T17:29:59","modified_gmt":"2025-04-21T20:29:59","slug":"china-e-california-combatem-o-tarifaco-dos-eua","status":"publish","type":"post","link":"https:\/\/novosaopaulo.com.br\/n1\/china-e-california-combatem-o-tarifaco-dos-eua\/","title":{"rendered":"China e Calif\u00f3rnia combatem o \u201ctarifa\u00e7o\u201d dos EUA"},"content":{"rendered":"\n<p>A China convocou a reuni\u00e3o do Conselho de Seguran\u00e7a da ONU para acusar formalmente o governo de Donald Trump de intimida\u00e7\u00e3o por meio do com\u00e9rcio internacional e de \u201clan\u00e7ar uma sombra sobre os esfor\u00e7os globais pela paz e desenvolvimento\u201d. A carta \u00e9 uma resposta chinesa ao novo aumento das taxas de importa\u00e7\u00e3o americanas contra produtos da China. Os impostos atingem 245% e est\u00e3o divididos em tr\u00eas categorias: 125% nas tarifas \u201cuniversais\u201d, 20% de al\u00edquota relacionada \u00e0 crise do fentanil e taxas retaliat\u00f3rias, que v\u00e3o de 7,5% at\u00e9 100%. Os americanos focam em produtos de tecnologia, propriedade intelectual e inova\u00e7\u00e3o.<br>O governador democrata Gavin Newsom, da Calif\u00f3rnia, o mais rico dos estados norteamericanos, afirmou que tarifas impostas pela gest\u00e3o do republicano a mais de 180 pa\u00edses do mundo est\u00e3o causando o &#8216;caos&#8217; para as fam\u00edlias americanas, e que pedir\u00e1 \u00e0 Justi\u00e7a bloqueio imediato das tarifas.Adiantou que seu estado vai processar o governo dos EUA contra o &#8220;tarifa\u00e7o&#8221; de Trump, que desencadeou a guerra comercial global. Vai contestar a autoridade do presidente para impor as tarifas generalizadas, que est\u00e3o causando o &#8220;caos&#8221; para as popula\u00e7\u00f5es.<br>As tarifas criadas por Trump v\u00eam debilitando o mercado financeiro e as cota\u00e7\u00f5es das moedas. A disposi\u00e7\u00e3o da China para enfrentar a medida unilateral \u00e9 o pren\u00fancio de crise ou pode representar a possibilidade de um acordo, j\u00e1 que os EUA s\u00e3o a maior economia do mundo e a China \u00e9 o segundo lugar. O que ambos vierem a fazer atrav\u00e9s de acordo poder\u00e1 servir \u00e0s quase duas centenas dos outros pa\u00edses, inclusive o Brasil.<br>Quando Donald Trump assumiu, a 20 de janeiro, a gtande preocupa\u00e7\u00e3o internacionl estava no endurecimento da pol\u00edtica de imigta\u00e7\u00e3o aos EUA. Mas, o \u201ctarifa\u00e7o\u201d atraiu todas as aten\u00e7\u00f5es e hoje, se n\u00e3o for bem adminitrado, pode at\u00e9 levar \u00e0 guerra. O desejo geral \u00e9 que se encontre o melhor acordo poss\u00edvel. Que Trump n\u00e3o perca seu tempo em temas de menor import\u00e2ncia ou de interesse exclusivo dos EUA. Seus aliados esperam o aporte pol\u00edtico para solucionar problemas espalhados nos pa\u00edses parceiros; jamais a presen\u00e7a da pot\u00eancia do norte na condi\u00e7\u00e3o de inimiga. Dezenas de pa\u00edses aliados ou grupos pol\u00edticos dessas na\u00e7\u00f5es aguardam o apoio nos princ\u00edpios e procedimentos democr\u00e1ticos decorrentes das leis e da autoridade norteamericana.<br>Independente de como vai terminar a crise das tarifas, o mundo espera que ela resulte em progresso e organiza\u00e7\u00e3o. O agroneg\u00f3cio brasileiro, por exemplo, maior for\u00e7a da economia nacional espera com as mudan\u00e7as estabelecidas, vender mais carne e gr\u00e3os na pauta internacional, onde tem sido fortemente prejudicado pela Fran\u00e7a e outros pa\u00edses atuam contra a coloca\u00e7\u00e3o das nossas mercaodrias no mercado externo. Que nosso governo fa\u00e7a o melhor e n\u00e3o politize a quest\u00e3o para evitar problemas e danos aos produtores brasileiros.<\/p>\n\n\n\n<p>Tenente Dirceu Cardoso Gon\u00e7alves &#8211; dirigente da ASPOMIL (Associa\u00e7\u00e3o de Assist\u00eancia Social dos Policiais Militares de S\u00e3o Paulo).<\/p>\n","protected":false},"excerpt":{"rendered":"<p>A China convocou a reuni\u00e3o do Conselho de Seguran\u00e7a da ONU para acusar formalmente o&#8230;<\/p>\n","protected":false},"author":1,"featured_media":23327,"comment_status":"open","ping_status":"open","sticky":false,"template":"","format":"standard","meta":{"footnotes":""},"categories":[9],"tags":[],"featured_image_urls":{"full":["https:\/\/novosaopaulo.com.br\/n1\/wp-content\/uploads\/2025\/04\/Tenente-Dirceu-Cardoso-Goncalves.jpg",600,564,false],"thumbnail":["https:\/\/novosaopaulo.com.br\/n1\/wp-content\/uploads\/2025\/04\/Tenente-Dirceu-Cardoso-Goncalves-150x150.jpg",150,150,true],"medium":["https:\/\/novosaopaulo.com.br\/n1\/wp-content\/uploads\/2025\/04\/Tenente-Dirceu-Cardoso-Goncalves-300x282.jpg",300,282,true],"medium_large":["https:\/\/novosaopaulo.com.br\/n1\/wp-content\/uploads\/2025\/04\/Tenente-Dirceu-Cardoso-Goncalves.jpg",600,564,false],"large":["https:\/\/novosaopaulo.com.br\/n1\/wp-content\/uploads\/2025\/04\/Tenente-Dirceu-Cardoso-Goncalves.jpg",600,564,false],"1536x1536":["https:\/\/novosaopaulo.com.br\/n1\/wp-content\/uploads\/2025\/04\/Tenente-Dirceu-Cardoso-Goncalves.jpg",600,564,false],"2048x2048":["https:\/\/novosaopaulo.com.br\/n1\/wp-content\/uploads\/2025\/04\/Tenente-Dirceu-Cardoso-Goncalves.jpg",600,564,false],"newsever-slider-full":["https:\/\/novosaopaulo.com.br\/n1\/wp-content\/uploads\/2025\/04\/Tenente-Dirceu-Cardoso-Goncalves.jpg",600,564,false],"newsever-featured":["https:\/\/novosaopaulo.com.br\/n1\/wp-content\/uploads\/2025\/04\/Tenente-Dirceu-Cardoso-Goncalves.jpg",600,564,false],"newsever-medium":["https:\/\/novosaopaulo.com.br\/n1\/wp-content\/uploads\/2025\/04\/Tenente-Dirceu-Cardoso-Goncalves-600x475.jpg",600,475,true]},"author_info":{"display_name":"Reda\u00e7\u00e3o","author_link":"https:\/\/novosaopaulo.com.br\/n1\/author\/g5poa\/"},"category_info":"<a href=\"https:\/\/novosaopaulo.com.br\/n1\/category\/geral\/\" rel=\"category tag\">Geral<\/a>","tag_info":"Geral","comment_count":"0","_links":{"self":[{"href":"https:\/\/novosaopaulo.com.br\/n1\/wp-json\/wp\/v2\/posts\/23502"}],"collection":[{"href":"https:\/\/novosaopaulo.com.br\/n1\/wp-json\/wp\/v2\/posts"}],"about":[{"href":"https:\/\/novosaopaulo.com.br\/n1\/wp-json\/wp\/v2\/types\/post"}],"author":[{"embeddable":true,"href":"https:\/\/novosaopaulo.com.br\/n1\/wp-json\/wp\/v2\/users\/1"}],"replies":[{"embeddable":true,"href":"https:\/\/novosaopaulo.com.br\/n1\/wp-json\/wp\/v2\/comments?post=23502"}],"version-history":[{"count":1,"href":"https:\/\/novosaopaulo.com.br\/n1\/wp-json\/wp\/v2\/posts\/23502\/revisions"}],"predecessor-version":[{"id":23503,"href":"https:\/\/novosaopaulo.com.br\/n1\/wp-json\/wp\/v2\/posts\/23502\/revisions\/23503"}],"wp:featuredmedia":[{"embeddable":true,"href":"https:\/\/novosaopaulo.com.br\/n1\/wp-json\/wp\/v2\/media\/23327"}],"wp:attachment":[{"href":"https:\/\/novosaopaulo.com.br\/n1\/wp-json\/wp\/v2\/media?parent=23502"}],"wp:term":[{"taxonomy":"category","embeddable":true,"href":"https:\/\/novosaopaulo.com.br\/n1\/wp-json\/wp\/v2\/categories?post=23502"},{"taxonomy":"post_tag","embeddable":true,"href":"https:\/\/novosaopaulo.com.br\/n1\/wp-json\/wp\/v2\/tags?post=23502"}],"curies":[{"name":"wp","href":"https:\/\/api.w.org\/{rel}","templated":true}]}}