{"id":23425,"date":"2025-04-16T13:20:06","date_gmt":"2025-04-16T16:20:06","guid":{"rendered":"https:\/\/novosaopaulo.com.br\/n1\/?p=23425"},"modified":"2025-04-16T13:20:07","modified_gmt":"2025-04-16T16:20:07","slug":"conta-de-energia-subira-ao-menos-35-em-2025-estima-aneel","status":"publish","type":"post","link":"https:\/\/novosaopaulo.com.br\/n1\/conta-de-energia-subira-ao-menos-35-em-2025-estima-aneel\/","title":{"rendered":"Conta de energia subir\u00e1 ao menos 3,5% em 2025, estima Aneel"},"content":{"rendered":"\n<p>As tarifas de energia el\u00e9trica no Brasil devem aumentar em m\u00e9dia 3,5% em 2025, abaixo da infla\u00e7\u00e3o projetada para o ano, diz a Aneel (Ag\u00eancia Nacional de Energia El\u00e9trica). As cobran\u00e7as adicionais, geradas pelo sistema de bandeiras tarif\u00e1rias, ainda devem afetar a conta de luz e podem atingir os consumidores j\u00e1 a partir de maio.<\/p>\n\n\n\n<p>A Aneel divulgou nesta segunda-feira (7) a proje\u00e7\u00e3o de aumento para este ano. O n\u00famero est\u00e1 abaixo das estimativas de 5,6% para o \u00edndice de IPCA e 5,1% para o IGP-M.<\/p>\n\n\n\n<p>Pelos c\u00e1lculos da ag\u00eancia reguladora, a alta tarif\u00e1ria em 2025 reflete principalmente aumentos de 2% da chamada \u201cparcela B\u201d, que engloba os custos com a atividade de distribui\u00e7\u00e3o de energia, e de 1,6% dos encargos setoriais, principalmente a CDE (Conta de Desenvolvimento Energ\u00e9tico), que re\u00fane os principais subs\u00eddios do setor el\u00e9trico.<\/p>\n\n\n\n<p>Uma queda de 2,7% de componentes financeiros da tarifa ajuda a frear a alta, puxada pela devolu\u00e7\u00e3o aos consumidores de valores cobrados a mais na conta de energia antes da exclus\u00e3o do ICMS da base de c\u00e1lculo do PIS\/Cofins.<\/p>\n\n\n\n<p>No entanto, cobran\u00e7as extras na conta de luz devem come\u00e7ar a ser vistas em maio, provavelmente com acionamento da bandeira amarela conforme proje\u00e7\u00f5es de analistas, em fun\u00e7\u00e3o do cen\u00e1rio mais desfavor\u00e1vel para gera\u00e7\u00e3o de energia el\u00e9trica no pa\u00eds.<\/p>\n\n\n\n<p>Al\u00e9m da entrada no per\u00edodo seco, que afeta a energia hidrel\u00e9trica, ainda principal fonte da matriz brasileira, os custos de gera\u00e7\u00e3o t\u00eam sido afetados por um modelo de precifica\u00e7\u00e3o mais avesso a risco. Isso faz com que o pre\u00e7o no mercado de curto prazo aumente, ainda que os reservat\u00f3rios das hidrel\u00e9tricas estejam pr\u00f3ximos de 70%, em n\u00edveis considerados confort\u00e1veis no passado.<\/p>\n\n\n\n<p>Cen\u00e1rios da CCEE (C\u00e2mara de Comercializa\u00e7\u00e3o de Energia El\u00e9trica) indicam maior probabilidade de bandeira amarela na conta de luz no pr\u00f3ximo m\u00eas, adicionando \u00e0 conta de luz R$ 1,88 a cada 100 quilowatts-hora (kWh) consumidos, depois de cinco meses com o acionamento da verde, sem cobran\u00e7a extra.<\/p>\n\n\n\n<p>A corretora Warren Rena tamb\u00e9m prev\u00ea bandeira amarela em maio, seguida por uma sequ\u00eancia de bandeiras vermelhas patamar 1 e vermelha 2 entre junho e outubro. A previs\u00e3o da institui\u00e7\u00e3o \u00e9 de bandeira verde em dezembro, de modo que n\u00e3o haveria impacto para o IPCA do ano, estimado em 5,5%.<\/p>\n\n\n\n<p>Hoje, cobra-se a mais dos consumidores R$ 4,46 a cada100 kWh na bandeira vermelha 1 e R$ 7,87 por 100kWh na vermelha 2.<\/p>\n\n\n\n<p>J\u00e1 a Ampere Consultoria, que fornece solu\u00e7\u00f5es para os setores de energia e agroneg\u00f3cio, projeta atualmente bandeira amarela em maio e bandeiras vermelhas at\u00e9 novembro, encerrando o ano com bandeira novamente amarela. As previs\u00f5es da Ampere ser\u00e3o atualizadas nesta semana.<\/p>\n\n\n\n<p>A cobran\u00e7a extra na conta de luz via bandeiras foi criada para repassar de forma mais imediata aos consumidores os aumentos nos custos de gera\u00e7\u00e3o de energia. O mecanismo tamb\u00e9m serve para conscientizar os consumidores sobre a situa\u00e7\u00e3o de gera\u00e7\u00e3o el\u00e9trica do pa\u00eds e eventual necessidade de economia de energia.<\/p>\n\n\n\n<p>Al\u00e9m do pre\u00e7o spot de energia, chamado de PLD, outros fatores entram no c\u00e1lculo das bandeiras tarif\u00e1rias, como o risco hidrol\u00f3gico (GSF, na sigla em ingl\u00eas), que exp\u00f5e os geradores hidrel\u00e9tricos ao mercado de energia de curto prazo.<\/p>\n\n\n\n<p>Em 2024, a bandeira tarif\u00e1ria foi verde aos consumidores at\u00e9 julho, quando foi acionada a amarela. A cobran\u00e7a adicional voltou em setembro e se seguiu at\u00e9 novembro, com o ano encerrando com a bandeira verde em dezembro.<\/p>\n\n\n\n<p>LEIA MAIS EM: Folha de S\u00e3o Paulo<\/p>\n","protected":false},"excerpt":{"rendered":"<p>As tarifas de energia el\u00e9trica no Brasil devem aumentar em m\u00e9dia 3,5% em 2025, abaixo&#8230;<\/p>\n","protected":false},"author":1,"featured_media":23426,"comment_status":"open","ping_status":"open","sticky":false,"template":"","format":"standard","meta":{"footnotes":""},"categories":[2,9],"tags":[],"featured_image_urls":{"full":["https:\/\/novosaopaulo.com.br\/n1\/wp-content\/uploads\/2025\/04\/download.jpg",268,188,false],"thumbnail":["https:\/\/novosaopaulo.com.br\/n1\/wp-content\/uploads\/2025\/04\/download-150x150.jpg",150,150,true],"medium":["https:\/\/novosaopaulo.com.br\/n1\/wp-content\/uploads\/2025\/04\/download.jpg",268,188,false],"medium_large":["https:\/\/novosaopaulo.com.br\/n1\/wp-content\/uploads\/2025\/04\/download.jpg",268,188,false],"large":["https:\/\/novosaopaulo.com.br\/n1\/wp-content\/uploads\/2025\/04\/download.jpg",268,188,false],"1536x1536":["https:\/\/novosaopaulo.com.br\/n1\/wp-content\/uploads\/2025\/04\/download.jpg",268,188,false],"2048x2048":["https:\/\/novosaopaulo.com.br\/n1\/wp-content\/uploads\/2025\/04\/download.jpg",268,188,false],"newsever-slider-full":["https:\/\/novosaopaulo.com.br\/n1\/wp-content\/uploads\/2025\/04\/download.jpg",268,188,false],"newsever-featured":["https:\/\/novosaopaulo.com.br\/n1\/wp-content\/uploads\/2025\/04\/download.jpg",268,188,false],"newsever-medium":["https:\/\/novosaopaulo.com.br\/n1\/wp-content\/uploads\/2025\/04\/download.jpg",268,188,false]},"author_info":{"display_name":"Reda\u00e7\u00e3o","author_link":"https:\/\/novosaopaulo.com.br\/n1\/author\/g5poa\/"},"category_info":"<a href=\"https:\/\/novosaopaulo.com.br\/n1\/category\/cidades\/\" rel=\"category tag\">Cidades<\/a> <a href=\"https:\/\/novosaopaulo.com.br\/n1\/category\/geral\/\" rel=\"category tag\">Geral<\/a>","tag_info":"Geral","comment_count":"0","_links":{"self":[{"href":"https:\/\/novosaopaulo.com.br\/n1\/wp-json\/wp\/v2\/posts\/23425"}],"collection":[{"href":"https:\/\/novosaopaulo.com.br\/n1\/wp-json\/wp\/v2\/posts"}],"about":[{"href":"https:\/\/novosaopaulo.com.br\/n1\/wp-json\/wp\/v2\/types\/post"}],"author":[{"embeddable":true,"href":"https:\/\/novosaopaulo.com.br\/n1\/wp-json\/wp\/v2\/users\/1"}],"replies":[{"embeddable":true,"href":"https:\/\/novosaopaulo.com.br\/n1\/wp-json\/wp\/v2\/comments?post=23425"}],"version-history":[{"count":1,"href":"https:\/\/novosaopaulo.com.br\/n1\/wp-json\/wp\/v2\/posts\/23425\/revisions"}],"predecessor-version":[{"id":23427,"href":"https:\/\/novosaopaulo.com.br\/n1\/wp-json\/wp\/v2\/posts\/23425\/revisions\/23427"}],"wp:featuredmedia":[{"embeddable":true,"href":"https:\/\/novosaopaulo.com.br\/n1\/wp-json\/wp\/v2\/media\/23426"}],"wp:attachment":[{"href":"https:\/\/novosaopaulo.com.br\/n1\/wp-json\/wp\/v2\/media?parent=23425"}],"wp:term":[{"taxonomy":"category","embeddable":true,"href":"https:\/\/novosaopaulo.com.br\/n1\/wp-json\/wp\/v2\/categories?post=23425"},{"taxonomy":"post_tag","embeddable":true,"href":"https:\/\/novosaopaulo.com.br\/n1\/wp-json\/wp\/v2\/tags?post=23425"}],"curies":[{"name":"wp","href":"https:\/\/api.w.org\/{rel}","templated":true}]}}