{"id":23393,"date":"2025-04-15T20:08:22","date_gmt":"2025-04-15T23:08:22","guid":{"rendered":"https:\/\/novosaopaulo.com.br\/n1\/?p=23393"},"modified":"2025-04-15T20:08:23","modified_gmt":"2025-04-15T23:08:23","slug":"caos-no-transito-da-vila-perracine","status":"publish","type":"post","link":"https:\/\/novosaopaulo.com.br\/n1\/caos-no-transito-da-vila-perracine\/","title":{"rendered":"Caos no tr\u00e2nsito da Vila Perracine"},"content":{"rendered":"\n<p>Simplesmente insuport\u00e1vel a situa\u00e7\u00e3o da Rua Clemente Cunha Ferreira, na Vila Perracine, por causa do intenso tr\u00e2nsito que por ela passa durante todo o dia e que fica muito mais complicado no per\u00edodo noturno.<br>O bairro Perracine recebeu muitos pr\u00e9dios e condom\u00ednios, alguns at\u00e9 com tr\u00eas mil fam\u00edlias, e o n\u00famero de ve\u00edculos disparou, sem que houvesse por parte da Prefeitura, mais especificamente da Secretaria de Transportes, um ajuste no tr\u00e2nsito local para minimizar os problemas.<br>O estrangulamento do tr\u00e2nsito ocorre porque nos dois lados da rua h\u00e1 estacionamento; \u00f4nibus se cruzam nos dois sentidos da via; o caminh\u00e3o de lixo passa no hor\u00e1rio mais inadequado, em pleno rush, ficando muito tempo parado para recolher o lixo, o que acaba criando congestionamentos. \u00c0 noite, o motorista demora at\u00e9 20 minutos para percorrer a rua por causa de tantos obst\u00e1culos.<br>Os moradores j\u00e1 fizeram v\u00e1rios pedidos \u00e0 Prefeitura para que pro\u00edba estacionamento nos dois lados da rua e que mude o hor\u00e1rio da passagem do caminh\u00e3o de lixo para a madrugada, a\u00e7\u00f5es que j\u00e1 v\u00e3o aliviar o tr\u00e2nsito, mas n\u00e3o foram atendidos. At\u00e9 mesmo o vereador Renato da Padaria, que mora na Perracine, j\u00e1 fez pedidos para resolver o problema, mas n\u00e3o recebeu resposta.<br>Al\u00e9m do caos no tr\u00e2nsito, a rua tamb\u00e9m est\u00e1 muito mal Iluminada, o que aumenta as dificuldades que a popula\u00e7\u00e3o enfrenta.<\/p>\n","protected":false},"excerpt":{"rendered":"<p>Simplesmente insuport\u00e1vel a situa\u00e7\u00e3o da Rua Clemente Cunha Ferreira, na Vila Perracine, por causa do&#8230;<\/p>\n","protected":false},"author":1,"featured_media":0,"comment_status":"open","ping_status":"open","sticky":false,"template":"","format":"standard","meta":{"footnotes":""},"categories":[8],"tags":[],"featured_image_urls":{"full":"","thumbnail":"","medium":"","medium_large":"","large":"","1536x1536":"","2048x2048":"","newsever-slider-full":"","newsever-featured":"","newsever-medium":""},"author_info":{"display_name":"Reda\u00e7\u00e3o","author_link":"https:\/\/novosaopaulo.com.br\/n1\/author\/g5poa\/"},"category_info":"<a href=\"https:\/\/novosaopaulo.com.br\/n1\/category\/poa\/\" rel=\"category tag\">Po\u00e1<\/a>","tag_info":"Po\u00e1","comment_count":"0","_links":{"self":[{"href":"https:\/\/novosaopaulo.com.br\/n1\/wp-json\/wp\/v2\/posts\/23393"}],"collection":[{"href":"https:\/\/novosaopaulo.com.br\/n1\/wp-json\/wp\/v2\/posts"}],"about":[{"href":"https:\/\/novosaopaulo.com.br\/n1\/wp-json\/wp\/v2\/types\/post"}],"author":[{"embeddable":true,"href":"https:\/\/novosaopaulo.com.br\/n1\/wp-json\/wp\/v2\/users\/1"}],"replies":[{"embeddable":true,"href":"https:\/\/novosaopaulo.com.br\/n1\/wp-json\/wp\/v2\/comments?post=23393"}],"version-history":[{"count":1,"href":"https:\/\/novosaopaulo.com.br\/n1\/wp-json\/wp\/v2\/posts\/23393\/revisions"}],"predecessor-version":[{"id":23394,"href":"https:\/\/novosaopaulo.com.br\/n1\/wp-json\/wp\/v2\/posts\/23393\/revisions\/23394"}],"wp:attachment":[{"href":"https:\/\/novosaopaulo.com.br\/n1\/wp-json\/wp\/v2\/media?parent=23393"}],"wp:term":[{"taxonomy":"category","embeddable":true,"href":"https:\/\/novosaopaulo.com.br\/n1\/wp-json\/wp\/v2\/categories?post=23393"},{"taxonomy":"post_tag","embeddable":true,"href":"https:\/\/novosaopaulo.com.br\/n1\/wp-json\/wp\/v2\/tags?post=23393"}],"curies":[{"name":"wp","href":"https:\/\/api.w.org\/{rel}","templated":true}]}}