{"id":23385,"date":"2025-04-14T14:30:37","date_gmt":"2025-04-14T17:30:37","guid":{"rendered":"https:\/\/novosaopaulo.com.br\/n1\/?p=23385"},"modified":"2025-04-14T14:30:38","modified_gmt":"2025-04-14T17:30:38","slug":"mauricio-neves-apresenta-projeto-para-classificar-invasao-de-terra-como-terrorismo","status":"publish","type":"post","link":"https:\/\/novosaopaulo.com.br\/n1\/mauricio-neves-apresenta-projeto-para-classificar-invasao-de-terra-como-terrorismo\/","title":{"rendered":"Mauricio Neves apresenta projeto para classificar invas\u00e3o de terra como terrorismo"},"content":{"rendered":"\n<p>A\u00e7\u00f5es deste ano j\u00e1 superam o ritmo de 2024, com 22 ocupa\u00e7\u00f5es at\u00e9 abril \u2014 62% do total registrado em todo o ano passado.<\/p>\n\n\n\n<p>O deputado federal Mauricio Neves (PP-SP) apresentou um projeto de lei que classifica como ato de terrorismo a invas\u00e3o de propriedades rurais em territ\u00f3rio nacional. A medida vem em resposta ao avan\u00e7o das a\u00e7\u00f5es do Movimento dos Trabalhadores Rurais Sem Terra (MST), que j\u00e1 se apropriou de propriedades privadas em oito estados s\u00f3 em 2025, intensificando o chamado \u201cAbril Vermelho\u201d.<\/p>\n\n\n\n<p>A proposta prev\u00ea pena de 15 a 30 anos de reclus\u00e3o para quem participar, organizar ou financiar atos de invas\u00e3o, com foco na prote\u00e7\u00e3o da propriedade privada e na garantia da ordem no campo: \u201cInvas\u00e3o de terra \u00e9 crime, amea\u00e7a quem trabalha e produz, e precisa ser tratada com a gravidade que merece\u201d, afirmou Neves.<\/p>\n\n\n\n<p>Com a\u00e7\u00f5es registradas em dez estados brasileiros, o movimento deste ano j\u00e1 contabiliza 22 ocupa\u00e7\u00f5es, incluindo \u00e1reas rurais e pr\u00e9dios p\u00fablicos ligados \u00e0 reforma agr\u00e1ria. Os estados atingidos at\u00e9 agora incluem Rio de Janeiro, S\u00e3o Paulo, Minas Gerais, Pernambuco, Para\u00edba, Goi\u00e1s, Cear\u00e1, Rio Grande do Norte, Sergipe e Par\u00e1. O total de a\u00e7\u00f5es j\u00e1 realizadas representa 62% do volume registrado durante todo o ano de 2024, que teve 35 ocorr\u00eancias no per\u00edodo.<\/p>\n\n\n\n<p>O epis\u00f3dio de maior escala at\u00e9 aqui ocorreu em Goiana (PE), com a ocupa\u00e7\u00e3o da Usina Santa Teresa por cerca de 800 fam\u00edlias. J\u00e1 em Petrolina, tamb\u00e9m em Pernambuco, 400 fam\u00edlias tomaram posse de uma propriedade rural.<\/p>\n\n\n\n<p>O parlamentar tamb\u00e9m criticou a omiss\u00e3o do Governo Federal diante da escalada das invas\u00f5es e afirmou que o Congresso precisa reagir com firmeza. O projeto agora segue para an\u00e1lise nas comiss\u00f5es da C\u00e2mara dos Deputados.<\/p>\n","protected":false},"excerpt":{"rendered":"<p>A\u00e7\u00f5es deste ano j\u00e1 superam o ritmo de 2024, com 22 ocupa\u00e7\u00f5es at\u00e9 abril \u2014&#8230;<\/p>\n","protected":false},"author":1,"featured_media":23386,"comment_status":"open","ping_status":"open","sticky":false,"template":"","format":"standard","meta":{"footnotes":""},"categories":[2],"tags":[],"featured_image_urls":{"full":["https:\/\/novosaopaulo.com.br\/n1\/wp-content\/uploads\/2025\/04\/6576709c-5b0a-41fe-a5bc-6442597eb1e1.jpg",1000,666,false],"thumbnail":["https:\/\/novosaopaulo.com.br\/n1\/wp-content\/uploads\/2025\/04\/6576709c-5b0a-41fe-a5bc-6442597eb1e1-150x150.jpg",150,150,true],"medium":["https:\/\/novosaopaulo.com.br\/n1\/wp-content\/uploads\/2025\/04\/6576709c-5b0a-41fe-a5bc-6442597eb1e1-300x200.jpg",300,200,true],"medium_large":["https:\/\/novosaopaulo.com.br\/n1\/wp-content\/uploads\/2025\/04\/6576709c-5b0a-41fe-a5bc-6442597eb1e1-768x511.jpg",640,426,true],"large":["https:\/\/novosaopaulo.com.br\/n1\/wp-content\/uploads\/2025\/04\/6576709c-5b0a-41fe-a5bc-6442597eb1e1.jpg",640,426,false],"1536x1536":["https:\/\/novosaopaulo.com.br\/n1\/wp-content\/uploads\/2025\/04\/6576709c-5b0a-41fe-a5bc-6442597eb1e1.jpg",1000,666,false],"2048x2048":["https:\/\/novosaopaulo.com.br\/n1\/wp-content\/uploads\/2025\/04\/6576709c-5b0a-41fe-a5bc-6442597eb1e1.jpg",1000,666,false],"newsever-slider-full":["https:\/\/novosaopaulo.com.br\/n1\/wp-content\/uploads\/2025\/04\/6576709c-5b0a-41fe-a5bc-6442597eb1e1.jpg",1000,666,false],"newsever-featured":["https:\/\/novosaopaulo.com.br\/n1\/wp-content\/uploads\/2025\/04\/6576709c-5b0a-41fe-a5bc-6442597eb1e1.jpg",1000,666,false],"newsever-medium":["https:\/\/novosaopaulo.com.br\/n1\/wp-content\/uploads\/2025\/04\/6576709c-5b0a-41fe-a5bc-6442597eb1e1-720x475.jpg",720,475,true]},"author_info":{"display_name":"Reda\u00e7\u00e3o","author_link":"https:\/\/novosaopaulo.com.br\/n1\/author\/g5poa\/"},"category_info":"<a href=\"https:\/\/novosaopaulo.com.br\/n1\/category\/cidades\/\" rel=\"category tag\">Cidades<\/a>","tag_info":"Cidades","comment_count":"0","_links":{"self":[{"href":"https:\/\/novosaopaulo.com.br\/n1\/wp-json\/wp\/v2\/posts\/23385"}],"collection":[{"href":"https:\/\/novosaopaulo.com.br\/n1\/wp-json\/wp\/v2\/posts"}],"about":[{"href":"https:\/\/novosaopaulo.com.br\/n1\/wp-json\/wp\/v2\/types\/post"}],"author":[{"embeddable":true,"href":"https:\/\/novosaopaulo.com.br\/n1\/wp-json\/wp\/v2\/users\/1"}],"replies":[{"embeddable":true,"href":"https:\/\/novosaopaulo.com.br\/n1\/wp-json\/wp\/v2\/comments?post=23385"}],"version-history":[{"count":1,"href":"https:\/\/novosaopaulo.com.br\/n1\/wp-json\/wp\/v2\/posts\/23385\/revisions"}],"predecessor-version":[{"id":23387,"href":"https:\/\/novosaopaulo.com.br\/n1\/wp-json\/wp\/v2\/posts\/23385\/revisions\/23387"}],"wp:featuredmedia":[{"embeddable":true,"href":"https:\/\/novosaopaulo.com.br\/n1\/wp-json\/wp\/v2\/media\/23386"}],"wp:attachment":[{"href":"https:\/\/novosaopaulo.com.br\/n1\/wp-json\/wp\/v2\/media?parent=23385"}],"wp:term":[{"taxonomy":"category","embeddable":true,"href":"https:\/\/novosaopaulo.com.br\/n1\/wp-json\/wp\/v2\/categories?post=23385"},{"taxonomy":"post_tag","embeddable":true,"href":"https:\/\/novosaopaulo.com.br\/n1\/wp-json\/wp\/v2\/tags?post=23385"}],"curies":[{"name":"wp","href":"https:\/\/api.w.org\/{rel}","templated":true}]}}