{"id":23356,"date":"2025-04-12T21:49:55","date_gmt":"2025-04-13T00:49:55","guid":{"rendered":"https:\/\/novosaopaulo.com.br\/n1\/?p=23356"},"modified":"2025-04-12T21:49:56","modified_gmt":"2025-04-13T00:49:56","slug":"trump-tarifaco-conquistas-territoriais-e-lula","status":"publish","type":"post","link":"https:\/\/novosaopaulo.com.br\/n1\/trump-tarifaco-conquistas-territoriais-e-lula\/","title":{"rendered":"Trump, tarifa\u00e7o, conquistas territoriais e Lula\u2026"},"content":{"rendered":"\n<p>Nos tempos de aprendizado escolar e pr\u00e9-adolescente, recebi dezenas &#8211; talvez at\u00e9 uma centena ou mais &#8211; de aulas onde os professores relataram a epop\u00e9ia do descobrimento e posse de terras at\u00e9 ent\u00e3o in\u00f3spitas localizadas nas mais diferentes regi\u00f5es do planeta. Os criativos mestres de ent\u00e3o nos revelavam desde os epis\u00f3dios das caravelas contornando os continentes \u00e0 \u00e9poca conhecidos para buscar especiarias nas \u00cdndias, incidentes como as calmarias mar\u00edtimas que entraram at\u00e9 o descobrimento do Brasil al\u00e9m de conquistas de territ\u00f3rios pela for\u00e7a sobre os nativos e muitos relatos, verdadeiros ou falsos. Tudo nos conduzia \u00e0 cren\u00e7a de que eram puros fatos do passado que jamais voltariam a ocorrer. At\u00e9 porque a composi\u00e7\u00e3o dos territ\u00f3rios e fronteiras de nosso tempo \u00e9 resultante de guerras e acordos entre as na\u00e7\u00f5es firmados nos \u00faltimos s\u00e9culos sob orienta\u00e7\u00e3o e fiscaliza\u00e7\u00e3o dos organismos internacionais ou at\u00e9 dos pr\u00f3prios pa\u00edses em conflito, por ocasi\u00e3o dos armisticios.<br>Tentativas de anexa\u00e7\u00e3o territorial como a que a Venezuela tenta hoje impor sobre Ezequibo &#8211; prov\u00edncia mineral e petrol\u00edfera da Guiana &#8211; s\u00e3o malvistas e tendem a n\u00e3o se concretizar. Mas quando a a\u00e7\u00e3o parte dos Estados Unidos, pa\u00eds detentor da maior economia de nosso planeta , \u00e9 diferente e preocupante.<br>O presidente Donald Trump, que assumiu o governo estadunidense em 20 de janeiro anunciou seu prop\u00f3sito de agregar ao seu pa\u00eds &#8211; por compra ou conquista militar &#8211; o Canad\u00e1 e a ilha da Groenl\u00e2ndia, hoje sob dom\u00ednio da Dinamarca. E, logicamente, com a oposi\u00e7\u00e3o e repulsa daqueles pa\u00edses e provocando a preocupa\u00e7\u00e3o de todo o mundo. N\u00e3o \u00e9 cr\u00edvel que a grande pot\u00eancia liquide militarmente os pa\u00edses menores e nem que o resto das na\u00e7\u00f5es aceitem a agress\u00e3o pacificamente, como se cordeiros fossem.<br>Trump quer os territ\u00f3rios do Canad\u00e1 e da Groenl\u00e2ndia por causa dos recursos naturais neles existentes e por passagens estrat\u00e9gicas que poder\u00e3o proporcionar mais seguran\u00e7a aos EUA na regi\u00e3o do \u00c1rtico. Da\u00ed seus movimentos para chegar ao objetivo. Canad\u00e1, no plano do presidente, dever\u00e1 ser o 51\u00ba e Groenl\u00e2ndia o 52\u00ba estado norteamericano, se a anexa\u00e7\u00e3o for concretizada.<br>Preocupa-me, no entanto, a op\u00e7\u00e3o do mandat\u00e1rio americano na busca dos seus objetivos internacionais. Jamais deveria ter admitido (e muito menos falado) a possibilidade de ocupar militarmente os territ\u00f3rios pretendidos, quando o mais confort\u00e1vel e racional seria negociar, j\u00e1 que n\u00e3o lhe falta o dinheiro necess\u00e1rio ao pagamento das poss\u00edveis indeniza\u00e7\u00f5es. O ideal \u00e9 que se as anexa\u00e7\u00f5es territoriais ocorrerem, isso seja fruto de um neg\u00f3cio imobili\u00e1rio, jamais de uma guerra.<br>\u00c9 algo semelhante ao tarifa\u00e7o unilateral que Trump vem promovendo em rela\u00e7\u00e3o aos pa\u00edses que negociam com os Estados Unidos. Em vez de imposi\u00e7\u00e3o, o ideal seriam a negocia\u00e7\u00e3o e a paz. Da forma que vem ocorrendo, j\u00e1 foi deflagrada a chamada \u201cguerra econ\u00f4mica\u201d que poder\u00e1 n\u00e3o beneficiar nenhum dos guerreantes.<br>Da mesma forma que temos criticado declara\u00e7\u00f5es infelizes do presidente Lula, na obriga\u00e7\u00e3o de \u2013 para ser justo \u2013 destacar seu posicionamento em rela\u00e7\u00e3o ao tarifa\u00e7os e as anexa\u00e7\u00f5es pretendidas pelo seu colega norteamericano. Quando lembra que os EUA operado da forma que Trump tem feito nos \u00faltimos dois meses pode se transformar numa letal arma de guerra, Lula tem raz\u00e3o. Melhor seria que os EUA, em vez de impor tarifas ao que compra e vende, negociasse as al\u00edquotas. E, quanto \u00e0 anexa\u00e7\u00e3o de Canad\u00e1 e Groenl\u00e2ndia, se realmente essa \u00e9 uma pretens\u00e3o, jamais admitisse a possibilidade de ocupa\u00e7\u00e3o militar. O mundo precisa de paz. Se ocorrer uma guerra envolvendo pot\u00eancias titulares de armamentos nucleares e outros equipamentos b\u00e9licos letais, pode n\u00e3o sobrar ningu\u00e9m para contar a Hist\u00f3ria.<br>Vemos , neste momento, a necessidade de a\u00e7\u00e3o dos pa\u00edses de ponta e dos organismos internacionais. Cumpram suas obriga\u00e7\u00f5es humanit\u00e1rias e fa\u00e7am todo o poss\u00edvel para evitar que a humanidade e se habitat saiam dos trilhos. Se isto chegar a acontecer, poder\u00e1 inexistir (ou pelo menos n\u00e3o ser encontrado) o caminho de volta.<br>N\u00f3s, que j\u00e1 tivemos a oportunidade de viver algumas d\u00e9cadas, e acompanhar a evolu\u00e7\u00e3o do mundo e da sociedade, somos conscientes de que a vida do planeta \u00e9 uma sucess\u00e3o de acontecimentos, acertos e erros, cada qual com suas conseq\u00fc\u00eancias. Concordamos com Lula, quando prega a autonomia dasna\u00e7\u00f5es e a vida pac\u00edfica entre os povos. Tprcemos para que Donald Trump desista dos radicalismos e, em vez de algoz, atue como um grande lides desse momento. Sua for\u00e7a ser\u00e1 muito mis \u00fatil se empregada no bem-estar geral do que nas suas fantasias pol\u00edticas ou \u2013 o pior \u2013 esteja a servi\u00e7o de sua vaidade pessoal. Deus salve (e orienete) o mndat\u00e1rio de Washington. Que seu trabalho beneficie todo o planeta..<\/p>\n\n\n\n<p>Tenente Dirceu Cardoso Gon\u00e7alves &#8211; dirigente da ASPOMIL (Associa\u00e7\u00e3o de Assist\u00eancia Social dos Policiais Militares de S\u00e3o Paulo).<\/p>\n","protected":false},"excerpt":{"rendered":"<p>Nos tempos de aprendizado escolar e pr\u00e9-adolescente, recebi dezenas &#8211; talvez at\u00e9 uma centena ou&#8230;<\/p>\n","protected":false},"author":1,"featured_media":23327,"comment_status":"open","ping_status":"open","sticky":false,"template":"","format":"standard","meta":{"footnotes":""},"categories":[9],"tags":[],"featured_image_urls":{"full":["https:\/\/novosaopaulo.com.br\/n1\/wp-content\/uploads\/2025\/04\/Tenente-Dirceu-Cardoso-Goncalves.jpg",600,564,false],"thumbnail":["https:\/\/novosaopaulo.com.br\/n1\/wp-content\/uploads\/2025\/04\/Tenente-Dirceu-Cardoso-Goncalves-150x150.jpg",150,150,true],"medium":["https:\/\/novosaopaulo.com.br\/n1\/wp-content\/uploads\/2025\/04\/Tenente-Dirceu-Cardoso-Goncalves-300x282.jpg",300,282,true],"medium_large":["https:\/\/novosaopaulo.com.br\/n1\/wp-content\/uploads\/2025\/04\/Tenente-Dirceu-Cardoso-Goncalves.jpg",600,564,false],"large":["https:\/\/novosaopaulo.com.br\/n1\/wp-content\/uploads\/2025\/04\/Tenente-Dirceu-Cardoso-Goncalves.jpg",600,564,false],"1536x1536":["https:\/\/novosaopaulo.com.br\/n1\/wp-content\/uploads\/2025\/04\/Tenente-Dirceu-Cardoso-Goncalves.jpg",600,564,false],"2048x2048":["https:\/\/novosaopaulo.com.br\/n1\/wp-content\/uploads\/2025\/04\/Tenente-Dirceu-Cardoso-Goncalves.jpg",600,564,false],"newsever-slider-full":["https:\/\/novosaopaulo.com.br\/n1\/wp-content\/uploads\/2025\/04\/Tenente-Dirceu-Cardoso-Goncalves.jpg",600,564,false],"newsever-featured":["https:\/\/novosaopaulo.com.br\/n1\/wp-content\/uploads\/2025\/04\/Tenente-Dirceu-Cardoso-Goncalves.jpg",600,564,false],"newsever-medium":["https:\/\/novosaopaulo.com.br\/n1\/wp-content\/uploads\/2025\/04\/Tenente-Dirceu-Cardoso-Goncalves-600x475.jpg",600,475,true]},"author_info":{"display_name":"Reda\u00e7\u00e3o","author_link":"https:\/\/novosaopaulo.com.br\/n1\/author\/g5poa\/"},"category_info":"<a href=\"https:\/\/novosaopaulo.com.br\/n1\/category\/geral\/\" rel=\"category tag\">Geral<\/a>","tag_info":"Geral","comment_count":"0","_links":{"self":[{"href":"https:\/\/novosaopaulo.com.br\/n1\/wp-json\/wp\/v2\/posts\/23356"}],"collection":[{"href":"https:\/\/novosaopaulo.com.br\/n1\/wp-json\/wp\/v2\/posts"}],"about":[{"href":"https:\/\/novosaopaulo.com.br\/n1\/wp-json\/wp\/v2\/types\/post"}],"author":[{"embeddable":true,"href":"https:\/\/novosaopaulo.com.br\/n1\/wp-json\/wp\/v2\/users\/1"}],"replies":[{"embeddable":true,"href":"https:\/\/novosaopaulo.com.br\/n1\/wp-json\/wp\/v2\/comments?post=23356"}],"version-history":[{"count":1,"href":"https:\/\/novosaopaulo.com.br\/n1\/wp-json\/wp\/v2\/posts\/23356\/revisions"}],"predecessor-version":[{"id":23357,"href":"https:\/\/novosaopaulo.com.br\/n1\/wp-json\/wp\/v2\/posts\/23356\/revisions\/23357"}],"wp:featuredmedia":[{"embeddable":true,"href":"https:\/\/novosaopaulo.com.br\/n1\/wp-json\/wp\/v2\/media\/23327"}],"wp:attachment":[{"href":"https:\/\/novosaopaulo.com.br\/n1\/wp-json\/wp\/v2\/media?parent=23356"}],"wp:term":[{"taxonomy":"category","embeddable":true,"href":"https:\/\/novosaopaulo.com.br\/n1\/wp-json\/wp\/v2\/categories?post=23356"},{"taxonomy":"post_tag","embeddable":true,"href":"https:\/\/novosaopaulo.com.br\/n1\/wp-json\/wp\/v2\/tags?post=23356"}],"curies":[{"name":"wp","href":"https:\/\/api.w.org\/{rel}","templated":true}]}}