{"id":23326,"date":"2025-04-09T13:08:09","date_gmt":"2025-04-09T16:08:09","guid":{"rendered":"https:\/\/novosaopaulo.com.br\/n1\/?p=23326"},"modified":"2025-04-09T13:08:09","modified_gmt":"2025-04-09T16:08:09","slug":"tempo-de-populistas-sem-projeto","status":"publish","type":"post","link":"https:\/\/novosaopaulo.com.br\/n1\/tempo-de-populistas-sem-projeto\/","title":{"rendered":"Tempo de populistas sem projeto"},"content":{"rendered":"\n<p>\u201cO Brasil vive disputa de poder entre dois populistas sem projeto\u201d. A afirma\u00e7\u00e3o, alarmista desconfort\u00e1vel aos que a recebem, \u00e9 do soci\u00f3logo Bol\u00edvar Lamonier que, entre muitas outras atividades de destaque, foi membro da comiss\u00e3o de estudos que elaborou o anteprojeto da Constitui\u00e7\u00e3o de 1988, ainda em vigor e guardi\u00e3 da organiza\u00e7\u00e3o e m\u00e9todos de nossa Rep\u00fablica (Estad\u00e3o A10 &#8211; 07\/04\/2025 &#8211; \u2026 sem projeto) . Os personagens mencionados s\u00e3o o presidente Lula da Silva e o ex Jair Bolsonaro que, na sua opini\u00e3o, dentro do clima de polariza\u00e7\u00e3o pol\u00edtica entre esquerda e direita, travam uma luta pelo poder entre dois &#8216;chefes&#8217; populistas desprovidos de projeto para o Pa\u00eds\u201d. Em sua avalia\u00e7\u00e3o, o Brasil vai atravessar uma grande crise, seja com Lula ou Bolsonaro, antes de atingir uma mudan\u00e7a estrutural. desmantelamento \u00e9 o fato de administra\u00e7\u00e3o p\u00fablica, em especial o Poder Judici\u00e1rio, ter sido corro\u00eddo pelo corporativismo. \u201cInteresses estreitos, como no caso dos supersal\u00e1rios, n\u00e3o s\u00e3o chamados pelo nome \u2013 corrup\u00e7\u00e3o \u2013 e sim de &#8216;penduricalhos&#8217;, porque os pr\u00f3prios interesses se encarregaram de insculpi-los nas leis que eles mesmos fazem\u201d, afirmou.<br>Lamounier tamb\u00e9m atribuiu uma crise de desequil\u00edbrio ao excessivo n\u00famero de emendas \u00e0 Constitui\u00e7\u00e3o. Foram mais de 130 emendas ao texto constitucional e altera\u00e7\u00f5es nas engrenagens institucionais que restaram desfiguradas, resultando em um sistema pol\u00edtico \u201cmuit\u00edssimo pior\u201d daquele que existia nos anos de 1990.<br>O autor relata em seu texto o quadro end\u00eamico da vida pol\u00edtica nacional que enfrentou problemas e desequil\u00edbrios durante todo o per\u00edodo republicano, iniciado em 1889 e, at\u00e9 antes dele, desde o tempo do Imp\u00e9rio. Logo, o desequil\u00edbrio atual n\u00e3o \u00e9 novidade para os brasileiros, calejados por tantos problemas numa perspectiva mais do que centen\u00e1ria. Sem a cr\u00edtica sagaz aos dois principais pretensos candidatos ditos sem projeto, qualquer dem\u00e9rito, assiste-nos o direito de torcer para que na montagem do quadro das candidaturas surjam novos e competentes concorrentes capazes de empolgar e conquistar os votos do povo. Se novas figuras carism\u00e1ticas e competentes se apresentarem n\u00e3o ser\u00e1 necess\u00e1rio destruir os antigos e inadequados. O pr\u00f3prio povo se carregar\u00e1 disso e cada um restar\u00e1 no seu devido lugar.<br>A constata\u00e7\u00e3o da falta de projeto \u00e0s lideran\u00e7as \u00e9 importante. Interessa a todos os militantes pol\u00edticos. Cada um que pretende governar o Pa\u00eds, o Estado e exercer qualquer representa\u00e7\u00e3o, tem de estar \u00e0 altura das expectativas do povo. N\u00e3o podemos correr o rsico de eleger novos e pretensos pais do povo ou salvadores da P\u00e1tria. Precisamos de quem conhe\u00e7a as car\u00eancias nacionais, estaduais e municipais e tenha compet\u00eancia e disposi\u00e7\u00e3o para solucion\u00e1-las. Nosso Pa\u00eds j\u00e1 elegeu muitos pol\u00edticos inadequados. Cada elei\u00e7\u00e3o \u00e9 a oportunidade de corrigir o curso da Hist\u00f3ria, lembrando que o mundo est\u00e1 cada dia mais exigente. Quem n\u00e3o tem compet\u00eancia n\u00e3o deve se estabelecer\u2026<\/p>\n\n\n\n<p>Tenente Dirceu Cardoso Gon\u00e7alves &#8211; dirigente da ASPOMIL (Associa\u00e7\u00e3o de Assist\u00eancia Social dos Policiais Militares de S\u00e3o Paulo).<\/p>\n","protected":false},"excerpt":{"rendered":"<p>\u201cO Brasil vive disputa de poder entre dois populistas sem projeto\u201d. A afirma\u00e7\u00e3o, alarmista desconfort\u00e1vel&#8230;<\/p>\n","protected":false},"author":1,"featured_media":23327,"comment_status":"open","ping_status":"open","sticky":false,"template":"","format":"standard","meta":{"footnotes":""},"categories":[9],"tags":[],"featured_image_urls":{"full":["https:\/\/novosaopaulo.com.br\/n1\/wp-content\/uploads\/2025\/04\/Tenente-Dirceu-Cardoso-Goncalves.jpg",600,564,false],"thumbnail":["https:\/\/novosaopaulo.com.br\/n1\/wp-content\/uploads\/2025\/04\/Tenente-Dirceu-Cardoso-Goncalves-150x150.jpg",150,150,true],"medium":["https:\/\/novosaopaulo.com.br\/n1\/wp-content\/uploads\/2025\/04\/Tenente-Dirceu-Cardoso-Goncalves-300x282.jpg",300,282,true],"medium_large":["https:\/\/novosaopaulo.com.br\/n1\/wp-content\/uploads\/2025\/04\/Tenente-Dirceu-Cardoso-Goncalves.jpg",600,564,false],"large":["https:\/\/novosaopaulo.com.br\/n1\/wp-content\/uploads\/2025\/04\/Tenente-Dirceu-Cardoso-Goncalves.jpg",600,564,false],"1536x1536":["https:\/\/novosaopaulo.com.br\/n1\/wp-content\/uploads\/2025\/04\/Tenente-Dirceu-Cardoso-Goncalves.jpg",600,564,false],"2048x2048":["https:\/\/novosaopaulo.com.br\/n1\/wp-content\/uploads\/2025\/04\/Tenente-Dirceu-Cardoso-Goncalves.jpg",600,564,false],"newsever-slider-full":["https:\/\/novosaopaulo.com.br\/n1\/wp-content\/uploads\/2025\/04\/Tenente-Dirceu-Cardoso-Goncalves.jpg",600,564,false],"newsever-featured":["https:\/\/novosaopaulo.com.br\/n1\/wp-content\/uploads\/2025\/04\/Tenente-Dirceu-Cardoso-Goncalves.jpg",600,564,false],"newsever-medium":["https:\/\/novosaopaulo.com.br\/n1\/wp-content\/uploads\/2025\/04\/Tenente-Dirceu-Cardoso-Goncalves-600x475.jpg",600,475,true]},"author_info":{"display_name":"Reda\u00e7\u00e3o","author_link":"https:\/\/novosaopaulo.com.br\/n1\/author\/g5poa\/"},"category_info":"<a href=\"https:\/\/novosaopaulo.com.br\/n1\/category\/geral\/\" rel=\"category tag\">Geral<\/a>","tag_info":"Geral","comment_count":"0","_links":{"self":[{"href":"https:\/\/novosaopaulo.com.br\/n1\/wp-json\/wp\/v2\/posts\/23326"}],"collection":[{"href":"https:\/\/novosaopaulo.com.br\/n1\/wp-json\/wp\/v2\/posts"}],"about":[{"href":"https:\/\/novosaopaulo.com.br\/n1\/wp-json\/wp\/v2\/types\/post"}],"author":[{"embeddable":true,"href":"https:\/\/novosaopaulo.com.br\/n1\/wp-json\/wp\/v2\/users\/1"}],"replies":[{"embeddable":true,"href":"https:\/\/novosaopaulo.com.br\/n1\/wp-json\/wp\/v2\/comments?post=23326"}],"version-history":[{"count":1,"href":"https:\/\/novosaopaulo.com.br\/n1\/wp-json\/wp\/v2\/posts\/23326\/revisions"}],"predecessor-version":[{"id":23328,"href":"https:\/\/novosaopaulo.com.br\/n1\/wp-json\/wp\/v2\/posts\/23326\/revisions\/23328"}],"wp:featuredmedia":[{"embeddable":true,"href":"https:\/\/novosaopaulo.com.br\/n1\/wp-json\/wp\/v2\/media\/23327"}],"wp:attachment":[{"href":"https:\/\/novosaopaulo.com.br\/n1\/wp-json\/wp\/v2\/media?parent=23326"}],"wp:term":[{"taxonomy":"category","embeddable":true,"href":"https:\/\/novosaopaulo.com.br\/n1\/wp-json\/wp\/v2\/categories?post=23326"},{"taxonomy":"post_tag","embeddable":true,"href":"https:\/\/novosaopaulo.com.br\/n1\/wp-json\/wp\/v2\/tags?post=23326"}],"curies":[{"name":"wp","href":"https:\/\/api.w.org\/{rel}","templated":true}]}}