{"id":23311,"date":"2025-04-07T22:50:30","date_gmt":"2025-04-08T01:50:30","guid":{"rendered":"https:\/\/novosaopaulo.com.br\/n1\/?p=23311"},"modified":"2025-04-07T22:50:31","modified_gmt":"2025-04-08T01:50:31","slug":"deputado-quer-proibir-cotas-para-trans-em-concursos-e-universidades-de-sp","status":"publish","type":"post","link":"https:\/\/novosaopaulo.com.br\/n1\/deputado-quer-proibir-cotas-para-trans-em-concursos-e-universidades-de-sp\/","title":{"rendered":"Deputado quer proibir cotas para trans em concursos e universidades de SP"},"content":{"rendered":"\n<p>Proposta do Tenente Coimbra (PL-SP) visa garantir igualdade de condi\u00e7\u00f5es na disputa por vagas em institui\u00e7\u00f5es p\u00fablicas de ensino e em \u00f3rg\u00e3os p\u00fablicos, sem distin\u00e7\u00e3o<\/p>\n\n\n\n<p>O deputado Tenente Coimbra (PL-SP) protocolou nas \u00faltimas horas na Assembleia Legislativa do Estado de S\u00e3o Paulo (Alesp) um projeto de lei que pro\u00edbe a reserva de vagas para candidatos transexuais, travestis, intersexuais e n\u00e3o bin\u00e1rios em concursos p\u00fablicos. A regra tamb\u00e9m se aplica para o ingresso em universidades estaduais. O texto 278\/2025, segundo defende o liberal, n\u00e3o \u00e9 um ataque \u00e0 comunidade LGBTQIA+, mas, sim, medida que busca garantir a igualdade de condi\u00e7\u00f5es na disputa em concursos e em institui\u00e7\u00f5es p\u00fablicas de ensino.<\/p>\n\n\n\n<p>A mat\u00e9ria de autoria de Coimbra tem como base a Constitui\u00e7\u00e3o Federal de 1988. Segundo a Carta Magna, a Educa\u00e7\u00e3o \u00e9 direito fundamental de todos os cidad\u00e3os, devendo ser pautada na equidade e no m\u00e9rito, sem qualquer distin\u00e7\u00e3o.<\/p>\n\n\n\n<p>N\u00e3o de hoje, universidades brasileiras, incluindo a Universidade Estadual de Campinas (Unicamp), t\u00eam adotado cotas para candidatos transexuais, travestis, intersexuais e n\u00e3o bin\u00e1rios. Na vis\u00e3o do parlamentar do PL, ao permitirem que o acesso a oportunidades educacionais seja determinado por caracter\u00edsticas pessoais, como identidade de g\u00eanero, cria-se uma distor\u00e7\u00e3o no processo de sele\u00e7\u00e3o e no acesso aos direitos universais, tratando o indiv\u00edduo como desqualificado para alcan\u00e7ar seus objetivos com base em seus pr\u00f3prios m\u00e9ritos:<\/p>\n\n\n\n<p>\u201cIsso est\u00e1 errado, ao meu ver, pois deixa a concorr\u00eancia desleal. Portanto, estou apresentando este projeto de lei, que tem a finalidade de garantir que os processos seletivos de institui\u00e7\u00f5es de ensino superior e de concursos p\u00fablicos sejam balizados por m\u00e9rito, por compet\u00eancia e por capacidade individual. \u00c9 preciso assegurar a igualdade de tratamento para todos os candidatos\u201d.<\/p>\n\n\n\n<p>Segundo Coimbra, o prop\u00f3sito dos concursos p\u00fablicos e dos vestibulares \u00e9 justamente avaliar os candidatos quanto ao conhecimento necess\u00e1rio para fun\u00e7\u00e3o laboral ou ingresso na rede de ensino, de modo que n\u00e3o h\u00e1 justificativa para que elementos subjetivos, como g\u00eanero ou orienta\u00e7\u00e3o sexual, sejam considerados.<\/p>\n\n\n\n<p>Para que todos os candidatos possam competir sem distin\u00e7\u00f5es, o texto 278\/2025 prev\u00ea mecanismos que garantem a igualdade de oportunidades, bem como o combate \u00e0 discrimina\u00e7\u00e3o e a implementa\u00e7\u00e3o de pol\u00edticas p\u00fablicas voltadas \u00e0 inclus\u00e3o social:<\/p>\n\n\n\n<p>\u201c\u00c9 fundamental a promo\u00e7\u00e3o da inclus\u00e3o social, s\u00f3 que sem recorrer a cotas que, ao meu ju\u00edzo, s\u00e3o discriminat\u00f3rias. Nossa proposta visa, portanto, assegurar que os processos seletivos de universidades e de concursos p\u00fablicos sejam conduzidos de maneira justa, meritocr\u00e1tica e transparente. N\u00e3o estamos, cabe frisar, ofendendo ou indo contra a comunidade LGBTQIA+, mas n\u00e3o podemos favorecer um grupo em detrimento de outro &#8211; n\u00e3o \u00e9 o que prev\u00ea a Constitui\u00e7\u00e3o Federal\u201d.<\/p>\n\n\n\n<p>Uma vez protocolado, o projeto de lei 278\/2025 segue para tramita\u00e7\u00e3o nas Comiss\u00f5es Tem\u00e1ticas da Alesp, e caso seja necess\u00e1rio, ir\u00e1 a Plen\u00e1rio.<\/p>\n","protected":false},"excerpt":{"rendered":"<p>Proposta do Tenente Coimbra (PL-SP) visa garantir igualdade de condi\u00e7\u00f5es na disputa por vagas em&#8230;<\/p>\n","protected":false},"author":1,"featured_media":23312,"comment_status":"open","ping_status":"open","sticky":false,"template":"","format":"standard","meta":{"footnotes":""},"categories":[2],"tags":[],"featured_image_urls":{"full":["https:\/\/novosaopaulo.com.br\/n1\/wp-content\/uploads\/2025\/04\/Deputado-Tenente-Coimbra.jpeg",1600,1066,false],"thumbnail":["https:\/\/novosaopaulo.com.br\/n1\/wp-content\/uploads\/2025\/04\/Deputado-Tenente-Coimbra-150x150.jpeg",150,150,true],"medium":["https:\/\/novosaopaulo.com.br\/n1\/wp-content\/uploads\/2025\/04\/Deputado-Tenente-Coimbra-300x200.jpeg",300,200,true],"medium_large":["https:\/\/novosaopaulo.com.br\/n1\/wp-content\/uploads\/2025\/04\/Deputado-Tenente-Coimbra-768x512.jpeg",640,427,true],"large":["https:\/\/novosaopaulo.com.br\/n1\/wp-content\/uploads\/2025\/04\/Deputado-Tenente-Coimbra-1024x682.jpeg",640,426,true],"1536x1536":["https:\/\/novosaopaulo.com.br\/n1\/wp-content\/uploads\/2025\/04\/Deputado-Tenente-Coimbra-1536x1023.jpeg",1536,1023,true],"2048x2048":["https:\/\/novosaopaulo.com.br\/n1\/wp-content\/uploads\/2025\/04\/Deputado-Tenente-Coimbra.jpeg",1600,1066,false],"newsever-slider-full":["https:\/\/novosaopaulo.com.br\/n1\/wp-content\/uploads\/2025\/04\/Deputado-Tenente-Coimbra-1280x845.jpeg",1280,845,true],"newsever-featured":["https:\/\/novosaopaulo.com.br\/n1\/wp-content\/uploads\/2025\/04\/Deputado-Tenente-Coimbra-1024x682.jpeg",1024,682,true],"newsever-medium":["https:\/\/novosaopaulo.com.br\/n1\/wp-content\/uploads\/2025\/04\/Deputado-Tenente-Coimbra-720x475.jpeg",720,475,true]},"author_info":{"display_name":"Reda\u00e7\u00e3o","author_link":"https:\/\/novosaopaulo.com.br\/n1\/author\/g5poa\/"},"category_info":"<a href=\"https:\/\/novosaopaulo.com.br\/n1\/category\/cidades\/\" rel=\"category tag\">Cidades<\/a>","tag_info":"Cidades","comment_count":"0","_links":{"self":[{"href":"https:\/\/novosaopaulo.com.br\/n1\/wp-json\/wp\/v2\/posts\/23311"}],"collection":[{"href":"https:\/\/novosaopaulo.com.br\/n1\/wp-json\/wp\/v2\/posts"}],"about":[{"href":"https:\/\/novosaopaulo.com.br\/n1\/wp-json\/wp\/v2\/types\/post"}],"author":[{"embeddable":true,"href":"https:\/\/novosaopaulo.com.br\/n1\/wp-json\/wp\/v2\/users\/1"}],"replies":[{"embeddable":true,"href":"https:\/\/novosaopaulo.com.br\/n1\/wp-json\/wp\/v2\/comments?post=23311"}],"version-history":[{"count":1,"href":"https:\/\/novosaopaulo.com.br\/n1\/wp-json\/wp\/v2\/posts\/23311\/revisions"}],"predecessor-version":[{"id":23313,"href":"https:\/\/novosaopaulo.com.br\/n1\/wp-json\/wp\/v2\/posts\/23311\/revisions\/23313"}],"wp:featuredmedia":[{"embeddable":true,"href":"https:\/\/novosaopaulo.com.br\/n1\/wp-json\/wp\/v2\/media\/23312"}],"wp:attachment":[{"href":"https:\/\/novosaopaulo.com.br\/n1\/wp-json\/wp\/v2\/media?parent=23311"}],"wp:term":[{"taxonomy":"category","embeddable":true,"href":"https:\/\/novosaopaulo.com.br\/n1\/wp-json\/wp\/v2\/categories?post=23311"},{"taxonomy":"post_tag","embeddable":true,"href":"https:\/\/novosaopaulo.com.br\/n1\/wp-json\/wp\/v2\/tags?post=23311"}],"curies":[{"name":"wp","href":"https:\/\/api.w.org\/{rel}","templated":true}]}}