{"id":23272,"date":"2025-04-06T11:06:36","date_gmt":"2025-04-06T14:06:36","guid":{"rendered":"https:\/\/novosaopaulo.com.br\/n1\/?p=23272"},"modified":"2025-04-06T11:37:06","modified_gmt":"2025-04-06T14:37:06","slug":"suzano-76-anos-5o-dia-de-festa-regional","status":"publish","type":"post","link":"https:\/\/novosaopaulo.com.br\/n1\/suzano-76-anos-5o-dia-de-festa-regional\/","title":{"rendered":"Suzano, 76 anos, 5\u00ba. Dia de festa regional"},"content":{"rendered":"\n<p>O munic\u00edpio de Suzano comemorou o anivers\u00e1rio de 76 anos de emancipa\u00e7\u00e3o pol\u00edtico-administrativa no dia 2 de abril passado, com grandes shows para o povo susanense e regional, que se estender\u00e3o at\u00e9 domingo (06\/04). E a estrutura montada foi de primeira, para abrigar milhares de pessoas sem tomar chuva. Come\u00e7ou com o show sertanejo da dupla Z\u00e9 Neto &amp; Cristiano; no dia 3 com o cantor Belo, dia 4 Ana Castela; dia 5 a dupla Bruno &amp; Marrone e encerrando dia 6 Samuel Rosa do Skank.<br>Tudo muito bonito e grandioso, uma festa conforme o que a popula\u00e7\u00e3o de Suzano merece. O prefeito Pedro Ishi acertou, precisamente, deu de presente ao povo, n\u00e3o s\u00f3 de Suzano, como da regi\u00e3o toda, uma festa digna para quem paga os impostos e precisa sair defronte \u00e0 televis\u00e3o, para se divertir com a fam\u00edlia. Parab\u00e9ns n\u00e3o somente para Suzano, que completou 76 anos, mas tamb\u00e9m \u00e0 administra\u00e7\u00e3o atual.<br>A organiza\u00e7\u00e3o foi quase que impec\u00e1vel, especialmente por parte da empresa respons\u00e1vel pela imprensa, que \u00e9 quem registra todo o acontecimento para a posteridade. N\u00e3o fosse o cerceamento aos fot\u00f3grafos para quem quisesse registrar o p\u00fablico presente de cima do palco, sem tietagem, n\u00e3o foi poss\u00edvel porque foi liberado exclusivo aos fot\u00f3grafos oficiais.<br>O prefeito Pedro Ishi disse se sentir feliz por ser o momento \u00fanico da cidade, 76 anos de um povo trabalhador, povo acolhedor que vive na cidade de Suzano. \u201cMinha fam\u00edlia, quando veio para c\u00e1 do interior, meu av\u00f4, depois de um tempo, falava assim: eu n\u00e3o quero voltar mais para nossa cidade, eu quero continuar morando em Suzano, este \u00e9 o esp\u00edrito de quem mora em Suzano\u201d, falou o prefeito.<\/p>\n\n\n\n<figure class=\"wp-block-gallery has-nested-images columns-default is-cropped wp-block-gallery-1 is-layout-flex wp-block-gallery-is-layout-flex\">\n<figure class=\"wp-block-image size-large\"><a href=\"https:\/\/novosaopaulo.com.br\/n1\/wp-content\/uploads\/2025\/04\/WhatsApp-Image-2025-04-06-at-00.19.06.jpeg\"><img fetchpriority=\"high\" decoding=\"async\" width=\"560\" height=\"373\" data-id=\"23273\" src=\"https:\/\/novosaopaulo.com.br\/n1\/wp-content\/uploads\/2025\/04\/WhatsApp-Image-2025-04-06-at-00.19.06.jpeg\" alt=\"\" class=\"wp-image-23273\" srcset=\"https:\/\/novosaopaulo.com.br\/n1\/wp-content\/uploads\/2025\/04\/WhatsApp-Image-2025-04-06-at-00.19.06.jpeg 560w, https:\/\/novosaopaulo.com.br\/n1\/wp-content\/uploads\/2025\/04\/WhatsApp-Image-2025-04-06-at-00.19.06-300x200.jpeg 300w\" sizes=\"(max-width: 560px) 100vw, 560px\" \/><\/a><\/figure>\n\n\n\n<figure class=\"wp-block-image size-large\"><a href=\"https:\/\/novosaopaulo.com.br\/n1\/wp-content\/uploads\/2025\/04\/WhatsApp-Image-2025-04-06-at-00.19.07.jpeg\"><img decoding=\"async\" width=\"576\" height=\"383\" data-id=\"23274\" src=\"https:\/\/novosaopaulo.com.br\/n1\/wp-content\/uploads\/2025\/04\/WhatsApp-Image-2025-04-06-at-00.19.07.jpeg\" alt=\"\" class=\"wp-image-23274\" srcset=\"https:\/\/novosaopaulo.com.br\/n1\/wp-content\/uploads\/2025\/04\/WhatsApp-Image-2025-04-06-at-00.19.07.jpeg 576w, https:\/\/novosaopaulo.com.br\/n1\/wp-content\/uploads\/2025\/04\/WhatsApp-Image-2025-04-06-at-00.19.07-300x199.jpeg 300w\" sizes=\"(max-width: 576px) 100vw, 576px\" \/><\/a><\/figure>\n<\/figure>\n","protected":false},"excerpt":{"rendered":"<p>O munic\u00edpio de Suzano comemorou o anivers\u00e1rio de 76 anos de emancipa\u00e7\u00e3o pol\u00edtico-administrativa no dia&#8230;<\/p>\n","protected":false},"author":1,"featured_media":23275,"comment_status":"open","ping_status":"open","sticky":false,"template":"","format":"standard","meta":{"footnotes":""},"categories":[34],"tags":[],"featured_image_urls":{"full":["https:\/\/novosaopaulo.com.br\/n1\/wp-content\/uploads\/2025\/04\/WhatsApp-Image-2025-04-06-at-00.19.06-1.jpeg",560,373,false],"thumbnail":["https:\/\/novosaopaulo.com.br\/n1\/wp-content\/uploads\/2025\/04\/WhatsApp-Image-2025-04-06-at-00.19.06-1-150x150.jpeg",150,150,true],"medium":["https:\/\/novosaopaulo.com.br\/n1\/wp-content\/uploads\/2025\/04\/WhatsApp-Image-2025-04-06-at-00.19.06-1-300x200.jpeg",300,200,true],"medium_large":["https:\/\/novosaopaulo.com.br\/n1\/wp-content\/uploads\/2025\/04\/WhatsApp-Image-2025-04-06-at-00.19.06-1.jpeg",560,373,false],"large":["https:\/\/novosaopaulo.com.br\/n1\/wp-content\/uploads\/2025\/04\/WhatsApp-Image-2025-04-06-at-00.19.06-1.jpeg",560,373,false],"1536x1536":["https:\/\/novosaopaulo.com.br\/n1\/wp-content\/uploads\/2025\/04\/WhatsApp-Image-2025-04-06-at-00.19.06-1.jpeg",560,373,false],"2048x2048":["https:\/\/novosaopaulo.com.br\/n1\/wp-content\/uploads\/2025\/04\/WhatsApp-Image-2025-04-06-at-00.19.06-1.jpeg",560,373,false],"newsever-slider-full":["https:\/\/novosaopaulo.com.br\/n1\/wp-content\/uploads\/2025\/04\/WhatsApp-Image-2025-04-06-at-00.19.06-1.jpeg",560,373,false],"newsever-featured":["https:\/\/novosaopaulo.com.br\/n1\/wp-content\/uploads\/2025\/04\/WhatsApp-Image-2025-04-06-at-00.19.06-1.jpeg",560,373,false],"newsever-medium":["https:\/\/novosaopaulo.com.br\/n1\/wp-content\/uploads\/2025\/04\/WhatsApp-Image-2025-04-06-at-00.19.06-1.jpeg",560,373,false]},"author_info":{"display_name":"Reda\u00e7\u00e3o","author_link":"https:\/\/novosaopaulo.com.br\/n1\/author\/g5poa\/"},"category_info":"<a href=\"https:\/\/novosaopaulo.com.br\/n1\/category\/alto-tiete\/\" rel=\"category tag\">Alto Tiet\u00ea<\/a>","tag_info":"Alto Tiet\u00ea","comment_count":"0","_links":{"self":[{"href":"https:\/\/novosaopaulo.com.br\/n1\/wp-json\/wp\/v2\/posts\/23272"}],"collection":[{"href":"https:\/\/novosaopaulo.com.br\/n1\/wp-json\/wp\/v2\/posts"}],"about":[{"href":"https:\/\/novosaopaulo.com.br\/n1\/wp-json\/wp\/v2\/types\/post"}],"author":[{"embeddable":true,"href":"https:\/\/novosaopaulo.com.br\/n1\/wp-json\/wp\/v2\/users\/1"}],"replies":[{"embeddable":true,"href":"https:\/\/novosaopaulo.com.br\/n1\/wp-json\/wp\/v2\/comments?post=23272"}],"version-history":[{"count":2,"href":"https:\/\/novosaopaulo.com.br\/n1\/wp-json\/wp\/v2\/posts\/23272\/revisions"}],"predecessor-version":[{"id":23278,"href":"https:\/\/novosaopaulo.com.br\/n1\/wp-json\/wp\/v2\/posts\/23272\/revisions\/23278"}],"wp:featuredmedia":[{"embeddable":true,"href":"https:\/\/novosaopaulo.com.br\/n1\/wp-json\/wp\/v2\/media\/23275"}],"wp:attachment":[{"href":"https:\/\/novosaopaulo.com.br\/n1\/wp-json\/wp\/v2\/media?parent=23272"}],"wp:term":[{"taxonomy":"category","embeddable":true,"href":"https:\/\/novosaopaulo.com.br\/n1\/wp-json\/wp\/v2\/categories?post=23272"},{"taxonomy":"post_tag","embeddable":true,"href":"https:\/\/novosaopaulo.com.br\/n1\/wp-json\/wp\/v2\/tags?post=23272"}],"curies":[{"name":"wp","href":"https:\/\/api.w.org\/{rel}","templated":true}]}}