{"id":23260,"date":"2025-04-04T19:51:19","date_gmt":"2025-04-04T22:51:19","guid":{"rendered":"https:\/\/novosaopaulo.com.br\/n1\/?p=23260"},"modified":"2025-04-04T19:51:20","modified_gmt":"2025-04-04T22:51:20","slug":"quem-vigia-os-guardioes-o-devido-processo-legal-e-os-limites-de-atuacao-do-stf","status":"publish","type":"post","link":"https:\/\/novosaopaulo.com.br\/n1\/quem-vigia-os-guardioes-o-devido-processo-legal-e-os-limites-de-atuacao-do-stf\/","title":{"rendered":"Quem vigia os guardi\u00f5es? O devido processo legal e os limites de atua\u00e7\u00e3o do STF"},"content":{"rendered":"\n<p>Dra. Isis Sangy*<\/p>\n\n\n\n<p>\u00c9 ineg\u00e1vel o protagonismo e a ascens\u00e3o da \u201cfama\u201d do judici\u00e1rio como um todo em nosso Pa\u00eds, mas em especial do Supremo Tribunal Federal (STF). Fato \u00e9 que, com maior politiza\u00e7\u00e3o da popula\u00e7\u00e3o e o aumento da polariza\u00e7\u00e3o na Pol\u00edtica, nos \u00faltimos anos, os brasileiros t\u00eam acompanhado com mais afinco as decis\u00f5es na esfera legal e se interessado pelos temas jur\u00eddicos, at\u00e9 mesmo os mais t\u00e9cnicos.<br>&nbsp;<br>Desde 2018, o Pa\u00eds \u00e9 palco de uma sequ\u00eancia de fatos pol\u00edticos, de repercuss\u00e3o al\u00e9m fronteiras, como \u00e9 o caso do Impeachment da ent\u00e3o presidente da Rep\u00fablica Dilma Rousseff (PT); da pris\u00e3o do hoje presidente, mas, h\u00e1 \u00e9poca, ex-presidente Luiz In\u00e1cio Lula da Silva (PT), e, mais recentemente, da inelegibilidade de Jair Bolsonaro (PL), l\u00edder da Direita e ex-presidente da Rep\u00fablica; e dos movimentos denominados de antidemocr\u00e1ticos e ligados ao liberal e a seus aliados.<br>&nbsp;<br>A maior parte dos assuntos pol\u00eamicos listados nas linhas acima s\u00e3o balizados por tem\u00e1ticas jur\u00eddicas e passaram por aprecia\u00e7\u00e3o na Alta Corte. O Supremo tem como fun\u00e7\u00e3o principal guardar a Constitui\u00e7\u00e3o Federal. No entanto, por ser o Tribunal de \u201c\u00faltima inst\u00e2ncia\u201d, n\u00e3o h\u00e1 nenhum outro \u00f3rg\u00e3o que pode rever suas decis\u00f5es. E \u00e9 a\u00ed onde mora um grande problema: afinal, quem vigia o vigia?<br>&nbsp;<br>As discuss\u00f5es mais frequentes tangem \u00e0 viola\u00e7\u00e3o do princ\u00edpio constitucional chamado de devido processo legal por parte do STF. Tal princ\u00edpio tem como fun\u00e7\u00e3o inibir abusos que possam ser praticados em decis\u00f5es administrativas e judiciais contra qualquer cidad\u00e3o brasileiro.<br>&nbsp;<br>O princ\u00edpio do devido processo legal abrange outros princ\u00edpios que norteiam todo o ordenamento jur\u00eddico: in\u00e9rcia do judici\u00e1rio, que foi, diga-se de passagem, violado quando houve a instaura\u00e7\u00e3o de inqu\u00e9ritos, por determina\u00e7\u00e3o de ministros do Suprema Corte; o princ\u00edpio do contradit\u00f3rio e da ampla defesa, igualmente ultrajado em algumas oportunidades, ao ponto de advogados constitu\u00eddos pelas partes n\u00e3o conseguirem ter acesso aos processos. E, n\u00e3o menos importante: o da individualiza\u00e7\u00e3o da pena, tamb\u00e9m transgredido quando os condenados pelo 8 de janeiro responderam de forma solid\u00e1ria por atos que, ao meu ju\u00edzo, n\u00e3o abarcam elementos suficientes que sustentam as viola\u00e7\u00f5es imputadas.<br>&nbsp;<br>Estes s\u00f3 s\u00e3o alguns dos exemplos que \u00e9 poss\u00edvel elencar neste espa\u00e7o. Contudo, h\u00e1 um sem-n\u00famero de viola\u00e7\u00f5es a encetaduras constitucionais balizadas pelo princ\u00edpio do devido processo legal e que foram vilipendiadas, por diversas vezes, nos \u00faltimos anos.<br>&nbsp;<br>Na hist\u00f3ria mais recente de nossa Rep\u00fablica, o debate, vira e mexe, gira acerca de prov\u00e1vel prefer\u00eancia pol\u00edtica por parte dos ministros do Supremo, principalmente pelo fato de que muitos deles foram escolhidos por governos que s\u00e3o publicamente opositores a Bolsonaro e seu entorno. Como, ent\u00e3o, ter a certeza de que indica\u00e7\u00f5es pol\u00edticas n\u00e3o influenciam em decis\u00f5es jur\u00eddicas de inst\u00e2ncias que n\u00e3o se pode questionar ou recorrer?<br>&nbsp;<br>O \u00fanico mecanismo criado por nossa Carta Magna pass\u00edvel de punir excessos praticados pelos ministros do STF s\u00e3o os crimes de responsabilidade, previstos no artigo 39 da lei 1.079\/1950. Desde 2021, est\u00e3o sendo protocoladas peti\u00e7\u00f5es no Senado Federal (\u00f3rg\u00e3o competente para o julgamento), neste sentido. Todavia, os pedidos devem ser acolhidos pelo presidente da Casa, para irem a julgamento.<\/p>\n\n\n\n<p>O atual presidente do Senado, Davi Alcolumbre (Uni\u00e3o Brasil), inclusive, se manifestou, recentemente, sobre o assunto, dizendo que o Impeachment de ministros da mais Alta Corte do Pa\u00eds causaria \u201cproblemas para o Brasil\u201d. Agora, a pergunta: esse problema seria maior do que o que j\u00e1 temos &#8211; o da tentativa de criminalizar a diverg\u00eancia?<\/p>\n\n\n\n<p>*Dra. Isis Sangy \u00e9 advogada; p\u00f3s-graduada em Direito P\u00fablico, e em Direito Eleitoral; professora de Direito Eleitoral em cursos de p\u00f3s-gradua\u00e7\u00e3o e de extens\u00e3o; presidente da Comiss\u00e3o de Direito Eleitoral da Ordem dos Advogados do Brasil (OAB) Subse\u00e7\u00e3o Suzano-SP (2025); e secret\u00e1ria da Comiss\u00e3o \u201cOAB vai \u00e0 Escola\u201d, da OAB Subse\u00e7\u00e3o Suzano-SP<\/p>\n","protected":false},"excerpt":{"rendered":"<p>Dra. Isis Sangy* \u00c9 ineg\u00e1vel o protagonismo e a ascens\u00e3o da \u201cfama\u201d do judici\u00e1rio como&#8230;<\/p>\n","protected":false},"author":1,"featured_media":23261,"comment_status":"open","ping_status":"open","sticky":false,"template":"","format":"standard","meta":{"footnotes":""},"categories":[2],"tags":[],"featured_image_urls":{"full":["https:\/\/novosaopaulo.com.br\/n1\/wp-content\/uploads\/2025\/04\/WhatsApp-Image-2025-04-04-at-18.55.23.jpeg",1280,1001,false],"thumbnail":["https:\/\/novosaopaulo.com.br\/n1\/wp-content\/uploads\/2025\/04\/WhatsApp-Image-2025-04-04-at-18.55.23-150x150.jpeg",150,150,true],"medium":["https:\/\/novosaopaulo.com.br\/n1\/wp-content\/uploads\/2025\/04\/WhatsApp-Image-2025-04-04-at-18.55.23-300x235.jpeg",300,235,true],"medium_large":["https:\/\/novosaopaulo.com.br\/n1\/wp-content\/uploads\/2025\/04\/WhatsApp-Image-2025-04-04-at-18.55.23-768x601.jpeg",640,501,true],"large":["https:\/\/novosaopaulo.com.br\/n1\/wp-content\/uploads\/2025\/04\/WhatsApp-Image-2025-04-04-at-18.55.23-1024x801.jpeg",640,501,true],"1536x1536":["https:\/\/novosaopaulo.com.br\/n1\/wp-content\/uploads\/2025\/04\/WhatsApp-Image-2025-04-04-at-18.55.23.jpeg",1280,1001,false],"2048x2048":["https:\/\/novosaopaulo.com.br\/n1\/wp-content\/uploads\/2025\/04\/WhatsApp-Image-2025-04-04-at-18.55.23.jpeg",1280,1001,false],"newsever-slider-full":["https:\/\/novosaopaulo.com.br\/n1\/wp-content\/uploads\/2025\/04\/WhatsApp-Image-2025-04-04-at-18.55.23-1280x845.jpeg",1280,845,true],"newsever-featured":["https:\/\/novosaopaulo.com.br\/n1\/wp-content\/uploads\/2025\/04\/WhatsApp-Image-2025-04-04-at-18.55.23-1024x801.jpeg",1024,801,true],"newsever-medium":["https:\/\/novosaopaulo.com.br\/n1\/wp-content\/uploads\/2025\/04\/WhatsApp-Image-2025-04-04-at-18.55.23-720x475.jpeg",720,475,true]},"author_info":{"display_name":"Reda\u00e7\u00e3o","author_link":"https:\/\/novosaopaulo.com.br\/n1\/author\/g5poa\/"},"category_info":"<a href=\"https:\/\/novosaopaulo.com.br\/n1\/category\/cidades\/\" rel=\"category tag\">Cidades<\/a>","tag_info":"Cidades","comment_count":"0","_links":{"self":[{"href":"https:\/\/novosaopaulo.com.br\/n1\/wp-json\/wp\/v2\/posts\/23260"}],"collection":[{"href":"https:\/\/novosaopaulo.com.br\/n1\/wp-json\/wp\/v2\/posts"}],"about":[{"href":"https:\/\/novosaopaulo.com.br\/n1\/wp-json\/wp\/v2\/types\/post"}],"author":[{"embeddable":true,"href":"https:\/\/novosaopaulo.com.br\/n1\/wp-json\/wp\/v2\/users\/1"}],"replies":[{"embeddable":true,"href":"https:\/\/novosaopaulo.com.br\/n1\/wp-json\/wp\/v2\/comments?post=23260"}],"version-history":[{"count":1,"href":"https:\/\/novosaopaulo.com.br\/n1\/wp-json\/wp\/v2\/posts\/23260\/revisions"}],"predecessor-version":[{"id":23262,"href":"https:\/\/novosaopaulo.com.br\/n1\/wp-json\/wp\/v2\/posts\/23260\/revisions\/23262"}],"wp:featuredmedia":[{"embeddable":true,"href":"https:\/\/novosaopaulo.com.br\/n1\/wp-json\/wp\/v2\/media\/23261"}],"wp:attachment":[{"href":"https:\/\/novosaopaulo.com.br\/n1\/wp-json\/wp\/v2\/media?parent=23260"}],"wp:term":[{"taxonomy":"category","embeddable":true,"href":"https:\/\/novosaopaulo.com.br\/n1\/wp-json\/wp\/v2\/categories?post=23260"},{"taxonomy":"post_tag","embeddable":true,"href":"https:\/\/novosaopaulo.com.br\/n1\/wp-json\/wp\/v2\/tags?post=23260"}],"curies":[{"name":"wp","href":"https:\/\/api.w.org\/{rel}","templated":true}]}}