{"id":23251,"date":"2025-04-04T17:41:02","date_gmt":"2025-04-04T20:41:02","guid":{"rendered":"https:\/\/novosaopaulo.com.br\/n1\/?p=23251"},"modified":"2025-04-04T17:52:38","modified_gmt":"2025-04-04T20:52:38","slug":"condemat-e-sicredi-assinam-parceria-para-levar-programa-de-educacao-financeira-a-56-mil-alunos-do-alto-tiete","status":"publish","type":"post","link":"https:\/\/novosaopaulo.com.br\/n1\/condemat-e-sicredi-assinam-parceria-para-levar-programa-de-educacao-financeira-a-56-mil-alunos-do-alto-tiete\/","title":{"rendered":"Condemat+ e Sicredi assinam parceria para levar programa de educa\u00e7\u00e3o financeira a 5,6 mil alunos do Alto Tiet\u00ea"},"content":{"rendered":"\n<p>Parceria P\u00fablico Privada (PPP) foi assinada nesta sexta-feira (4\/4) em evento oficial do programa que deve ser implantado, inicialmente, em 8 munic\u00edpios da regi\u00e3o<\/p>\n\n\n\n<p>O Cons\u00f3rcio de Desenvolvimento dos Munic\u00edpios do Alto Tiet\u00ea e Regi\u00e3o (Condemat+) e a Sicredi Progresso PR\/SP lan\u00e7aram o programa \u201cJornada da Educa\u00e7\u00e3o Financeira nas Escolas\u201d. A expectativa \u00e9 de que, na primeira fase, 5,6 mil alunos participem da a\u00e7\u00e3o. A iniciativa tem o objetivo de contribuir para a melhoria na qualidade do ensino da rede p\u00fablica municipal por meio de a\u00e7\u00f5es em coopera\u00e7\u00e3o. Os detalhes sobre a parceria foram divulgados em evento realizado na manh\u00e3 desta sexta-feira (4\/4), em Mogi das Cruzes.<br>Nesta primeira etapa, o programa ser\u00e1 implantado nas cidades de Biritiba Mirim, Ferraz de Vasconcelos, Guararema, Itaquaquecetuba, Mogi das Cruzes, Po\u00e1, Sales\u00f3polis e Suzano. Ao todo ser\u00e3o 250 professores que receber\u00e3o assessoria pedag\u00f3gica da Sicredi Progresso dentro de uma metodologia pr\u00f3pria que visa apresentar os pilares da educa\u00e7\u00e3o financeira de forma l\u00fadica aos alunos. Na sequ\u00eancia, o programa deve avan\u00e7ar para os outros munic\u00edpios.<\/p>\n\n\n\n<p>Caber\u00e1 \u00e0 Sicredi Progresso oferecer todo material de suporte aos docentes e aos alunos. O conte\u00fado oferecido segue as normas da Base Nacional Comum Curricular (BNCC) e traz conceitos importantes para a constru\u00e7\u00e3o de uma sociedade financeiramente sustent\u00e1vel aos estudantes do 1\u00ba ao 5\u00ba ano.<br>O programa tem objetivo de contribuir para a forma\u00e7\u00e3o e o protagonismo da comunidade escolar, tornando-os mais preparados para tomar decis\u00f5es financeiras com maior autonomia e consci\u00eancia<br>A vice-presidente do Condemat+ e prefeita de Ferraz de Vasconcelos, Priscila Gambale, listou os benef\u00edcios que a parceria trar\u00e1 na Educa\u00e7\u00e3o da regi\u00e3o ao oferecer o debate e a inser\u00e7\u00e3o do tema em sala de aula.<\/p>\n\n\n\n<p>\u201cO conhecimento sobre a educa\u00e7\u00e3o financeira transforma a realidade das pessoas, das fam\u00edlias e \u00e9 um aprendizado levado ao longo da vida. Ao ter conhecimento sobre como fazer a gest\u00e3o da sua pr\u00f3pria finan\u00e7a, o cidad\u00e3o se torna menos propenso a problemas como endividamento excessivo e s\u00e3o conscientizados sobre a necessidade de um planejamento para o futuro\u201d.<\/p>\n\n\n\n<p>O presidente da Sicredi Progresso PR\/SP, In\u00e1cio Cattani, afirmou que o programa Jornada da Educa\u00e7\u00e3o Financeira nas Escolas est\u00e1 inserido na miss\u00e3o da entidade que traz entre seus bra\u00e7os de responsabilidade social as parcerias na \u00e1rea educacional.<br>\u201cDentre nossos princ\u00edpios como cooperativa est\u00e1 a educa\u00e7\u00e3o, forma\u00e7\u00e3o e informa\u00e7\u00e3o, logo, \u00e9 um desafio, mas ao mesmo tempo, uma responsabilidade nossa levar conhecimento para que nossa sociedade como um todo progrida. Nada mais justo que, como institui\u00e7\u00e3o financeira, dar andamento nessa parceria com o Condemat+ por meio do programa Jornada da Educa\u00e7\u00e3o Financeira nas Escolas. A partir dessa iniciativa, passamos a ter pelo menos um programa educacional em todos os munic\u00edpios de nossa \u00e1rea de atua\u00e7\u00e3o. \u00c9 um grande marco.\u201d<\/p>\n\n\n\n<p>Durante o lan\u00e7amento, a assessora pedag\u00f3gica da Sicredi Progresso, doutora em Educa\u00e7\u00e3o e Ci\u00eancias Humanas, Especialista em Educa\u00e7\u00e3o Financeira, M\u00eddias na Educa\u00e7\u00e3o e Gest\u00e3o Educacional, Rachel Karpinski, ministrou uma palestra sobre os fundamentos do programa e a metodologia que ser\u00e1 aplicada aos professores.<\/p>\n\n\n\n<p>Participaram do evento Andr\u00e9 Alves de Assis, gerente de Desenvolvimento do Cooperativismo da Central Sicredi PR\/SP\/RJ, Jo\u00e3o Augusto da Rocha, diretor executivo da Sicredi Progresso PR\/SP, Higor Menegon Loredo, gerente de Desenvolvimento do Cooperativismo da Sicredi Progresso PR\/SP, a coordenadora-adjunta, da C\u00e2mara T\u00e9cnica de Educa\u00e7\u00e3o do Condemat+, Silvana de F\u00e1tima Nascimento e representantes das cidades consorciadas.<\/p>\n\n\n\n<figure class=\"wp-block-gallery has-nested-images columns-2 is-cropped wp-block-gallery-1 is-layout-flex wp-block-gallery-is-layout-flex\">\n<figure class=\"wp-block-image size-large\"><a href=\"https:\/\/novosaopaulo.com.br\/n1\/wp-content\/uploads\/2025\/04\/WhatsApp-Image-2025-04-04-at-14.59.14.jpeg\"><img fetchpriority=\"high\" decoding=\"async\" width=\"800\" height=\"533\" data-id=\"23254\" src=\"https:\/\/novosaopaulo.com.br\/n1\/wp-content\/uploads\/2025\/04\/WhatsApp-Image-2025-04-04-at-14.59.14.jpeg\" alt=\"\" class=\"wp-image-23254\" srcset=\"https:\/\/novosaopaulo.com.br\/n1\/wp-content\/uploads\/2025\/04\/WhatsApp-Image-2025-04-04-at-14.59.14.jpeg 800w, https:\/\/novosaopaulo.com.br\/n1\/wp-content\/uploads\/2025\/04\/WhatsApp-Image-2025-04-04-at-14.59.14-300x200.jpeg 300w, https:\/\/novosaopaulo.com.br\/n1\/wp-content\/uploads\/2025\/04\/WhatsApp-Image-2025-04-04-at-14.59.14-768x512.jpeg 768w\" sizes=\"(max-width: 800px) 100vw, 800px\" \/><\/a><\/figure>\n\n\n\n<figure class=\"wp-block-image size-large\"><a href=\"https:\/\/novosaopaulo.com.br\/n1\/wp-content\/uploads\/2025\/04\/WhatsApp-Image-2025-04-04-at-14.59.14-1.jpeg\"><img decoding=\"async\" width=\"800\" height=\"532\" data-id=\"23252\" src=\"https:\/\/novosaopaulo.com.br\/n1\/wp-content\/uploads\/2025\/04\/WhatsApp-Image-2025-04-04-at-14.59.14-1.jpeg\" alt=\"\" class=\"wp-image-23252\" srcset=\"https:\/\/novosaopaulo.com.br\/n1\/wp-content\/uploads\/2025\/04\/WhatsApp-Image-2025-04-04-at-14.59.14-1.jpeg 800w, https:\/\/novosaopaulo.com.br\/n1\/wp-content\/uploads\/2025\/04\/WhatsApp-Image-2025-04-04-at-14.59.14-1-300x200.jpeg 300w, https:\/\/novosaopaulo.com.br\/n1\/wp-content\/uploads\/2025\/04\/WhatsApp-Image-2025-04-04-at-14.59.14-1-768x511.jpeg 768w\" sizes=\"(max-width: 800px) 100vw, 800px\" \/><\/a><\/figure>\n\n\n\n<figure class=\"wp-block-image size-large\"><a href=\"https:\/\/novosaopaulo.com.br\/n1\/wp-content\/uploads\/2025\/04\/WhatsApp-Image-2025-04-04-at-14.59.14-2.jpeg\"><img decoding=\"async\" width=\"800\" height=\"533\" data-id=\"23255\" src=\"https:\/\/novosaopaulo.com.br\/n1\/wp-content\/uploads\/2025\/04\/WhatsApp-Image-2025-04-04-at-14.59.14-2.jpeg\" alt=\"\" class=\"wp-image-23255\" srcset=\"https:\/\/novosaopaulo.com.br\/n1\/wp-content\/uploads\/2025\/04\/WhatsApp-Image-2025-04-04-at-14.59.14-2.jpeg 800w, https:\/\/novosaopaulo.com.br\/n1\/wp-content\/uploads\/2025\/04\/WhatsApp-Image-2025-04-04-at-14.59.14-2-300x200.jpeg 300w, https:\/\/novosaopaulo.com.br\/n1\/wp-content\/uploads\/2025\/04\/WhatsApp-Image-2025-04-04-at-14.59.14-2-768x512.jpeg 768w\" sizes=\"(max-width: 800px) 100vw, 800px\" \/><\/a><\/figure>\n\n\n\n<figure class=\"wp-block-image size-large\"><img loading=\"lazy\" decoding=\"async\" width=\"800\" height=\"533\" data-id=\"23257\" src=\"https:\/\/novosaopaulo.com.br\/n1\/wp-content\/uploads\/2025\/04\/WhatsApp-Image-2025-04-04-at-17.43.49.jpeg\" alt=\"\" class=\"wp-image-23257\" srcset=\"https:\/\/novosaopaulo.com.br\/n1\/wp-content\/uploads\/2025\/04\/WhatsApp-Image-2025-04-04-at-17.43.49.jpeg 800w, https:\/\/novosaopaulo.com.br\/n1\/wp-content\/uploads\/2025\/04\/WhatsApp-Image-2025-04-04-at-17.43.49-300x200.jpeg 300w, https:\/\/novosaopaulo.com.br\/n1\/wp-content\/uploads\/2025\/04\/WhatsApp-Image-2025-04-04-at-17.43.49-768x512.jpeg 768w\" sizes=\"(max-width: 800px) 100vw, 800px\" \/><\/figure>\n<\/figure>\n","protected":false},"excerpt":{"rendered":"<p>Parceria P\u00fablico Privada (PPP) foi assinada nesta sexta-feira (4\/4) em evento oficial do programa que&#8230;<\/p>\n","protected":false},"author":1,"featured_media":23253,"comment_status":"open","ping_status":"open","sticky":false,"template":"","format":"standard","meta":{"footnotes":""},"categories":[2],"tags":[],"featured_image_urls":{"full":["https:\/\/novosaopaulo.com.br\/n1\/wp-content\/uploads\/2025\/04\/WhatsApp-Image-2025-04-04-at-14.59.13.jpeg",800,533,false],"thumbnail":["https:\/\/novosaopaulo.com.br\/n1\/wp-content\/uploads\/2025\/04\/WhatsApp-Image-2025-04-04-at-14.59.13-150x150.jpeg",150,150,true],"medium":["https:\/\/novosaopaulo.com.br\/n1\/wp-content\/uploads\/2025\/04\/WhatsApp-Image-2025-04-04-at-14.59.13-300x200.jpeg",300,200,true],"medium_large":["https:\/\/novosaopaulo.com.br\/n1\/wp-content\/uploads\/2025\/04\/WhatsApp-Image-2025-04-04-at-14.59.13-768x512.jpeg",640,427,true],"large":["https:\/\/novosaopaulo.com.br\/n1\/wp-content\/uploads\/2025\/04\/WhatsApp-Image-2025-04-04-at-14.59.13.jpeg",640,426,false],"1536x1536":["https:\/\/novosaopaulo.com.br\/n1\/wp-content\/uploads\/2025\/04\/WhatsApp-Image-2025-04-04-at-14.59.13.jpeg",800,533,false],"2048x2048":["https:\/\/novosaopaulo.com.br\/n1\/wp-content\/uploads\/2025\/04\/WhatsApp-Image-2025-04-04-at-14.59.13.jpeg",800,533,false],"newsever-slider-full":["https:\/\/novosaopaulo.com.br\/n1\/wp-content\/uploads\/2025\/04\/WhatsApp-Image-2025-04-04-at-14.59.13.jpeg",800,533,false],"newsever-featured":["https:\/\/novosaopaulo.com.br\/n1\/wp-content\/uploads\/2025\/04\/WhatsApp-Image-2025-04-04-at-14.59.13.jpeg",800,533,false],"newsever-medium":["https:\/\/novosaopaulo.com.br\/n1\/wp-content\/uploads\/2025\/04\/WhatsApp-Image-2025-04-04-at-14.59.13-720x475.jpeg",720,475,true]},"author_info":{"display_name":"Reda\u00e7\u00e3o","author_link":"https:\/\/novosaopaulo.com.br\/n1\/author\/g5poa\/"},"category_info":"<a href=\"https:\/\/novosaopaulo.com.br\/n1\/category\/cidades\/\" rel=\"category tag\">Cidades<\/a>","tag_info":"Cidades","comment_count":"0","_links":{"self":[{"href":"https:\/\/novosaopaulo.com.br\/n1\/wp-json\/wp\/v2\/posts\/23251"}],"collection":[{"href":"https:\/\/novosaopaulo.com.br\/n1\/wp-json\/wp\/v2\/posts"}],"about":[{"href":"https:\/\/novosaopaulo.com.br\/n1\/wp-json\/wp\/v2\/types\/post"}],"author":[{"embeddable":true,"href":"https:\/\/novosaopaulo.com.br\/n1\/wp-json\/wp\/v2\/users\/1"}],"replies":[{"embeddable":true,"href":"https:\/\/novosaopaulo.com.br\/n1\/wp-json\/wp\/v2\/comments?post=23251"}],"version-history":[{"count":2,"href":"https:\/\/novosaopaulo.com.br\/n1\/wp-json\/wp\/v2\/posts\/23251\/revisions"}],"predecessor-version":[{"id":23259,"href":"https:\/\/novosaopaulo.com.br\/n1\/wp-json\/wp\/v2\/posts\/23251\/revisions\/23259"}],"wp:featuredmedia":[{"embeddable":true,"href":"https:\/\/novosaopaulo.com.br\/n1\/wp-json\/wp\/v2\/media\/23253"}],"wp:attachment":[{"href":"https:\/\/novosaopaulo.com.br\/n1\/wp-json\/wp\/v2\/media?parent=23251"}],"wp:term":[{"taxonomy":"category","embeddable":true,"href":"https:\/\/novosaopaulo.com.br\/n1\/wp-json\/wp\/v2\/categories?post=23251"},{"taxonomy":"post_tag","embeddable":true,"href":"https:\/\/novosaopaulo.com.br\/n1\/wp-json\/wp\/v2\/tags?post=23251"}],"curies":[{"name":"wp","href":"https:\/\/api.w.org\/{rel}","templated":true}]}}