{"id":23238,"date":"2025-04-03T20:26:52","date_gmt":"2025-04-03T23:26:52","guid":{"rendered":"https:\/\/novosaopaulo.com.br\/n1\/?p=23238"},"modified":"2025-04-03T20:26:53","modified_gmt":"2025-04-03T23:26:53","slug":"mari-fernandez-se-une-a-lauana-prado-em-faixa-inedita-e-lanca-albumcompleto-ao-vivo-no-rio-de-janeiro","status":"publish","type":"post","link":"https:\/\/novosaopaulo.com.br\/n1\/mari-fernandez-se-une-a-lauana-prado-em-faixa-inedita-e-lanca-albumcompleto-ao-vivo-no-rio-de-janeiro\/","title":{"rendered":"Mari Fernandez se une a Lauana Prado em faixa in\u00e9dita e lan\u00e7a \u00e1lbumcompleto \u201cAo Vivo no Rio de Janeiro\u201d"},"content":{"rendered":"\n<p>\u201cMaluca\u201d e mais tr\u00eas faixas chegam em todas as plataformas de \u00e1udio nesta quinta-feira (3), \u00e0s 21h<\/p>\n\n\n\n<p>Pr\u00e9 Save: https:\/\/open.spotify.com\/prerelease\/2RH2pKuE4KEIh3J6BWPVYg<\/p>\n\n\n\n<p><br>Ter um projeto evidenciando suas refer\u00eancias na m\u00fasica sertaneja, sempre foi um<br>sonho para Mari Fernandez e o \u00e1lbum \u201cAo Vivo no Rio de Janeiro\u201d, \u00e9 a<br>materializa\u00e7\u00e3o desse desejo. Os dois primeiros ep &#8216;s desse audiovisual j\u00e1 foram<br>lan\u00e7ados e trouxeram n\u00fameros impressionantes em faixas como \u201cS\u00f3 Sei Ser Fiel\u201d,<br>\u201cChoro, Gelo e Gin\u201d e \u201cPulseira\u201d, que contou com a participa\u00e7\u00e3o de Guilherme e<br>Benuto. Nesta quinta (3), mais tr\u00eas faixas chegam em todas as plataformas digitais,<br>\u00e0s 21h, concluindo assim o projeto.<br>A faixa foco deste \u00e1lbum, \u201cMaluca\u201d, traz a participa\u00e7\u00e3o especial de Lauana Prado,<br>marcando o encontro de grandes mulheres que representam o g\u00eanero sertanejo<br>Brasil afora. A dupla se destaca com seu carisma vibrante e letras envolventes,<br>misturando elementos do sertanejo tradicional e moderno.<br>\u201cPara o DVD no Rio de Janeiro, eu decidi que queria muito a participa\u00e7\u00e3o de uma<br>mulher nessa nova fase da minha carreira, gravando m\u00fasicas mais sertanejas, e eu<br>pensei que precisava ter uma mulher que cantasse sertanejo e que nos representa<br>nesse g\u00eanero t\u00e3o incr\u00edvel e na hora me veio na cabe\u00e7a a Lauana Prado, eu fiz o<br>convite e ela foi maravilhosa\u201d, conta Mari Fernandez.<br>\u201cQuando recebi o convite da Mari para participar em &#8220;Maluca&#8221;, eu adorei! Ela \u00e9 uma<br>artista jovem que j\u00e1 conquistou muitas coisas especiais e tem um futuro brilhante<br>pela frente no sertanejo. Espero que o p\u00fablico se divirta com &#8220;Maluca&#8221; junto com a<br>gente, que dance e cante muito. Foi um encontro incr\u00edvel e tenho certeza de que a<br>m\u00fasica ser\u00e1 um grande sucesso!\u201d completa Lauana Prado<br>A grava\u00e7\u00e3o, realizada no Rio de Janeiro, captura a energia e a pot\u00eancia de Mari<br>Fernandez no palco, mostrando a conex\u00e3o \u00fanica que ela tem com sua audi\u00eancia.<br>Este lan\u00e7amento n\u00e3o \u00e9 apenas a celebra\u00e7\u00e3o de mais um cap\u00edtulo de sua carreira,<br>mas a reafirma\u00e7\u00e3o de seu legado como um dos maiores nomes da m\u00fasica brasileira<br>na atualidade. Produzido por Dudu Oliveira e dirigido por Flaney Gonzallez, esse<br>projeto marca a entrada de Mari Fernandez no cen\u00e1rio da m\u00fasica sertaneja.<br>Confira o tracklist:<br>\u25cf Maluca<br>\u25cf Esfriou<br>\u25cf Dizem que sou louca<br>\u25cf Amor imposs\u00edvel<br>E para celebrar esse momento, Mari Fernandez se prepara para apresentar o<br>repert\u00f3rio do novo projeto, com um show em S\u00e3o Paulo, no dia 10 de abril, na casa<br>de shows sertanejos mais tradicional do Brasil: o Villa Country. Os \u00faltimos ingressos<br>podem ser adquiridos no site Ticket360.<br>Sobre Mari Fernandez<br>Com apenas 24 anos e tr\u00eas anos de carreira, Mari Fernandez j\u00e1 \u00e9 considerada uma<br>das grandes vozes femininas da m\u00fasica brasileira. Provando seu talento e<br>versatilidade como cantora e compositora, ela soma mais de 12 milh\u00f5es de ouvintes<br>no Spotify, mais de 02 bilh\u00f5es de visualiza\u00e7\u00f5es no Youtube, mais de 03 Bilh\u00f5es de<br>streams nas plataformas de m\u00fasica e 10 Milh\u00f5es de Seguidores nas redes sociais.<br>Al\u00e9m disso, lan\u00e7ou tamb\u00e9m sua label \u201cMari Sem Fim\u201d, que lotou est\u00e1dios arrastando<br>mais de 120 mil pessoas que curtiram essa experi\u00eancia sem hora para terminar.<br>Considerada uma hitmaker, a artista j\u00e1 emplacou 11 m\u00fasicas ao mesmo tempo nas<br>principais paradas, sendo 08 delas faixas do seu primeiro audiovisual \u201cMari<br>Fernandez Ao Vivo Em Fortaleza\u201d. O \u00e1lbum ficou em primeiro lugar no Deezer e<br>Mari foi a segunda artista mais ouvida no stream. Seus hits j\u00e1 ultrapassaram<br>fronteiras chegando a mais de 150 pa\u00edses. No in\u00edcio de 2023, a cantora fez sua<br>primeira turn\u00ea internacional nos EUA e gravou seu segundo DVD \u201cAo Vivo em S\u00e3o<br>Paulo\u201d<\/p>\n","protected":false},"excerpt":{"rendered":"<p>\u201cMaluca\u201d e mais tr\u00eas faixas chegam em todas as plataformas de \u00e1udio nesta quinta-feira (3),&#8230;<\/p>\n","protected":false},"author":1,"featured_media":23239,"comment_status":"open","ping_status":"open","sticky":false,"template":"","format":"standard","meta":{"footnotes":""},"categories":[2,45],"tags":[],"featured_image_urls":{"full":["https:\/\/novosaopaulo.com.br\/n1\/wp-content\/uploads\/2025\/04\/Capa-Ao-Vivo-no-Rio-de-Janeiro.jpg",415,417,false],"thumbnail":["https:\/\/novosaopaulo.com.br\/n1\/wp-content\/uploads\/2025\/04\/Capa-Ao-Vivo-no-Rio-de-Janeiro-150x150.jpg",150,150,true],"medium":["https:\/\/novosaopaulo.com.br\/n1\/wp-content\/uploads\/2025\/04\/Capa-Ao-Vivo-no-Rio-de-Janeiro-300x300.jpg",300,300,true],"medium_large":["https:\/\/novosaopaulo.com.br\/n1\/wp-content\/uploads\/2025\/04\/Capa-Ao-Vivo-no-Rio-de-Janeiro.jpg",415,417,false],"large":["https:\/\/novosaopaulo.com.br\/n1\/wp-content\/uploads\/2025\/04\/Capa-Ao-Vivo-no-Rio-de-Janeiro.jpg",415,417,false],"1536x1536":["https:\/\/novosaopaulo.com.br\/n1\/wp-content\/uploads\/2025\/04\/Capa-Ao-Vivo-no-Rio-de-Janeiro.jpg",415,417,false],"2048x2048":["https:\/\/novosaopaulo.com.br\/n1\/wp-content\/uploads\/2025\/04\/Capa-Ao-Vivo-no-Rio-de-Janeiro.jpg",415,417,false],"newsever-slider-full":["https:\/\/novosaopaulo.com.br\/n1\/wp-content\/uploads\/2025\/04\/Capa-Ao-Vivo-no-Rio-de-Janeiro.jpg",415,417,false],"newsever-featured":["https:\/\/novosaopaulo.com.br\/n1\/wp-content\/uploads\/2025\/04\/Capa-Ao-Vivo-no-Rio-de-Janeiro.jpg",415,417,false],"newsever-medium":["https:\/\/novosaopaulo.com.br\/n1\/wp-content\/uploads\/2025\/04\/Capa-Ao-Vivo-no-Rio-de-Janeiro.jpg",415,417,false]},"author_info":{"display_name":"Reda\u00e7\u00e3o","author_link":"https:\/\/novosaopaulo.com.br\/n1\/author\/g5poa\/"},"category_info":"<a href=\"https:\/\/novosaopaulo.com.br\/n1\/category\/cidades\/\" rel=\"category tag\">Cidades<\/a> <a href=\"https:\/\/novosaopaulo.com.br\/n1\/category\/cultura\/\" rel=\"category tag\">Cultura<\/a>","tag_info":"Cultura","comment_count":"0","_links":{"self":[{"href":"https:\/\/novosaopaulo.com.br\/n1\/wp-json\/wp\/v2\/posts\/23238"}],"collection":[{"href":"https:\/\/novosaopaulo.com.br\/n1\/wp-json\/wp\/v2\/posts"}],"about":[{"href":"https:\/\/novosaopaulo.com.br\/n1\/wp-json\/wp\/v2\/types\/post"}],"author":[{"embeddable":true,"href":"https:\/\/novosaopaulo.com.br\/n1\/wp-json\/wp\/v2\/users\/1"}],"replies":[{"embeddable":true,"href":"https:\/\/novosaopaulo.com.br\/n1\/wp-json\/wp\/v2\/comments?post=23238"}],"version-history":[{"count":1,"href":"https:\/\/novosaopaulo.com.br\/n1\/wp-json\/wp\/v2\/posts\/23238\/revisions"}],"predecessor-version":[{"id":23240,"href":"https:\/\/novosaopaulo.com.br\/n1\/wp-json\/wp\/v2\/posts\/23238\/revisions\/23240"}],"wp:featuredmedia":[{"embeddable":true,"href":"https:\/\/novosaopaulo.com.br\/n1\/wp-json\/wp\/v2\/media\/23239"}],"wp:attachment":[{"href":"https:\/\/novosaopaulo.com.br\/n1\/wp-json\/wp\/v2\/media?parent=23238"}],"wp:term":[{"taxonomy":"category","embeddable":true,"href":"https:\/\/novosaopaulo.com.br\/n1\/wp-json\/wp\/v2\/categories?post=23238"},{"taxonomy":"post_tag","embeddable":true,"href":"https:\/\/novosaopaulo.com.br\/n1\/wp-json\/wp\/v2\/tags?post=23238"}],"curies":[{"name":"wp","href":"https:\/\/api.w.org\/{rel}","templated":true}]}}