{"id":23232,"date":"2025-04-03T20:23:12","date_gmt":"2025-04-03T23:23:12","guid":{"rendered":"https:\/\/novosaopaulo.com.br\/n1\/?p=23232"},"modified":"2025-04-03T20:23:13","modified_gmt":"2025-04-03T23:23:13","slug":"vi-premio-abime-turismo","status":"publish","type":"post","link":"https:\/\/novosaopaulo.com.br\/n1\/vi-premio-abime-turismo\/","title":{"rendered":"VI Pr\u00eamio ABIME Turismo"},"content":{"rendered":"\n<p>Aconteceu ontem, 2\/4, \u00e0s 18 horas, no Centro de Conven\u00e7\u00f5es Frei Caneca, na VIII Expotel -Feira Internacional para Hotelaria, onde foram homenageadas v\u00e1rias personalidades.<br>Da regi\u00e3o, tive o prazer de receber a t\u00e3o importante honraria com mais pessoas ilustres como a Prefeita de Ferraz de Vasconcelos, Priscila Gambale e sua Secret\u00e1ria de Cultura e Turismo Ana Rosa Augusto Rodrigues que receberam o Pr\u00eamio Mulher e tamb\u00e9m com o brilhante Arquiteto de Po\u00e1, Vin\u00edcius Macedo.<br>Agrade\u00e7o \u00e0 presidente da ABIME Vera L\u00facia Tabachi e \u00e0 vice-presidente Renata Tabachi por me entregar o pr\u00eamio ABIME Turismo.<\/p>\n\n\n\n<p>Encontro Nacional da ABIME acontece em Socorro ap\u00f3s o 6\u00ba Pr\u00eamio ABIME Turismo<\/p>\n\n\n\n<p>Nos dias 2, 3 e 4 de abril, a cidade de Socorro (SP) est\u00e1 sendo o palco do Encontro Nacional da Associa\u00e7\u00e3o Brasileira de Imprensa e M\u00eddia Eletr\u00f4nica (ABIME). O evento re\u00fane jornalistas de diversas regi\u00f5es do pa\u00eds, incluindo representantes de estados como S\u00e3o Paulo, Minas Gerais, Alagoas, Paran\u00e1, Bahia, Mato Grosso do Sul, Santa Catarina e Rio de Janeiro, para explorar as belezas naturais, hospedagens e atrativos tur\u00edsticos do munic\u00edpio, reconhecido pelo seu turismo de aventura e acess\u00edvel.<\/p>\n\n\n\n<pre class=\"wp-block-code\"><code>    A Expotel, promovida por Bruno Omori, presidente de honra da ABIME, foi o local da cerim\u00f4nia de premia\u00e7\u00e3o, que, al\u00e9m de reconhecer os destaques do setor tur\u00edstico, tamb\u00e9m contar\u00e1 com a entrega do Pr\u00eamio Mulher, criado em 1978 pela presidente da ABIME, a jornalista Vera Tabach, para homenagear mulheres de relev\u00e2ncia em diversas \u00e1reas de atua\u00e7\u00e3o.<\/code><\/pre>\n","protected":false},"excerpt":{"rendered":"<p>Aconteceu ontem, 2\/4, \u00e0s 18 horas, no Centro de Conven\u00e7\u00f5es Frei Caneca, na VIII Expotel&#8230;<\/p>\n","protected":false},"author":1,"featured_media":23233,"comment_status":"open","ping_status":"open","sticky":false,"template":"","format":"standard","meta":{"footnotes":""},"categories":[2],"tags":[],"featured_image_urls":{"full":["https:\/\/novosaopaulo.com.br\/n1\/wp-content\/uploads\/2025\/04\/WhatsApp-Image-2025-04-03-at-14.32.57.jpeg",800,602,false],"thumbnail":["https:\/\/novosaopaulo.com.br\/n1\/wp-content\/uploads\/2025\/04\/WhatsApp-Image-2025-04-03-at-14.32.57-150x150.jpeg",150,150,true],"medium":["https:\/\/novosaopaulo.com.br\/n1\/wp-content\/uploads\/2025\/04\/WhatsApp-Image-2025-04-03-at-14.32.57-300x226.jpeg",300,226,true],"medium_large":["https:\/\/novosaopaulo.com.br\/n1\/wp-content\/uploads\/2025\/04\/WhatsApp-Image-2025-04-03-at-14.32.57-768x578.jpeg",640,482,true],"large":["https:\/\/novosaopaulo.com.br\/n1\/wp-content\/uploads\/2025\/04\/WhatsApp-Image-2025-04-03-at-14.32.57.jpeg",640,482,false],"1536x1536":["https:\/\/novosaopaulo.com.br\/n1\/wp-content\/uploads\/2025\/04\/WhatsApp-Image-2025-04-03-at-14.32.57.jpeg",800,602,false],"2048x2048":["https:\/\/novosaopaulo.com.br\/n1\/wp-content\/uploads\/2025\/04\/WhatsApp-Image-2025-04-03-at-14.32.57.jpeg",800,602,false],"newsever-slider-full":["https:\/\/novosaopaulo.com.br\/n1\/wp-content\/uploads\/2025\/04\/WhatsApp-Image-2025-04-03-at-14.32.57.jpeg",800,602,false],"newsever-featured":["https:\/\/novosaopaulo.com.br\/n1\/wp-content\/uploads\/2025\/04\/WhatsApp-Image-2025-04-03-at-14.32.57.jpeg",800,602,false],"newsever-medium":["https:\/\/novosaopaulo.com.br\/n1\/wp-content\/uploads\/2025\/04\/WhatsApp-Image-2025-04-03-at-14.32.57-720x475.jpeg",720,475,true]},"author_info":{"display_name":"Reda\u00e7\u00e3o","author_link":"https:\/\/novosaopaulo.com.br\/n1\/author\/g5poa\/"},"category_info":"<a href=\"https:\/\/novosaopaulo.com.br\/n1\/category\/cidades\/\" rel=\"category tag\">Cidades<\/a>","tag_info":"Cidades","comment_count":"0","_links":{"self":[{"href":"https:\/\/novosaopaulo.com.br\/n1\/wp-json\/wp\/v2\/posts\/23232"}],"collection":[{"href":"https:\/\/novosaopaulo.com.br\/n1\/wp-json\/wp\/v2\/posts"}],"about":[{"href":"https:\/\/novosaopaulo.com.br\/n1\/wp-json\/wp\/v2\/types\/post"}],"author":[{"embeddable":true,"href":"https:\/\/novosaopaulo.com.br\/n1\/wp-json\/wp\/v2\/users\/1"}],"replies":[{"embeddable":true,"href":"https:\/\/novosaopaulo.com.br\/n1\/wp-json\/wp\/v2\/comments?post=23232"}],"version-history":[{"count":1,"href":"https:\/\/novosaopaulo.com.br\/n1\/wp-json\/wp\/v2\/posts\/23232\/revisions"}],"predecessor-version":[{"id":23234,"href":"https:\/\/novosaopaulo.com.br\/n1\/wp-json\/wp\/v2\/posts\/23232\/revisions\/23234"}],"wp:featuredmedia":[{"embeddable":true,"href":"https:\/\/novosaopaulo.com.br\/n1\/wp-json\/wp\/v2\/media\/23233"}],"wp:attachment":[{"href":"https:\/\/novosaopaulo.com.br\/n1\/wp-json\/wp\/v2\/media?parent=23232"}],"wp:term":[{"taxonomy":"category","embeddable":true,"href":"https:\/\/novosaopaulo.com.br\/n1\/wp-json\/wp\/v2\/categories?post=23232"},{"taxonomy":"post_tag","embeddable":true,"href":"https:\/\/novosaopaulo.com.br\/n1\/wp-json\/wp\/v2\/tags?post=23232"}],"curies":[{"name":"wp","href":"https:\/\/api.w.org\/{rel}","templated":true}]}}