{"id":23221,"date":"2025-04-02T18:25:23","date_gmt":"2025-04-02T21:25:23","guid":{"rendered":"https:\/\/novosaopaulo.com.br\/n1\/?p=23221"},"modified":"2025-04-02T18:25:24","modified_gmt":"2025-04-02T21:25:24","slug":"condemat-e-sicredi-firmam-parceria-para-levar-educacao-financeira-a-rede-publica","status":"publish","type":"post","link":"https:\/\/novosaopaulo.com.br\/n1\/condemat-e-sicredi-firmam-parceria-para-levar-educacao-financeira-a-rede-publica\/","title":{"rendered":"Condemat + e Sicredi firmam parceria para levar educa\u00e7\u00e3o financeira \u00e0 rede p\u00fablica"},"content":{"rendered":"\n<p>Programa pioneiro ir\u00e1 atender cerca de 8 mil alunos. Lan\u00e7amento acontece nesta sexta-feira (4\/4) em Mogi das Cruzes<\/p>\n\n\n\n<p>O Cons\u00f3rcio de Desenvolvimento dos Munic\u00edpios do Alto Tiet\u00ea e Regi\u00e3o (Condemat+) selou uma parceria com a Sicredi Progresso PR\/SP para levar o programa \u201cJornada da Educa\u00e7\u00e3o Financeira nas Escolas\u201d. A a\u00e7\u00e3o in\u00e9dita na regi\u00e3o representa mais um avan\u00e7o na \u00e1rea educacional com capacita\u00e7\u00e3o e conte\u00fados exclusivos para a rede p\u00fablica. O lan\u00e7amento ser\u00e1 realizado nesta sexta-feira (4\/4), \u00e0s 9h30, no Centro Municipal de Forma\u00e7\u00e3o Pedag\u00f3gica (Cemforpe) de Mogi das Cruzes.<\/p>\n\n\n\n<p>Desde a sua cria\u00e7\u00e3o, em 2010, o cons\u00f3rcio tem avan\u00e7ado em diversas \u00e1reas com a regionaliza\u00e7\u00e3o de servi\u00e7os no Alto Tiet\u00ea. Agora, o Condemat+ se articulou e conseguiu firmar um acordo com a iniciativa privada para qualificar ainda mais a educa\u00e7\u00e3o municipal. A parceria com a Sicredi Progresso e seu bra\u00e7o no campo da responsabilidade social &#8211; a Funda\u00e7\u00e3o Sicredi &#8211; ser\u00e1 um marco na regi\u00e3o. Por meio da \u201cJornada da Educa\u00e7\u00e3o Financeira nas Escolas\u201d, ser\u00e1 oferecido assessoramento pedag\u00f3gico aos professores e coordenadores dos anos iniciais (1\u00ba ao 5\u00ba ano). A expectativa \u00e9 que cerca de oito mil alunos sejam impactados.<\/p>\n\n\n\n<p>Todo o conte\u00fado est\u00e1 alinhado \u00e0s normas da Base Nacional Comum Curricular (BNCC), que disp\u00f5e de 10 compet\u00eancias para a abordagem do tema com os estudantes. A Jornada da Educa\u00e7\u00e3o Financeira nas Escolas faz parte dos programas educacionais geridos pela Funda\u00e7\u00e3o Sicredi. Na Sicredi Progresso teve in\u00edcio em 2021 em um formato piloto que est\u00e1 em expans\u00e3o e chega agora \u00e0s unidades do Alto Tiet\u00ea.<\/p>\n\n\n\n<p>Para o presidente do Condemat+, prefeito de Itaquaquecetuba, Eduardo Boigues, estabelecer essa Parceria P\u00fablico Privada demonstra a efici\u00eancia e grande atua\u00e7\u00e3o do cons\u00f3rcio em busca de inova\u00e7\u00e3o e fortalecimento da regi\u00e3o.<\/p>\n\n\n\n<p>\u201cO Condemat+ se firma cada vez mais como uma entidade refer\u00eancia em todo Estado. E essa parceria com a Sicredi demonstra a pot\u00eancia da regi\u00e3o e como a uni\u00e3o do p\u00fablico com o privado d\u00e1 resultados em prol da qualidade dos servi\u00e7os. Neste caso, o maior ganho ser\u00e1 no incremento do curr\u00edculo das nossas crian\u00e7as\u201d, destacou.<br>O presidente da Sicredi Progresso PR\/SP, In\u00e1cio Cattani, enalteceu a parceria com o cons\u00f3rcio e a contribui\u00e7\u00e3o para a educa\u00e7\u00e3o da regi\u00e3o.<\/p>\n\n\n\n<p>\u201cDentre nossos valores e princ\u00edpios como cooperativa est\u00e1 a educa\u00e7\u00e3o, forma\u00e7\u00e3o e informa\u00e7\u00e3o, logo, \u00e9 um desafio, mas ao mesmo tempo, uma responsabilidade nossa levar conhecimento para que nossa sociedade como um todo progrida. Nada mais justo que, como institui\u00e7\u00e3o financeira, iniciar essa parceria com o programa Jornada da Educa\u00e7\u00e3o Financeira nas Escolas. J\u00e1 possu\u00edamos uma parceria com o Condemat + e, aos poucos, vamos estreitando esses la\u00e7os em prol de mais pelos nossos associados e regi\u00e3o. Essa iniciativa somada \u00e0 outra que j\u00e1 desenvolv\u00edamos, nos leva a ter pelo menos um programa educacional em nossa \u00e1rea de atua\u00e7\u00e3o no Alto Tiet\u00ea. \u00c9 um grande marco.\u201d<\/p>\n\n\n\n<p>Servi\u00e7o:<br>Lan\u00e7amento do programa \u201cJornada da Educa\u00e7\u00e3o Financeira nas Escolas\u201d<br>Data: 4 de abril \u2013 sexta-feira<br>Hor\u00e1rio: 9 horas<br>Local: Centro Municipal de Forma\u00e7\u00e3o Pedag\u00f3gica (Cemforpe)<br>Endere\u00e7o: Rua Antenor Leite da Cunha, 55, Mogilar \u2013 Mogi das Cruzes \u2013 SP<\/p>\n\n\n\n<p>Sobre a Sicredi Progresso PR\/SP<br>Com 43 anos de atua\u00e7\u00e3o a Sicredi Progresso PR\/SP est\u00e1 presente na vida de mais de 76 mil associados. A Cooperativa possui 23 ag\u00eancias distribu\u00eddas na \u00e1rea de atua\u00e7\u00e3o, nos estados do Paran\u00e1 e S\u00e3o Paulo. Destas, 15 est\u00e3o no Paran\u00e1 e outras 8 em S\u00e3o Paulo. Seu capital humano conta com mais de 400 colaboradores focados nos valores do cooperativismo e na oferta de produtos e servi\u00e7os financeiros adequados aos associados, de um jeito simples e pr\u00f3ximo. A Sicredi Progresso integra o Sistema Sicredi que est\u00e1 presente fisicamente em todos os estados brasileiros e no Distrito Federal.<\/p>\n\n\n\n<p>Sobre o CONDEMAT+<br>O Cons\u00f3rcio de Desenvolvimento dos Munic\u00edpios do Alto Tiet\u00ea e Regi\u00e3o (Condemat+) foi fundado em abril de 2010, com a proposta de fortalecer a representatividade e a conquista de investimentos para a regi\u00e3o. Re\u00fane 14 munic\u00edpios, sendo eles: Aruj\u00e1, Biritiba Mirim, Ferraz de Vasconcelos, Guararema, Guarulhos, Igarat\u00e1, Itaquaquecetuba, Mairipor\u00e3, Mogi das Cruzes, Po\u00e1, Sales\u00f3polis, Santa Branca, Santa Isabel e Suzano.<\/p>\n\n\n\n<p>O cons\u00f3rcio tem sua atua\u00e7\u00e3o pautada na busca de solu\u00e7\u00f5es e melhorias para as cidades da regi\u00e3o, assim como no fomento e consolida\u00e7\u00e3o das pol\u00edticas p\u00fablicas intermunicipais. Sua miss\u00e3o \u00e9 defender os interesses pol\u00edticos, administrativos, econ\u00f4micos e sociais e promover o bem-estar de um conglomerado urbano que hoje re\u00fane mais de tr\u00eas milh\u00f5es de habitantes.<\/p>\n","protected":false},"excerpt":{"rendered":"<p>Programa pioneiro ir\u00e1 atender cerca de 8 mil alunos. Lan\u00e7amento acontece nesta sexta-feira (4\/4) em&#8230;<\/p>\n","protected":false},"author":1,"featured_media":23222,"comment_status":"open","ping_status":"open","sticky":false,"template":"","format":"standard","meta":{"footnotes":""},"categories":[2],"tags":[],"featured_image_urls":{"full":["https:\/\/novosaopaulo.com.br\/n1\/wp-content\/uploads\/2025\/04\/WhatsApp-Image-2025-04-02-at-17.43.19.jpeg",800,533,false],"thumbnail":["https:\/\/novosaopaulo.com.br\/n1\/wp-content\/uploads\/2025\/04\/WhatsApp-Image-2025-04-02-at-17.43.19-150x150.jpeg",150,150,true],"medium":["https:\/\/novosaopaulo.com.br\/n1\/wp-content\/uploads\/2025\/04\/WhatsApp-Image-2025-04-02-at-17.43.19-300x200.jpeg",300,200,true],"medium_large":["https:\/\/novosaopaulo.com.br\/n1\/wp-content\/uploads\/2025\/04\/WhatsApp-Image-2025-04-02-at-17.43.19-768x512.jpeg",640,427,true],"large":["https:\/\/novosaopaulo.com.br\/n1\/wp-content\/uploads\/2025\/04\/WhatsApp-Image-2025-04-02-at-17.43.19.jpeg",640,426,false],"1536x1536":["https:\/\/novosaopaulo.com.br\/n1\/wp-content\/uploads\/2025\/04\/WhatsApp-Image-2025-04-02-at-17.43.19.jpeg",800,533,false],"2048x2048":["https:\/\/novosaopaulo.com.br\/n1\/wp-content\/uploads\/2025\/04\/WhatsApp-Image-2025-04-02-at-17.43.19.jpeg",800,533,false],"newsever-slider-full":["https:\/\/novosaopaulo.com.br\/n1\/wp-content\/uploads\/2025\/04\/WhatsApp-Image-2025-04-02-at-17.43.19.jpeg",800,533,false],"newsever-featured":["https:\/\/novosaopaulo.com.br\/n1\/wp-content\/uploads\/2025\/04\/WhatsApp-Image-2025-04-02-at-17.43.19.jpeg",800,533,false],"newsever-medium":["https:\/\/novosaopaulo.com.br\/n1\/wp-content\/uploads\/2025\/04\/WhatsApp-Image-2025-04-02-at-17.43.19-720x475.jpeg",720,475,true]},"author_info":{"display_name":"Reda\u00e7\u00e3o","author_link":"https:\/\/novosaopaulo.com.br\/n1\/author\/g5poa\/"},"category_info":"<a href=\"https:\/\/novosaopaulo.com.br\/n1\/category\/cidades\/\" rel=\"category tag\">Cidades<\/a>","tag_info":"Cidades","comment_count":"0","_links":{"self":[{"href":"https:\/\/novosaopaulo.com.br\/n1\/wp-json\/wp\/v2\/posts\/23221"}],"collection":[{"href":"https:\/\/novosaopaulo.com.br\/n1\/wp-json\/wp\/v2\/posts"}],"about":[{"href":"https:\/\/novosaopaulo.com.br\/n1\/wp-json\/wp\/v2\/types\/post"}],"author":[{"embeddable":true,"href":"https:\/\/novosaopaulo.com.br\/n1\/wp-json\/wp\/v2\/users\/1"}],"replies":[{"embeddable":true,"href":"https:\/\/novosaopaulo.com.br\/n1\/wp-json\/wp\/v2\/comments?post=23221"}],"version-history":[{"count":1,"href":"https:\/\/novosaopaulo.com.br\/n1\/wp-json\/wp\/v2\/posts\/23221\/revisions"}],"predecessor-version":[{"id":23223,"href":"https:\/\/novosaopaulo.com.br\/n1\/wp-json\/wp\/v2\/posts\/23221\/revisions\/23223"}],"wp:featuredmedia":[{"embeddable":true,"href":"https:\/\/novosaopaulo.com.br\/n1\/wp-json\/wp\/v2\/media\/23222"}],"wp:attachment":[{"href":"https:\/\/novosaopaulo.com.br\/n1\/wp-json\/wp\/v2\/media?parent=23221"}],"wp:term":[{"taxonomy":"category","embeddable":true,"href":"https:\/\/novosaopaulo.com.br\/n1\/wp-json\/wp\/v2\/categories?post=23221"},{"taxonomy":"post_tag","embeddable":true,"href":"https:\/\/novosaopaulo.com.br\/n1\/wp-json\/wp\/v2\/tags?post=23221"}],"curies":[{"name":"wp","href":"https:\/\/api.w.org\/{rel}","templated":true}]}}