{"id":23218,"date":"2025-04-02T11:04:48","date_gmt":"2025-04-02T14:04:48","guid":{"rendered":"https:\/\/novosaopaulo.com.br\/n1\/?p=23218"},"modified":"2025-04-02T11:04:49","modified_gmt":"2025-04-02T14:04:49","slug":"as-farmacias-tem-importante-funcao-social-e-podem-apoiar-na-reducao-de-atendimentos-emergenciais-em-hospitais-explica-cleiton-de-castro-marques-em-debate","status":"publish","type":"post","link":"https:\/\/novosaopaulo.com.br\/n1\/as-farmacias-tem-importante-funcao-social-e-podem-apoiar-na-reducao-de-atendimentos-emergenciais-em-hospitais-explica-cleiton-de-castro-marques-em-debate\/","title":{"rendered":"\u201cAs farm\u00e1cias t\u00eam importante fun\u00e7\u00e3o social e podem apoiar na redu\u00e7\u00e3o de atendimentos emergenciais em hospitais\u201d, explica Cleiton de Castro Marques em debate"},"content":{"rendered":"\n<p>Assunto foi tema do Encontro de l\u00edderes do Conex\u00e3o Farma, realizado pela Associa\u00e7\u00e3o Brasileira de Distribui\u00e7\u00e3o e Log\u00edstica de Produtos Farmac\u00eauticos (Abradilan)<\/p>\n\n\n\n<p>A Biolab, uma das maiores ind\u00fastrias farmac\u00eauticas do Brasil, marcou presen\u00e7a no Conex\u00e3o Farma, iniciativa da Abradilan (Associa\u00e7\u00e3o Brasileira de Distribui\u00e7\u00e3o e Log\u00edstica de Produtos Farmac\u00eauticos), representada por suas marcas Biolab Farmac\u00eautica e Biolab Gen\u00e9ricos. O s\u00f3cio administrador da empresa, Cleiton de Castro Marques, participou como convidado do painel \u201cA Nova Era do Cuidado \u00e0 Sa\u00fade: Conectando Ind\u00fastria, Varejo e Distribui\u00e7\u00e3o\u201d, ao lado de outros representantes do setor.<\/p>\n\n\n\n<p>\u201cDurante minha trajet\u00f3ria no setor farmac\u00eautico, sempre reforcei que precisamos pensar al\u00e9m da fabrica\u00e7\u00e3o de medicamentos. Nosso compromisso \u00e9 estar presente em toda a cadeia, unindo qualidade, inova\u00e7\u00e3o tecnol\u00f3gica e a confian\u00e7a de m\u00e9dicos e farmac\u00eauticos. Hoje, sabemos que a ades\u00e3o ao tratamento \u00e9 um dos grandes problemas da sa\u00fade, porque dificulta o processo de melhora do paciente, tem potencial para aumentar a complexidade dos casos, consequentemente afetando a qualidade de vida das pessoas. Nesse caso, o farmac\u00eautico entra como um importante aliado que, por meio de ferramentas adequadas, pode realizar o acompanhamento mais pr\u00f3ximo, construindo um importante v\u00ednculo com os pacientes\u201d, explicou Cleiton de Castro Marques.<\/p>\n\n\n\n<p>O executivo destacou que o setor de sa\u00fade \u00e9 um dos que mais investe em capacita\u00e7\u00e3o de profissionais e a ind\u00fastria \u00e9 uma grande parceira do varejo. \u201cOs farmac\u00eauticos est\u00e3o na ponta da cadeia, ouvindo os consumidores e \u00e9 por isso que precisam ser cada vez mais valorizados. Incentivar a presta\u00e7\u00e3o de servi\u00e7os por esse profissional \u00e9 vantajoso para todos, especialmente para os pacientes, que poderiam se beneficiar de um desfecho eficiente e \u00e1gil em atendimentos prim\u00e1rios, diminuindo, assim, a demanda em prontos-socorros, que teriam mais disponibilidade para casos de alta complexidade\u201d.<\/p>\n\n\n\n<p>Um outro momento importante do debate abordou o r\u00e1pido envelhecimento da popula\u00e7\u00e3o brasileira e como toda a cadeia da sa\u00fade precisa estar pronta para esse cen\u00e1rio. \u201c\u00c9 urgente pensar em formas de atender a esse p\u00fablico. Transformar o varejo f\u00edsico em um centro de diagn\u00f3stico preventivo n\u00e3o apenas melhora a qualidade de vida, como exonera os custos com sa\u00fade. Temos falado muito tamb\u00e9m sobre o Prontu\u00e1rio \u00danico, em que m\u00e9dicos e farmac\u00eauticos conseguem acompanhar o hist\u00f3rico do paciente e cada vez mais trabalhar para diagn\u00f3sticos e tratamentos assertivos. Est\u00e1 a\u00ed um projeto que pode mudar a realidade da sa\u00fade brasileira. Discuss\u00f5es como essas s\u00e3o extremamente importantes para elevar o n\u00edvel de servi\u00e7o que oferecemos \u00e0 popula\u00e7\u00e3o, para que todos tenham suas necessidades de sa\u00fade atendidas com rapidez e seguran\u00e7a\u201d, finalizou Cleiton.<\/p>\n\n\n\n<p>Sobre a Biolab<\/p>\n\n\n\n<p>Promover um futuro com mais qualidade de vida requer uma busca incans\u00e1vel por tratamentos seguros e inovadores. Por isso, a Biolab, ind\u00fastria farmac\u00eautica brasileira fundada em 1997 e com presen\u00e7a internacional, investe em pesquisas e parcerias para superar os crescentes desafios da sa\u00fade.<\/p>\n\n\n\n<p>Com seus mais de 3.800 colaboradores e a 4\u00aa maior For\u00e7a de Vendas do Brasil, est\u00e1 entre as maiores farmac\u00eauticas do pa\u00eds. A Biolab atua em diversas especialidades, como: dermatologia, ginecologia, ortopedia, gastroenterologia, pediatria, cl\u00ednica m\u00e9dica e sistema nervoso central, al\u00e9m de ser l\u00edder em cardiologia. As unidades de neg\u00f3cio Biolab Gen\u00e9ricos, Avert Humana e Avert Biolab Sa\u00fade Animal contribuem com o portf\u00f3lio de mais de 500 produtos.<\/p>\n\n\n\n<p>A Biolab est\u00e1 em crescimento constante. S\u00e3o tr\u00eas unidades de produ\u00e7\u00e3o, al\u00e9m de um moderno complexo fabril em constru\u00e7\u00e3o. E n\u00e3o para por a\u00ed: no Canad\u00e1, \u00e9 a 1\u00aa farmac\u00eautica brasileira com um Centro de pesquisas e adquiriu a empresa Exzell Pharma para expandir suas fronteiras.<\/p>\n\n\n\n<p>Viva a evolu\u00e7\u00e3o!<\/p>\n\n\n\n<p>Saiba mais em www.biolabfarma.com.br e nas redes sociais: Instagram, Facebook e Linkedin.<\/p>\n","protected":false},"excerpt":{"rendered":"<p>Assunto foi tema do Encontro de l\u00edderes do Conex\u00e3o Farma, realizado pela Associa\u00e7\u00e3o Brasileira de&#8230;<\/p>\n","protected":false},"author":1,"featured_media":23219,"comment_status":"open","ping_status":"open","sticky":false,"template":"","format":"standard","meta":{"footnotes":""},"categories":[2],"tags":[],"featured_image_urls":{"full":["https:\/\/novosaopaulo.com.br\/n1\/wp-content\/uploads\/2025\/04\/WhatsApp-Image-2025-04-02-at-10.55.49.jpeg",572,381,false],"thumbnail":["https:\/\/novosaopaulo.com.br\/n1\/wp-content\/uploads\/2025\/04\/WhatsApp-Image-2025-04-02-at-10.55.49-150x150.jpeg",150,150,true],"medium":["https:\/\/novosaopaulo.com.br\/n1\/wp-content\/uploads\/2025\/04\/WhatsApp-Image-2025-04-02-at-10.55.49-300x200.jpeg",300,200,true],"medium_large":["https:\/\/novosaopaulo.com.br\/n1\/wp-content\/uploads\/2025\/04\/WhatsApp-Image-2025-04-02-at-10.55.49.jpeg",572,381,false],"large":["https:\/\/novosaopaulo.com.br\/n1\/wp-content\/uploads\/2025\/04\/WhatsApp-Image-2025-04-02-at-10.55.49.jpeg",572,381,false],"1536x1536":["https:\/\/novosaopaulo.com.br\/n1\/wp-content\/uploads\/2025\/04\/WhatsApp-Image-2025-04-02-at-10.55.49.jpeg",572,381,false],"2048x2048":["https:\/\/novosaopaulo.com.br\/n1\/wp-content\/uploads\/2025\/04\/WhatsApp-Image-2025-04-02-at-10.55.49.jpeg",572,381,false],"newsever-slider-full":["https:\/\/novosaopaulo.com.br\/n1\/wp-content\/uploads\/2025\/04\/WhatsApp-Image-2025-04-02-at-10.55.49.jpeg",572,381,false],"newsever-featured":["https:\/\/novosaopaulo.com.br\/n1\/wp-content\/uploads\/2025\/04\/WhatsApp-Image-2025-04-02-at-10.55.49.jpeg",572,381,false],"newsever-medium":["https:\/\/novosaopaulo.com.br\/n1\/wp-content\/uploads\/2025\/04\/WhatsApp-Image-2025-04-02-at-10.55.49.jpeg",572,381,false]},"author_info":{"display_name":"Reda\u00e7\u00e3o","author_link":"https:\/\/novosaopaulo.com.br\/n1\/author\/g5poa\/"},"category_info":"<a href=\"https:\/\/novosaopaulo.com.br\/n1\/category\/cidades\/\" rel=\"category tag\">Cidades<\/a>","tag_info":"Cidades","comment_count":"0","_links":{"self":[{"href":"https:\/\/novosaopaulo.com.br\/n1\/wp-json\/wp\/v2\/posts\/23218"}],"collection":[{"href":"https:\/\/novosaopaulo.com.br\/n1\/wp-json\/wp\/v2\/posts"}],"about":[{"href":"https:\/\/novosaopaulo.com.br\/n1\/wp-json\/wp\/v2\/types\/post"}],"author":[{"embeddable":true,"href":"https:\/\/novosaopaulo.com.br\/n1\/wp-json\/wp\/v2\/users\/1"}],"replies":[{"embeddable":true,"href":"https:\/\/novosaopaulo.com.br\/n1\/wp-json\/wp\/v2\/comments?post=23218"}],"version-history":[{"count":1,"href":"https:\/\/novosaopaulo.com.br\/n1\/wp-json\/wp\/v2\/posts\/23218\/revisions"}],"predecessor-version":[{"id":23220,"href":"https:\/\/novosaopaulo.com.br\/n1\/wp-json\/wp\/v2\/posts\/23218\/revisions\/23220"}],"wp:featuredmedia":[{"embeddable":true,"href":"https:\/\/novosaopaulo.com.br\/n1\/wp-json\/wp\/v2\/media\/23219"}],"wp:attachment":[{"href":"https:\/\/novosaopaulo.com.br\/n1\/wp-json\/wp\/v2\/media?parent=23218"}],"wp:term":[{"taxonomy":"category","embeddable":true,"href":"https:\/\/novosaopaulo.com.br\/n1\/wp-json\/wp\/v2\/categories?post=23218"},{"taxonomy":"post_tag","embeddable":true,"href":"https:\/\/novosaopaulo.com.br\/n1\/wp-json\/wp\/v2\/tags?post=23218"}],"curies":[{"name":"wp","href":"https:\/\/api.w.org\/{rel}","templated":true}]}}