{"id":23198,"date":"2025-03-31T13:17:38","date_gmt":"2025-03-31T16:17:38","guid":{"rendered":"https:\/\/novosaopaulo.com.br\/n1\/?p=23198"},"modified":"2025-03-31T13:17:39","modified_gmt":"2025-03-31T16:17:39","slug":"estacao-palmeiras-barra-funda-da-cptm-recebe-exposicao-tons-e-transicoes","status":"publish","type":"post","link":"https:\/\/novosaopaulo.com.br\/n1\/estacao-palmeiras-barra-funda-da-cptm-recebe-exposicao-tons-e-transicoes\/","title":{"rendered":"Esta\u00e7\u00e3o Palmeiras-Barra Funda da CPTM recebe exposi\u00e7\u00e3o \u201cTons e Transi\u00e7\u00f5es\u201d"},"content":{"rendered":"\n<p>Mostra ficar\u00e1 dispon\u00edvel entre 31 de mar\u00e7o e 30 de abril<\/p>\n\n\n\n<p>A exposi\u00e7\u00e3o \u201cTons e Transi\u00e7\u00f5es\u201d chega na esta\u00e7\u00e3o Palmeiras-Barra Funda da CPTM nesta segunda-feira (31\/03). As obras poder\u00e3o ser apreciadas at\u00e9 30 de abril.<\/p>\n\n\n\n<p>A mostra relata momentos e coisas vista de uma forma de bicromia usando somente l\u00e1pis grafite e papel branco. A exposi\u00e7\u00e3o ser\u00e1 complementada com algumas obras em \u00f3leo sobre tela colorida para que as pessoas vejam como era os tempos da fotografia em preto e branco atrav\u00e9s do lambe-lambe em 1945 a 1960.<\/p>\n\n\n\n<p>A\u00e7\u00f5es de Cidadania<br>Todas as iniciativas s\u00e3o realizadas com o apoio da CPTM, que abre espa\u00e7os em suas esta\u00e7\u00f5es para a realiza\u00e7\u00e3o de atividades ligadas \u00e0 promo\u00e7\u00e3o do bem-estar de seus passageiros.<\/p>\n\n\n\n<p>Sobre a CPTM<br>A Companhia Paulista de Trens Metropolitanos \u00e9 uma operadora de transporte ferrovi\u00e1rio de passageiros, com 1,6 milh\u00e3o de passageiros transportados por dia \u00fatil. Diariamente, os trens percorrem cerca de 65 mil km, ou uma volta e meia em torno da Terra, em 1.868 viagens programadas. Juntas, as cinco linhas da CPTM somam 196 km de extens\u00e3o, dos quais 95 km est\u00e3o na capital paulista, que tamb\u00e9m conta com 26 esta\u00e7\u00f5es do total de 57. A CPTM atende os moradores de 18 munic\u00edpios, incluindo a capital.<\/p>\n\n\n\n<p>Servi\u00e7o<br>Exposi\u00e7\u00e3o \u201cTons e Transi\u00e7\u00f5es\u201d<br>Onde: Esta\u00e7\u00e3o Palmeiras-Barra Funda, que atende as Linhas 7-Rubi e 10-Turquesa e o Servi\u00e7o Expresso Aeroporto<br>Data: 31 de mar\u00e7o a 30 de abril<\/p>\n","protected":false},"excerpt":{"rendered":"<p>Mostra ficar\u00e1 dispon\u00edvel entre 31 de mar\u00e7o e 30 de abril A exposi\u00e7\u00e3o \u201cTons e&#8230;<\/p>\n","protected":false},"author":1,"featured_media":23199,"comment_status":"open","ping_status":"open","sticky":false,"template":"","format":"standard","meta":{"footnotes":""},"categories":[2],"tags":[],"featured_image_urls":{"full":["https:\/\/novosaopaulo.com.br\/n1\/wp-content\/uploads\/2025\/03\/palmeiras-barra-funda.jpg",640,480,false],"thumbnail":["https:\/\/novosaopaulo.com.br\/n1\/wp-content\/uploads\/2025\/03\/palmeiras-barra-funda-150x150.jpg",150,150,true],"medium":["https:\/\/novosaopaulo.com.br\/n1\/wp-content\/uploads\/2025\/03\/palmeiras-barra-funda-300x225.jpg",300,225,true],"medium_large":["https:\/\/novosaopaulo.com.br\/n1\/wp-content\/uploads\/2025\/03\/palmeiras-barra-funda.jpg",640,480,false],"large":["https:\/\/novosaopaulo.com.br\/n1\/wp-content\/uploads\/2025\/03\/palmeiras-barra-funda.jpg",640,480,false],"1536x1536":["https:\/\/novosaopaulo.com.br\/n1\/wp-content\/uploads\/2025\/03\/palmeiras-barra-funda.jpg",640,480,false],"2048x2048":["https:\/\/novosaopaulo.com.br\/n1\/wp-content\/uploads\/2025\/03\/palmeiras-barra-funda.jpg",640,480,false],"newsever-slider-full":["https:\/\/novosaopaulo.com.br\/n1\/wp-content\/uploads\/2025\/03\/palmeiras-barra-funda.jpg",640,480,false],"newsever-featured":["https:\/\/novosaopaulo.com.br\/n1\/wp-content\/uploads\/2025\/03\/palmeiras-barra-funda.jpg",640,480,false],"newsever-medium":["https:\/\/novosaopaulo.com.br\/n1\/wp-content\/uploads\/2025\/03\/palmeiras-barra-funda-640x475.jpg",640,475,true]},"author_info":{"display_name":"Reda\u00e7\u00e3o","author_link":"https:\/\/novosaopaulo.com.br\/n1\/author\/g5poa\/"},"category_info":"<a href=\"https:\/\/novosaopaulo.com.br\/n1\/category\/cidades\/\" rel=\"category tag\">Cidades<\/a>","tag_info":"Cidades","comment_count":"0","_links":{"self":[{"href":"https:\/\/novosaopaulo.com.br\/n1\/wp-json\/wp\/v2\/posts\/23198"}],"collection":[{"href":"https:\/\/novosaopaulo.com.br\/n1\/wp-json\/wp\/v2\/posts"}],"about":[{"href":"https:\/\/novosaopaulo.com.br\/n1\/wp-json\/wp\/v2\/types\/post"}],"author":[{"embeddable":true,"href":"https:\/\/novosaopaulo.com.br\/n1\/wp-json\/wp\/v2\/users\/1"}],"replies":[{"embeddable":true,"href":"https:\/\/novosaopaulo.com.br\/n1\/wp-json\/wp\/v2\/comments?post=23198"}],"version-history":[{"count":1,"href":"https:\/\/novosaopaulo.com.br\/n1\/wp-json\/wp\/v2\/posts\/23198\/revisions"}],"predecessor-version":[{"id":23200,"href":"https:\/\/novosaopaulo.com.br\/n1\/wp-json\/wp\/v2\/posts\/23198\/revisions\/23200"}],"wp:featuredmedia":[{"embeddable":true,"href":"https:\/\/novosaopaulo.com.br\/n1\/wp-json\/wp\/v2\/media\/23199"}],"wp:attachment":[{"href":"https:\/\/novosaopaulo.com.br\/n1\/wp-json\/wp\/v2\/media?parent=23198"}],"wp:term":[{"taxonomy":"category","embeddable":true,"href":"https:\/\/novosaopaulo.com.br\/n1\/wp-json\/wp\/v2\/categories?post=23198"},{"taxonomy":"post_tag","embeddable":true,"href":"https:\/\/novosaopaulo.com.br\/n1\/wp-json\/wp\/v2\/tags?post=23198"}],"curies":[{"name":"wp","href":"https:\/\/api.w.org\/{rel}","templated":true}]}}