{"id":23195,"date":"2025-03-31T13:16:25","date_gmt":"2025-03-31T16:16:25","guid":{"rendered":"https:\/\/novosaopaulo.com.br\/n1\/?p=23195"},"modified":"2025-03-31T13:16:26","modified_gmt":"2025-03-31T16:16:26","slug":"pavilhao-japones-realiza-hachimitsu-matsuri-2025-festival-dedicado-as-abelhas-e-ao-mel","status":"publish","type":"post","link":"https:\/\/novosaopaulo.com.br\/n1\/pavilhao-japones-realiza-hachimitsu-matsuri-2025-festival-dedicado-as-abelhas-e-ao-mel\/","title":{"rendered":"Pavilh\u00e3o Japon\u00eas realiza Hachimitsu Matsuri 2025, festival dedicado \u00e0s abelhas e ao mel"},"content":{"rendered":"\n<p>Programe-se para participar desse evento no Pavilh\u00e3o Japon\u00eas dentro do Parque do Ibirapuera, com atividades ligadas ao mel e \u00e0s abelhas nativas<\/p>\n\n\n\n<p>De 10 a 13 de abril, o Pavilh\u00e3o Japon\u00eas do Parque do Ibirapuera, em parceria com o Cole\u00e7\u00e3o Abelhas, realiza a 4a edi\u00e7\u00e3o do Hachimitsu Matsuri, com bazar, atividades, exposi\u00e7\u00e3o de fotos, palestras, workshops e convidados especiais. Em japon\u00eas, &#8220;hachimitsu&#8221; significa mel de abelha, e &#8220;matsuri&#8221;, festival.<\/p>\n\n\n\n<p>&#8220;O Hachimitsu Matsuri cresceu ainda mais. Ser\u00e3o 17 bazaristas, mais de 10 palestras e workshops bastante interessantes em 4 dias de evento, al\u00e9m de novidades como o II Concurso de Fotografia e as atividades especiais de flash tattoo e live painting. Sentimos que o interesse pelas abelhas \u00e9 cada vez maior, e um evento totalmente dedicado \u00e0 elas \u00e9 uma grande ferramenta para sua conserva\u00e7\u00e3o. Sempre podemos considerar aquela m\u00e1xima, de que s\u00f3 protegemos aquilo que conhecemos&#8221;, comenta o coordenador do evento, Fl\u00e1vio Yamamoto.<\/p>\n\n\n\n<p>Entre os expositores, destaques para marcas como Cole\u00e7\u00e3o Abelhas, Puhuk, Thais Kato, Abelha Nativa, Amb\u00e1 Amb\u00e1, Api\u00e1rio Tio Rozalvo, Debora Bove Velas, Arte Koguei, Melissoterapia, Tupygua, Vendrasco Propolis, Ybi-ira, Fabiana Shizue, Lab Onigiri, Be Silva e Polinizador de Afetos, com produtos ligados a abelhas e mel. A Na Na Ya Patisserie e a Mori Chazeria tamb\u00e9m preparam um card\u00e1pio especial para o evento, com doces e bebidas \u00e0 base de mel.<\/p>\n\n\n\n<p>O Brasil possui mais de 300 esp\u00e9cies de abelhas nativas, que s\u00e3o menores e mais mansas e delicadas que as esp\u00e9cies africanizadas, as abelhas listradas mais reconhecidas. Elas vivem em colmeias menos numerosas e, portanto, produzem menor quantidade de mel, que \u00e9 delicioso e muito valorizado. O chef Alex Atala, um dos principais nomes da gastronomia brasileira, e um dos defensores da preserva\u00e7\u00e3o das abelhas nativas, j\u00e1 \u00e9 presen\u00e7a confirmada no festival, que tem patroc\u00ednio da Sakura e Fujifilm.<\/p>\n\n\n\n<p>Uma novidade desse ano \u00e9 o II Concurso de Fotografia, com exposi\u00e7\u00e3o dos melhores trabalhos nas categorias Meliponini (abelhas sem ferr\u00e3o), Euglossini (abelhas das orqu\u00eddeas) e semi sociais e premia\u00e7\u00e3o de uma c\u00e2mera Instax para os vencedores. Entre as palestras, destaques para temas importantes e pouco divulgados, como a diversidade de m\u00e9is brasileiros; observa\u00e7\u00e3o e registro de abelhas na natureza; unidades de conserva\u00e7\u00e3o de abelhas; jardins agroflorestais; origem das abelhas e diversidade de abelhas solit\u00e1rias, al\u00e9m de atividades educativas para as crian\u00e7as, como a oficina infantil sobre abelhas sem ferr\u00e3o.<\/p>\n\n\n\n<p>&#8220;As abelhas s\u00e3o de suma import\u00e2ncia para a nossa sobreviv\u00eancia, cerca de 70% de toda alimenta\u00e7\u00e3o humana precisa da poliniza\u00e7\u00e3o direta e indireta das abelhas, ent\u00e3o falar das abelhas \u00e9 muito importante para todo mundo. Esse evento possibilita mostrar que existe uma diversidade gigantesca de esp\u00e9cies, e abre a oportunidade de falar tamb\u00e9m da diversidade das nossas abelhas nativas&#8221;, comemora Fl\u00e1vio.<\/p>\n\n\n\n<p><strong>Pavilh\u00e3o Japon\u00eas<\/strong><\/p>\n\n\n\n<p>Constru\u00eddo em 1954 pelo governo japon\u00eas e pela comunidade nipo-brasileira, o Pavilh\u00e3o Japon\u00eas foi presenteado \u00e0 Prefeitura de S\u00e3o Paulo em comemora\u00e7\u00e3o ao IV Centen\u00e1rio da cidade. Montado em madeira seguindo as t\u00e9cnicas tradicionais japonesas, o Pavilh\u00e3o \u00e9 uma refer\u00eancia cultural do pa\u00eds e marco representativo do interc\u00e2mbio Brasil-Jap\u00e3o. Autoridades japonesas, de passagem pelo Brasil, costumam visitar o Pavilh\u00e3o Japon\u00eas numa rever\u00eancia \u00e0 amizade entre os dois pa\u00edses.<\/p>\n\n\n\n<p><strong>Bunkyo<\/strong><\/p>\n\n\n\n<p>O Bunkyo \u2013 Sociedade Brasileira de Cultura Japonesa e da Assist\u00eancia Social, fundada em 1955, \u00e9 uma entidade sem fins lucrativos voltada \u00e0 miss\u00e3o de preservar e divulgar a cultura japonesa no Brasil, al\u00e9m de manter a\u00e7\u00f5es continuadas de assist\u00eancia social voltadas \u00e0 pessoa idosa. Al\u00e9m de administrar o Pavilh\u00e3o Japon\u00eas desde sua funda\u00e7\u00e3o, \u00e9 respons\u00e1vel pela manuten\u00e7\u00e3o do Museu Hist\u00f3rico da Imigra\u00e7\u00e3o Japonesa no Brasil e pelo Parque Bunkyo Kokushikan em S\u00e3o Roque.<\/p>\n\n\n\n<p><strong>4\u00ba Hachimitsu Matsuri<\/strong><\/p>\n\n\n\n<p>De<strong>&nbsp;10 a 13 de abril<\/strong><\/p>\n\n\n\n<p>Local: Pavilh\u00e3o Japon\u00eas &#8211; Parque do Ibirapuera (port\u00e3o 10 &#8211; pr\u00f3ximo ao Planet\u00e1rio)<\/p>\n\n\n\n<p>Quinta &#8211; 10 \u00e0s 17h &#8211; entrada gratuita<\/p>\n\n\n\n<p>Sexta, S\u00e1bado, Domingo &#8211; 10 \u00e0s 17h &#8211; inteira R$ 15 \/ meia R$ 7<\/p>\n\n\n\n<p>Informa\u00e7\u00f5es:&nbsp;<a rel=\"noreferrer noopener\" target=\"_blank\" href=\"https:\/\/click.cse360.com.br\/Click\/AddCampaignEmailClick\/d7ec0b1d-4ccd-4d9a-7d17-08dd6610fdcc\/http%253a%252f%252fwww.bunkyo.org.br\/5f0a2e44-d4db-4f72-9fc8-8b01e0f7a629\/novosaopaulo@yahoo.com.br\/True\">www.bunkyo.org.br<\/a><\/p>\n\n\n\n<p>Instagram:&nbsp;<a rel=\"noreferrer noopener\" target=\"_blank\" href=\"https:\/\/click.cse360.com.br\/Click\/AddCampaignEmailClick\/d7ec0b1d-4ccd-4d9a-7d17-08dd6610fdcc\/https%253a%252f%252fwww.instagram.com%252fpavilhao_japones\/5f0a2e44-d4db-4f72-9fc8-8b01e0f7a629\/novosaopaulo@yahoo.com.br\/True\">@pavilhao_japones<\/a><\/p>\n","protected":false},"excerpt":{"rendered":"<p>Programe-se para participar desse evento no Pavilh\u00e3o Japon\u00eas dentro do Parque do Ibirapuera, com atividades&#8230;<\/p>\n","protected":false},"author":1,"featured_media":23196,"comment_status":"open","ping_status":"open","sticky":false,"template":"","format":"standard","meta":{"footnotes":""},"categories":[2],"tags":[],"featured_image_urls":{"full":["https:\/\/novosaopaulo.com.br\/n1\/wp-content\/uploads\/2025\/03\/2722b2ca-696f-4d93-85b6-b2a194e17c2b.jpg",1280,830,false],"thumbnail":["https:\/\/novosaopaulo.com.br\/n1\/wp-content\/uploads\/2025\/03\/2722b2ca-696f-4d93-85b6-b2a194e17c2b-150x150.jpg",150,150,true],"medium":["https:\/\/novosaopaulo.com.br\/n1\/wp-content\/uploads\/2025\/03\/2722b2ca-696f-4d93-85b6-b2a194e17c2b-300x195.jpg",300,195,true],"medium_large":["https:\/\/novosaopaulo.com.br\/n1\/wp-content\/uploads\/2025\/03\/2722b2ca-696f-4d93-85b6-b2a194e17c2b-768x498.jpg",640,415,true],"large":["https:\/\/novosaopaulo.com.br\/n1\/wp-content\/uploads\/2025\/03\/2722b2ca-696f-4d93-85b6-b2a194e17c2b-1024x664.jpg",640,415,true],"1536x1536":["https:\/\/novosaopaulo.com.br\/n1\/wp-content\/uploads\/2025\/03\/2722b2ca-696f-4d93-85b6-b2a194e17c2b.jpg",1280,830,false],"2048x2048":["https:\/\/novosaopaulo.com.br\/n1\/wp-content\/uploads\/2025\/03\/2722b2ca-696f-4d93-85b6-b2a194e17c2b.jpg",1280,830,false],"newsever-slider-full":["https:\/\/novosaopaulo.com.br\/n1\/wp-content\/uploads\/2025\/03\/2722b2ca-696f-4d93-85b6-b2a194e17c2b.jpg",1280,830,false],"newsever-featured":["https:\/\/novosaopaulo.com.br\/n1\/wp-content\/uploads\/2025\/03\/2722b2ca-696f-4d93-85b6-b2a194e17c2b-1024x664.jpg",1024,664,true],"newsever-medium":["https:\/\/novosaopaulo.com.br\/n1\/wp-content\/uploads\/2025\/03\/2722b2ca-696f-4d93-85b6-b2a194e17c2b-720x475.jpg",720,475,true]},"author_info":{"display_name":"Reda\u00e7\u00e3o","author_link":"https:\/\/novosaopaulo.com.br\/n1\/author\/g5poa\/"},"category_info":"<a href=\"https:\/\/novosaopaulo.com.br\/n1\/category\/cidades\/\" rel=\"category tag\">Cidades<\/a>","tag_info":"Cidades","comment_count":"0","_links":{"self":[{"href":"https:\/\/novosaopaulo.com.br\/n1\/wp-json\/wp\/v2\/posts\/23195"}],"collection":[{"href":"https:\/\/novosaopaulo.com.br\/n1\/wp-json\/wp\/v2\/posts"}],"about":[{"href":"https:\/\/novosaopaulo.com.br\/n1\/wp-json\/wp\/v2\/types\/post"}],"author":[{"embeddable":true,"href":"https:\/\/novosaopaulo.com.br\/n1\/wp-json\/wp\/v2\/users\/1"}],"replies":[{"embeddable":true,"href":"https:\/\/novosaopaulo.com.br\/n1\/wp-json\/wp\/v2\/comments?post=23195"}],"version-history":[{"count":1,"href":"https:\/\/novosaopaulo.com.br\/n1\/wp-json\/wp\/v2\/posts\/23195\/revisions"}],"predecessor-version":[{"id":23197,"href":"https:\/\/novosaopaulo.com.br\/n1\/wp-json\/wp\/v2\/posts\/23195\/revisions\/23197"}],"wp:featuredmedia":[{"embeddable":true,"href":"https:\/\/novosaopaulo.com.br\/n1\/wp-json\/wp\/v2\/media\/23196"}],"wp:attachment":[{"href":"https:\/\/novosaopaulo.com.br\/n1\/wp-json\/wp\/v2\/media?parent=23195"}],"wp:term":[{"taxonomy":"category","embeddable":true,"href":"https:\/\/novosaopaulo.com.br\/n1\/wp-json\/wp\/v2\/categories?post=23195"},{"taxonomy":"post_tag","embeddable":true,"href":"https:\/\/novosaopaulo.com.br\/n1\/wp-json\/wp\/v2\/tags?post=23195"}],"curies":[{"name":"wp","href":"https:\/\/api.w.org\/{rel}","templated":true}]}}