{"id":23189,"date":"2025-03-31T13:12:34","date_gmt":"2025-03-31T16:12:34","guid":{"rendered":"https:\/\/novosaopaulo.com.br\/n1\/?p=23189"},"modified":"2025-03-31T13:12:37","modified_gmt":"2025-03-31T16:12:37","slug":"saulo-souza-comemora-leilao-das-linhas-11-12-e-13-que-garantira-pacote-de-investimentos-para-poa","status":"publish","type":"post","link":"https:\/\/novosaopaulo.com.br\/n1\/saulo-souza-comemora-leilao-das-linhas-11-12-e-13-que-garantira-pacote-de-investimentos-para-poa\/","title":{"rendered":"Saulo Souza comemora leil\u00e3o das linhas 11, 12 e 13 que garantir\u00e1 pacote de investimentos para Po\u00e1"},"content":{"rendered":"\n<p>Prefeito participou do processo de constru\u00e7\u00e3o da concess\u00e3o desde as audi\u00eancias p\u00fablicas realizadas em 2024<\/p>\n\n\n\n<p>Em leil\u00e3o realizado na \u00faltima sexta-feira (28), o governo do Estado definiu a empresa que ficar\u00e1 respons\u00e1vel pela concess\u00e3o das linhas 11- Coral, 12- Safira e 13 &#8211; Jade da Companhia Paulista de Trens Metropolitanos e, consequentemente, pelas obras de mobilidade j\u00e1 garantidas para a Po\u00e1, entre elas a reforma e moderniza\u00e7\u00e3o das esta\u00e7\u00f5es e passarelas da cidade. Presente desde as audi\u00eancias p\u00fablicas para discuss\u00e3o do tema, o prefeito Saulo Souza acompanhou os trabalhos e comemorou o andamento do projeto.<\/p>\n\n\n\n<p>O grupo Comporte Participa\u00e7\u00f5es S.A. venceu a disputa para gerenciar o Lote Alto Tiet\u00ea durante sess\u00e3o p\u00fablica realizada na sede da B3. A empresa ofereceu desconto de 2,57% sobre as contrapresta\u00e7\u00f5es pecuni\u00e1rias a serem pagas pelo Estado. Isso significa uma economia de cerca de R$ 1 bilh\u00e3o ao longo da concess\u00e3o. A nova concession\u00e1ria ser\u00e1 respons\u00e1vel por 124 km de extens\u00e3o de trilhos que beneficiam a regi\u00e3o do Alto Tiet\u00ea, o munic\u00edpio de Guarulhos e a zona leste da capital. O investimento previsto para o contrato \u00e9 de R$ 14,3 bilh\u00f5es com prazo de concess\u00e3o de 25 anos.<\/p>\n\n\n\n<p>\u201cEsse \u00e9 mais um momento hist\u00f3rico que estamos presenciando e que, sem d\u00favida, \u00e9 muito importante tamb\u00e9m para Po\u00e1, que ser\u00e1 beneficiada por essa concess\u00e3o e receber\u00e1 um pacote de investimentos estaduais para realiza\u00e7\u00e3o da reforma e moderniza\u00e7\u00e3o das esta\u00e7\u00f5es e passarelas, de obras estruturantes que permitir\u00e3o melhorar a mobilidade urbana da nossa cidade, por meio tamb\u00e9m da reestrutura\u00e7\u00e3o do nosso portal de entrada pela rodovia Henrique Eroles, al\u00e9m de combater as enchentes na regi\u00e3o central com o alargamento do c\u00f3rrego Itaim\u201d, destacou o prefeito, que esteve com o governador Tarc\u00edsio de Freitas no leil\u00e3o e refor\u00e7ou a luta da cidada pelas al\u00e7as de sa\u00edda do Trecho Leste do Rodoanel M\u00e1rio Covas.<\/p>\n\n\n\n<p>Saulo Souza participou de todas as etapas da concess\u00e3o, desde as audi\u00eancias p\u00fablicas realizadas no ano passado em Mogi das Cruzes, Guarulhos e S\u00e3o Paulo, at\u00e9 o leil\u00e3o do trecho. Ele tamb\u00e9m recebeu o secret\u00e1rio de Parcerias em Investimentos do Estado, Rafael Benini, em seu gabinete, onde conseguiu firmar a parceria com o governo do Estado para receber o pacote de investimentos realizados a partir da nova gest\u00e3o das linhas de trem.<\/p>\n\n\n\n<p>\u201cEsse conv\u00eanio com o Estado j\u00e1 foi assinado e agora vamos acompanhar a assinatura do contrato de concess\u00e3o e, futuramente, o in\u00edcio das atividades da concession\u00e1ria. Sabemos da urg\u00eancia que Po\u00e1 tem por essas melhorias e vamos continuar atentos para que os trabalhos aconte\u00e7am de forma gradativa na nossa cidade\u201d, acrescentou o chefe do Executivo.<\/p>\n\n\n\n<p>De acordo com o governador, Po\u00e1, assim como todo o Alto Tiet\u00ea, ser\u00e1 beneficiado com a nova gest\u00e3o das linhas. &#8220;Vamos atender cada vez melhor a popula\u00e7\u00e3o, que vai receber esta\u00e7\u00f5es modernizadas e com acessibilidade. Vamos acabar com as passagens de n\u00edvel e recuperar as linhas. Sem d\u00favida, vamos melhorar a qualidade do transporte ferrovi\u00e1rio na regi\u00e3o&#8221;, finalizou.<\/p>\n\n\n\n<p>Cr\u00e9dito\/foto: SECOM \/ Prefeitura de Po\u00e1<\/p>\n","protected":false},"excerpt":{"rendered":"<p>Prefeito participou do processo de constru\u00e7\u00e3o da concess\u00e3o desde as audi\u00eancias p\u00fablicas realizadas em 2024&#8230;<\/p>\n","protected":false},"author":1,"featured_media":23190,"comment_status":"open","ping_status":"open","sticky":false,"template":"","format":"standard","meta":{"footnotes":""},"categories":[8],"tags":[],"featured_image_urls":{"full":["https:\/\/novosaopaulo.com.br\/n1\/wp-content\/uploads\/2025\/03\/Leilao-_linhas_saulo_governador.jpg",695,521,false],"thumbnail":["https:\/\/novosaopaulo.com.br\/n1\/wp-content\/uploads\/2025\/03\/Leilao-_linhas_saulo_governador-150x150.jpg",150,150,true],"medium":["https:\/\/novosaopaulo.com.br\/n1\/wp-content\/uploads\/2025\/03\/Leilao-_linhas_saulo_governador-300x225.jpg",300,225,true],"medium_large":["https:\/\/novosaopaulo.com.br\/n1\/wp-content\/uploads\/2025\/03\/Leilao-_linhas_saulo_governador.jpg",640,480,false],"large":["https:\/\/novosaopaulo.com.br\/n1\/wp-content\/uploads\/2025\/03\/Leilao-_linhas_saulo_governador.jpg",640,480,false],"1536x1536":["https:\/\/novosaopaulo.com.br\/n1\/wp-content\/uploads\/2025\/03\/Leilao-_linhas_saulo_governador.jpg",695,521,false],"2048x2048":["https:\/\/novosaopaulo.com.br\/n1\/wp-content\/uploads\/2025\/03\/Leilao-_linhas_saulo_governador.jpg",695,521,false],"newsever-slider-full":["https:\/\/novosaopaulo.com.br\/n1\/wp-content\/uploads\/2025\/03\/Leilao-_linhas_saulo_governador.jpg",695,521,false],"newsever-featured":["https:\/\/novosaopaulo.com.br\/n1\/wp-content\/uploads\/2025\/03\/Leilao-_linhas_saulo_governador.jpg",695,521,false],"newsever-medium":["https:\/\/novosaopaulo.com.br\/n1\/wp-content\/uploads\/2025\/03\/Leilao-_linhas_saulo_governador-695x475.jpg",695,475,true]},"author_info":{"display_name":"Reda\u00e7\u00e3o","author_link":"https:\/\/novosaopaulo.com.br\/n1\/author\/g5poa\/"},"category_info":"<a href=\"https:\/\/novosaopaulo.com.br\/n1\/category\/poa\/\" rel=\"category tag\">Po\u00e1<\/a>","tag_info":"Po\u00e1","comment_count":"0","_links":{"self":[{"href":"https:\/\/novosaopaulo.com.br\/n1\/wp-json\/wp\/v2\/posts\/23189"}],"collection":[{"href":"https:\/\/novosaopaulo.com.br\/n1\/wp-json\/wp\/v2\/posts"}],"about":[{"href":"https:\/\/novosaopaulo.com.br\/n1\/wp-json\/wp\/v2\/types\/post"}],"author":[{"embeddable":true,"href":"https:\/\/novosaopaulo.com.br\/n1\/wp-json\/wp\/v2\/users\/1"}],"replies":[{"embeddable":true,"href":"https:\/\/novosaopaulo.com.br\/n1\/wp-json\/wp\/v2\/comments?post=23189"}],"version-history":[{"count":1,"href":"https:\/\/novosaopaulo.com.br\/n1\/wp-json\/wp\/v2\/posts\/23189\/revisions"}],"predecessor-version":[{"id":23191,"href":"https:\/\/novosaopaulo.com.br\/n1\/wp-json\/wp\/v2\/posts\/23189\/revisions\/23191"}],"wp:featuredmedia":[{"embeddable":true,"href":"https:\/\/novosaopaulo.com.br\/n1\/wp-json\/wp\/v2\/media\/23190"}],"wp:attachment":[{"href":"https:\/\/novosaopaulo.com.br\/n1\/wp-json\/wp\/v2\/media?parent=23189"}],"wp:term":[{"taxonomy":"category","embeddable":true,"href":"https:\/\/novosaopaulo.com.br\/n1\/wp-json\/wp\/v2\/categories?post=23189"},{"taxonomy":"post_tag","embeddable":true,"href":"https:\/\/novosaopaulo.com.br\/n1\/wp-json\/wp\/v2\/tags?post=23189"}],"curies":[{"name":"wp","href":"https:\/\/api.w.org\/{rel}","templated":true}]}}