{"id":23154,"date":"2025-03-29T15:06:03","date_gmt":"2025-03-29T18:06:03","guid":{"rendered":"https:\/\/novosaopaulo.com.br\/n1\/?p=23154"},"modified":"2025-03-29T15:06:03","modified_gmt":"2025-03-29T18:06:03","slug":"projeto-v-i-d-a-e-implantado-na-area-do-cpi-1","status":"publish","type":"post","link":"https:\/\/novosaopaulo.com.br\/n1\/projeto-v-i-d-a-e-implantado-na-area-do-cpi-1\/","title":{"rendered":"Projeto V.I.D.A \u00e9 implantado na \u00e1rea do CPI-1"},"content":{"rendered":"\n<p>Comparecemos, na \u00faltima quarta-feira (26), ao lan\u00e7amento e implanta\u00e7\u00e3o do Projeto V.I.D.A. (Vigil\u00e2ncia, Intelig\u00eancia, Defesa, A\u00e7\u00e3o) na \u00e1rea de atua\u00e7\u00e3o do CPI-1 (Comando de Policiamento de Interior 1). em S\u00e3o Jos\u00e9 dos Campos, regi\u00e3o do Vale do Para\u00edba. Dentro desse projeto integrado da Pol\u00edcia Militar com o Poder Judici\u00e1rio, a equipe Policial Militar designada, realiza a fiscaliza\u00e7\u00e3o junto \u00e0s resid\u00eancias e locais p\u00fabicos sobre a<br>movimenta\u00e7\u00e3o de condenados que cumprem pena em regime aberto e domiciliar para<br>verificar se as condi\u00e7\u00f5es impostas pelo Poder Judici\u00e1rio, especialmente as restri\u00e7\u00f5es de<br>hor\u00e1rio e de locais de circula\u00e7\u00e3o dos apenados est\u00e3o sendo respeitadas. Presentes, al\u00e9m do comando doCPI-1 \u2013 anfitri\u00e3o do acontecimento \u2013 ju\u00edzes, promotores p\u00fablicos, prefeitos, vereadores e dezenas de autoriddes regionais.<br>A vigil\u00e2ncia impede o descumprimento das condi\u00e7\u00f5es estabelecidas para a permiss\u00e3o do<br>cumprimento mais brando da pena e, principalmente, evita a desobedi\u00eancia que pode levar o sentenciado a perder benef\u00edcios prisionais e, tamb\u00e9m, a cometer novos crimes.<br>O Projeto V.I.D.A, nasceu em 2018, em Sert\u00e3zinho (SP), objetivando o controle de condenados que cumprem penas em regime aberto e domiciliar, afim de fiscalizar a bedi\u00eancia \u00e0s condi\u00e7\u00f5es impostas. No ano seguinte \u2013 2019 \u2013 foi desenvolvido um aplicativo para otimizar a atua\u00e7\u00e3o e controle das fiscaliza\u00e7\u00f5es para uso nos celulares e TPDs.<br>A atua\u00e7\u00e3o do sistema foi ampliada para a fiscaliza\u00e7\u00e3o de medidas protetivas da Lei Maria da Penha e visitas a v\u00edtimas de crimes, cumprimento de mandados de pris\u00e3o e fiscaliza\u00e7\u00e3o de liberdade provis\u00f3ria ou condicional. Atualmente o projeto est\u00e1<br>implantado no CPI-2(Campinas), CPI-3 (Ribeir\u00e3o Preto), CPI-5 (S\u00e3o Jos\u00e9 do Rio Preto) e CPI-10 (Ara\u00e7atuba), tendo na vigil\u00e2ncia eletr\u00f4nica, que rastreia os passos de seus<br>usu\u00e1rios, um importante coadjuvante.<br>O lan\u00e7amentos dos dados no sistema \u00e9 feito pelos funcion\u00e1rios dos cart\u00f3rios\/comarcas (identifica\u00e7\u00e3o do indiv\u00edduo, endere\u00e7o residencial, processo prazo e condi\u00e7\u00f5es impostas). A PM, como pol\u00edcia ostensiva, nos termos do artigo 144 da Constitui\u00e7\u00e3o, com atua\u00e7\u00e3o rotineira nas ruas para preserva\u00e7\u00e3o da ordem p\u00fablica, possui, por natureza institucional, melhores condi\u00e7\u00f5es de verificar in loco se as condi\u00e7\u00f5es impostas est\u00e3o sendo efetivamente cumpridas. \u00c9 um trabalho de parceria onde os ju\u00edzes facultam as nforma\u00e7\u00f5es \u00e0 Pol\u00edcia Militar e desta recebem a presta\u00e7\u00e3o<br>de servi\u00e7o que imp\u00f5em ao apenado cumprimento das medidas que deram suporte \u00e0 sua passagem ao regime mais brando de cumprimento da pena.<br>A soma de esfor\u00e7os e servi\u00e7os do Judici\u00e1rio e da PM leva ao cumprimento das<br>exig\u00eancias que, de acordo com a legisla\u00e7\u00e3o, os magistrados fazem aos condenados para que possam deixar de cumprir suas senten\u00e7as no c\u00e1rcere e possam voltar a viver na resid\u00eancia e na comunidade de onde s\u00e3o origin\u00e1rios. O Projeto V.I.D.A. \u00e9 um grande instrumento que, em primeira plano, evita o descumprimento das exig\u00eancias e, com isso, evita que os sentenciados percam o beneficio de pris\u00e3o domiciliar. J\u00e1 funciona em cinco Comandos de Policiamento do Interior e, com o tempo e adapta\u00e7\u00f5es, ainda dever\u00e1 estar presente em todas as regi\u00f5es e unidades da Pol\u00edcia Militar.<br>\u00c9 importante lembrar que desde que o Judici\u00e1rio come\u00e7ou a conceder o cumprimento mais brando das penas, a for\u00e7a policial militar do Estado \u00e9 a encarregada da fiscaliza\u00e7\u00e3o e j\u00e1 executou muitas pris\u00f5es de detentos em descumprimento das medidas impostas.<br>O projeto V.I.D.A. \u00e9 um instrumento organizado que torna mais eficiente essa presta\u00e7\u00e3o de servi\u00e7os. Al\u00e9m de refor\u00e7ar a seguran\u00e7a da comunidade, tamb\u00e9m protege o detento, impedindo-o de cumprir as exig\u00eancis e regulamentos de sua pena, o que fatalmente o levaria a perder os benef\u00edcios recebidos, que abrandam a pena.<\/p>\n\n\n\n<p>Tenente Dirceu Cardoso Gon\u00e7alves &#8211; dirigente da ASPOMIL (Associa\u00e7\u00e3o de Assist. Social dos Policiais Militares de S\u00e3o Paulo).<\/p>\n","protected":false},"excerpt":{"rendered":"<p>Comparecemos, na \u00faltima quarta-feira (26), ao lan\u00e7amento e implanta\u00e7\u00e3o do Projeto V.I.D.A. (Vigil\u00e2ncia, Intelig\u00eancia, Defesa,&#8230;<\/p>\n","protected":false},"author":1,"featured_media":16147,"comment_status":"open","ping_status":"open","sticky":false,"template":"","format":"standard","meta":{"footnotes":""},"categories":[34],"tags":[],"featured_image_urls":{"full":["https:\/\/novosaopaulo.com.br\/n1\/wp-content\/uploads\/2023\/12\/dirceu.jpg",225,225,false],"thumbnail":["https:\/\/novosaopaulo.com.br\/n1\/wp-content\/uploads\/2023\/12\/dirceu-150x150.jpg",150,150,true],"medium":["https:\/\/novosaopaulo.com.br\/n1\/wp-content\/uploads\/2023\/12\/dirceu.jpg",225,225,false],"medium_large":["https:\/\/novosaopaulo.com.br\/n1\/wp-content\/uploads\/2023\/12\/dirceu.jpg",225,225,false],"large":["https:\/\/novosaopaulo.com.br\/n1\/wp-content\/uploads\/2023\/12\/dirceu.jpg",225,225,false],"1536x1536":["https:\/\/novosaopaulo.com.br\/n1\/wp-content\/uploads\/2023\/12\/dirceu.jpg",225,225,false],"2048x2048":["https:\/\/novosaopaulo.com.br\/n1\/wp-content\/uploads\/2023\/12\/dirceu.jpg",225,225,false],"newsever-slider-full":["https:\/\/novosaopaulo.com.br\/n1\/wp-content\/uploads\/2023\/12\/dirceu.jpg",225,225,false],"newsever-featured":["https:\/\/novosaopaulo.com.br\/n1\/wp-content\/uploads\/2023\/12\/dirceu.jpg",225,225,false],"newsever-medium":["https:\/\/novosaopaulo.com.br\/n1\/wp-content\/uploads\/2023\/12\/dirceu.jpg",225,225,false]},"author_info":{"display_name":"Reda\u00e7\u00e3o","author_link":"https:\/\/novosaopaulo.com.br\/n1\/author\/g5poa\/"},"category_info":"<a href=\"https:\/\/novosaopaulo.com.br\/n1\/category\/alto-tiete\/\" rel=\"category tag\">Alto Tiet\u00ea<\/a>","tag_info":"Alto Tiet\u00ea","comment_count":"0","_links":{"self":[{"href":"https:\/\/novosaopaulo.com.br\/n1\/wp-json\/wp\/v2\/posts\/23154"}],"collection":[{"href":"https:\/\/novosaopaulo.com.br\/n1\/wp-json\/wp\/v2\/posts"}],"about":[{"href":"https:\/\/novosaopaulo.com.br\/n1\/wp-json\/wp\/v2\/types\/post"}],"author":[{"embeddable":true,"href":"https:\/\/novosaopaulo.com.br\/n1\/wp-json\/wp\/v2\/users\/1"}],"replies":[{"embeddable":true,"href":"https:\/\/novosaopaulo.com.br\/n1\/wp-json\/wp\/v2\/comments?post=23154"}],"version-history":[{"count":1,"href":"https:\/\/novosaopaulo.com.br\/n1\/wp-json\/wp\/v2\/posts\/23154\/revisions"}],"predecessor-version":[{"id":23155,"href":"https:\/\/novosaopaulo.com.br\/n1\/wp-json\/wp\/v2\/posts\/23154\/revisions\/23155"}],"wp:featuredmedia":[{"embeddable":true,"href":"https:\/\/novosaopaulo.com.br\/n1\/wp-json\/wp\/v2\/media\/16147"}],"wp:attachment":[{"href":"https:\/\/novosaopaulo.com.br\/n1\/wp-json\/wp\/v2\/media?parent=23154"}],"wp:term":[{"taxonomy":"category","embeddable":true,"href":"https:\/\/novosaopaulo.com.br\/n1\/wp-json\/wp\/v2\/categories?post=23154"},{"taxonomy":"post_tag","embeddable":true,"href":"https:\/\/novosaopaulo.com.br\/n1\/wp-json\/wp\/v2\/tags?post=23154"}],"curies":[{"name":"wp","href":"https:\/\/api.w.org\/{rel}","templated":true}]}}