{"id":23142,"date":"2025-03-28T18:44:16","date_gmt":"2025-03-28T21:44:16","guid":{"rendered":"https:\/\/novosaopaulo.com.br\/n1\/?p=23142"},"modified":"2025-03-28T18:44:17","modified_gmt":"2025-03-28T21:44:17","slug":"prefeito-de-salesopolis-e-eleito-e-condemat-permanece-a-frente-do-comite-da-bacia-do-alto-tiete","status":"publish","type":"post","link":"https:\/\/novosaopaulo.com.br\/n1\/prefeito-de-salesopolis-e-eleito-e-condemat-permanece-a-frente-do-comite-da-bacia-do-alto-tiete\/","title":{"rendered":"Prefeito de Sales\u00f3polis \u00e9 eleito e Condemat+ permanece \u00e0 frente do Comit\u00ea da Bacia do Alto Tiet\u00ea"},"content":{"rendered":"\n<p>Prefeito de Sales\u00f3polis \u00e9 eleito e Condemat+ permanece \u00e0 frente do Comit\u00ea da Bacia do Alto Tiet\u00ea<\/p>\n\n\n\n<p>Cons\u00f3rcio consolida sua representatividade com participa\u00e7\u00e3o em um dos maiores \u00f3rg\u00e3os de gest\u00e3o de recursos h\u00eddricos de S\u00e3o Paulo<\/p>\n\n\n\n<p>O prefeito de Sales\u00f3polis, Rodolfo Marcondes, foi eleito presidente do Comit\u00ea da Bacia Hidrogr\u00e1fica do Alto Tiet\u00ea (CBH-AT) nesta sexta-feira (28\/3) e mant\u00e9m o Cons\u00f3rcio de Desenvolvimento dos Munic\u00edpios do Alto Tiet\u00ea e Regi\u00e3o (Condemat+) \u00e0 frente de um dos mais importantes colegiados na gest\u00e3o dos recursos h\u00eddricos do Estado.<\/p>\n\n\n\n<p>Logo ap\u00f3s a elei\u00e7\u00e3o, Marcondes foi empossado no cargo de presidente para o bi\u00eanio 2025-2027, junto \u00e0 vice-presidente reeleita Melissa Graciosa, da Universidade Federal do ABC (UFABC), representante da sociedade civil, e Anderson Esteves, da SP \u00c1guas, que permanece como secret\u00e1rio-executivo, por parte do governo do Estado.<\/p>\n\n\n\n<p>O prefeito afirmou que ir\u00e1 trabalhar para garantir a sustentabilidade na gest\u00e3o dos recursos h\u00eddricos em toda a Bacia do Alto Tiet\u00ea, composta por 36 cidades, sendo 10 delas do Condemat+.<\/p>\n\n\n\n<p>\u201cEntendo que o Comit\u00ea \u00e9 onde a gente consegue regionalizar esse trabalho que quero e vou fazer pela minha cidade. Reitero o compromisso do poder p\u00fablico de representar tamb\u00e9m a sociedade civil e fico feliz que isso seja constru\u00eddo de forma participativa independente de ser Estado, prefeitura e sociedade civil porque entendo que o objetivo aqui \u00e9 \u00fanico e claro: uso dos recursos h\u00eddricos de forma sustent\u00e1vel\u201d, destacou Marcondes.<\/p>\n\n\n\n<p>Um dos objetivos do CBH-AT \u00e9 promover o gerenciamento descentralizado, participativo e integrado dos recursos h\u00eddricos. O financiamento de projetos estrat\u00e9gicos pelo Fundo Estadual de Recursos H\u00eddricos (Fehidro) \u00e9 um dos instrumentos para isso.<\/p>\n\n\n\n<p>A elei\u00e7\u00e3o do prefeito Marcondes confirma a posi\u00e7\u00e3o estrat\u00e9gica do Condemat+ no debate ambiental. Al\u00e9m da presid\u00eancia, a articula\u00e7\u00e3o dos munic\u00edpios foi fundamental para que a regi\u00e3o tamb\u00e9m tenha representantes de Aruj\u00e1, Biritiba Mirim, Ferraz de Vasconcelos, Guarulhos, Itaquaquecetuba, Mairipor\u00e3, Mogi das Cruzes, Po\u00e1, Sales\u00f3polis e Suzano nas seis C\u00e2maras T\u00e9cnicas do Comit\u00ea: Educa\u00e7\u00e3o Ambiental, Planejamento, Investimentos, Monitoramento Hidrol\u00f3gico, \u00c1guas Subterr\u00e2neas e Mananciais (veja abaixo).<\/p>\n\n\n\n<p>A prefeita de Ferraz de Vasconcelos, Priscila Gambale, participou do processo eleitoral. A cidade tamb\u00e9m ir\u00e1 compor o Conselho de Saneamento do Comit\u00ea e tamb\u00e9m garantiu vaga no Conselho Deliberativo da Funda\u00e7\u00e3o Bacia Hidrogr\u00e1fica do Alto Tiet\u00ea (Fabhat) juntamente com Guarulhos e Mairipor\u00e3. Biritiba Mirim tem cadeira junto ao Conselho Fiscal.<\/p>\n\n\n\n<p>\u201cEnquanto prefeitura, temos os problemas gritando para n\u00f3s no dia-dia. \u00c9 de suma import\u00e2ncia essa parceria para que possamos chegar ao mesmo objetivo. Trazer os planos, projetos e recursos financeiros para a realidade e, assim, melhorar a qualidade de vida da popula\u00e7\u00e3o\u201d, ponderou Priscila.<\/p>\n\n\n\n<p>At\u00e9 dezembro passado, a presid\u00eancia do CBH-AT era ocupada pelo ex-prefeito de Sales\u00f3polis, Vanderlon Gomes. A cidade tem uma participa\u00e7\u00e3o de destaque na discuss\u00e3o dos recursos h\u00eddricos, pois \u00e9 ber\u00e7o do Rio Tiet\u00ea e tem a maior parte do seu territ\u00f3rio em \u00e1rea de prote\u00e7\u00e3o de manancial.<\/p>\n\n\n\n<p>Sobre o CBH-AT<\/p>\n\n\n\n<p>Em sua composi\u00e7\u00e3o existem 54 representantes eleitos de forma tripartite pelos segmentos: Estado, Munic\u00edpio e Sociedade Civil. O Comit\u00ea \u00e9 vinculado ao Estado, tem car\u00e1ter consultivo e deliberativo, de n\u00edvel regional e estrat\u00e9gico e comp\u00f5e o Sistema Integrado de Gerenciamento de Recursos H\u00eddricos (SIGRH). Possui ainda 6 C\u00e2maras T\u00e9cnicas que atuam em temas espec\u00edficos.<\/p>\n\n\n\n<p>Confira a participa\u00e7\u00e3o do Condemat+ na composi\u00e7\u00e3o das C\u00e2maras T\u00e9cnicas do CBH-AT<\/p>\n\n\n\n<p>C\u00e2mara T\u00e9cnica de Educa\u00e7\u00e3o Ambiental (CTEA)<br>Aruj\u00e1<br>Ferraz de Vasconcelos<br>Itaquaquecetuba (suplente)<br>Mairipor\u00e3 (suplente)<br>Suzano (suplente)<\/p>\n\n\n\n<p>C\u00e2mara T\u00e9cnica de Gest\u00e3o de Investimentos (CTGI)<br>Aruj\u00e1<br>Itaqu\u00e1<br>Guarulhos<br>Mogi das Cruzes<br>Suzano<\/p>\n\n\n\n<p>C\u00e2mara T\u00e9cnica de Monitoramento Hidrol\u00f3gico (CTMH)<br>Mogi das Cruzes<br>Po\u00e1<\/p>\n\n\n\n<p>C\u00e2mara T\u00e9cnica de Planejamento e Gest\u00e3o (CTPG)<br>Ferraz de Vasconcelos<br>Po\u00e1<\/p>\n\n\n\n<p>C\u00e2mara T\u00e9cnica de \u00c1guas Subterr\u00e2neas (CTAS)<br>Ferraz de Vasconcelos<br>Itaquaquecetuba (suplente)<br>Mairipor\u00e3<br>Po\u00e1<\/p>\n\n\n\n<p>C\u00e2mara T\u00e9cnica dos Mananciais (CTMA)<br>Biritiba Mirim (suplente)<br>Mairipor\u00e3<br>Mogi das Cruzes (suplente)<br>Sales\u00f3polis (suplente)<br>Suzano<\/p>\n\n\n\n<figure class=\"wp-block-image size-large\"><img fetchpriority=\"high\" decoding=\"async\" width=\"1024\" height=\"682\" src=\"https:\/\/novosaopaulo.com.br\/n1\/wp-content\/uploads\/2025\/03\/WhatsApp-Image-2025-03-28-at-16.37.13-1-1024x682.jpeg\" alt=\"\" class=\"wp-image-23143\" srcset=\"https:\/\/novosaopaulo.com.br\/n1\/wp-content\/uploads\/2025\/03\/WhatsApp-Image-2025-03-28-at-16.37.13-1-1024x682.jpeg 1024w, https:\/\/novosaopaulo.com.br\/n1\/wp-content\/uploads\/2025\/03\/WhatsApp-Image-2025-03-28-at-16.37.13-1-300x200.jpeg 300w, https:\/\/novosaopaulo.com.br\/n1\/wp-content\/uploads\/2025\/03\/WhatsApp-Image-2025-03-28-at-16.37.13-1-768x512.jpeg 768w, https:\/\/novosaopaulo.com.br\/n1\/wp-content\/uploads\/2025\/03\/WhatsApp-Image-2025-03-28-at-16.37.13-1-1536x1023.jpeg 1536w, https:\/\/novosaopaulo.com.br\/n1\/wp-content\/uploads\/2025\/03\/WhatsApp-Image-2025-03-28-at-16.37.13-1.jpeg 1600w\" sizes=\"(max-width: 1024px) 100vw, 1024px\" \/><\/figure>\n","protected":false},"excerpt":{"rendered":"<p>Prefeito de Sales\u00f3polis \u00e9 eleito e Condemat+ permanece \u00e0 frente do Comit\u00ea da Bacia do&#8230;<\/p>\n","protected":false},"author":1,"featured_media":23144,"comment_status":"open","ping_status":"open","sticky":false,"template":"","format":"standard","meta":{"footnotes":""},"categories":[34],"tags":[],"featured_image_urls":{"full":["https:\/\/novosaopaulo.com.br\/n1\/wp-content\/uploads\/2025\/03\/WhatsApp-Image-2025-03-28-at-16.37.13.jpeg",560,420,false],"thumbnail":["https:\/\/novosaopaulo.com.br\/n1\/wp-content\/uploads\/2025\/03\/WhatsApp-Image-2025-03-28-at-16.37.13-150x150.jpeg",150,150,true],"medium":["https:\/\/novosaopaulo.com.br\/n1\/wp-content\/uploads\/2025\/03\/WhatsApp-Image-2025-03-28-at-16.37.13-300x225.jpeg",300,225,true],"medium_large":["https:\/\/novosaopaulo.com.br\/n1\/wp-content\/uploads\/2025\/03\/WhatsApp-Image-2025-03-28-at-16.37.13.jpeg",560,420,false],"large":["https:\/\/novosaopaulo.com.br\/n1\/wp-content\/uploads\/2025\/03\/WhatsApp-Image-2025-03-28-at-16.37.13.jpeg",560,420,false],"1536x1536":["https:\/\/novosaopaulo.com.br\/n1\/wp-content\/uploads\/2025\/03\/WhatsApp-Image-2025-03-28-at-16.37.13.jpeg",560,420,false],"2048x2048":["https:\/\/novosaopaulo.com.br\/n1\/wp-content\/uploads\/2025\/03\/WhatsApp-Image-2025-03-28-at-16.37.13.jpeg",560,420,false],"newsever-slider-full":["https:\/\/novosaopaulo.com.br\/n1\/wp-content\/uploads\/2025\/03\/WhatsApp-Image-2025-03-28-at-16.37.13.jpeg",560,420,false],"newsever-featured":["https:\/\/novosaopaulo.com.br\/n1\/wp-content\/uploads\/2025\/03\/WhatsApp-Image-2025-03-28-at-16.37.13.jpeg",560,420,false],"newsever-medium":["https:\/\/novosaopaulo.com.br\/n1\/wp-content\/uploads\/2025\/03\/WhatsApp-Image-2025-03-28-at-16.37.13.jpeg",560,420,false]},"author_info":{"display_name":"Reda\u00e7\u00e3o","author_link":"https:\/\/novosaopaulo.com.br\/n1\/author\/g5poa\/"},"category_info":"<a href=\"https:\/\/novosaopaulo.com.br\/n1\/category\/alto-tiete\/\" rel=\"category tag\">Alto Tiet\u00ea<\/a>","tag_info":"Alto Tiet\u00ea","comment_count":"0","_links":{"self":[{"href":"https:\/\/novosaopaulo.com.br\/n1\/wp-json\/wp\/v2\/posts\/23142"}],"collection":[{"href":"https:\/\/novosaopaulo.com.br\/n1\/wp-json\/wp\/v2\/posts"}],"about":[{"href":"https:\/\/novosaopaulo.com.br\/n1\/wp-json\/wp\/v2\/types\/post"}],"author":[{"embeddable":true,"href":"https:\/\/novosaopaulo.com.br\/n1\/wp-json\/wp\/v2\/users\/1"}],"replies":[{"embeddable":true,"href":"https:\/\/novosaopaulo.com.br\/n1\/wp-json\/wp\/v2\/comments?post=23142"}],"version-history":[{"count":1,"href":"https:\/\/novosaopaulo.com.br\/n1\/wp-json\/wp\/v2\/posts\/23142\/revisions"}],"predecessor-version":[{"id":23145,"href":"https:\/\/novosaopaulo.com.br\/n1\/wp-json\/wp\/v2\/posts\/23142\/revisions\/23145"}],"wp:featuredmedia":[{"embeddable":true,"href":"https:\/\/novosaopaulo.com.br\/n1\/wp-json\/wp\/v2\/media\/23144"}],"wp:attachment":[{"href":"https:\/\/novosaopaulo.com.br\/n1\/wp-json\/wp\/v2\/media?parent=23142"}],"wp:term":[{"taxonomy":"category","embeddable":true,"href":"https:\/\/novosaopaulo.com.br\/n1\/wp-json\/wp\/v2\/categories?post=23142"},{"taxonomy":"post_tag","embeddable":true,"href":"https:\/\/novosaopaulo.com.br\/n1\/wp-json\/wp\/v2\/tags?post=23142"}],"curies":[{"name":"wp","href":"https:\/\/api.w.org\/{rel}","templated":true}]}}