{"id":23108,"date":"2025-03-27T18:07:16","date_gmt":"2025-03-27T21:07:16","guid":{"rendered":"https:\/\/novosaopaulo.com.br\/n1\/?p=23108"},"modified":"2025-03-27T18:07:17","modified_gmt":"2025-03-27T21:07:17","slug":"espaco-opereta-recebe-peca-titulo-de-musica-de-elza-soares","status":"publish","type":"post","link":"https:\/\/novosaopaulo.com.br\/n1\/espaco-opereta-recebe-peca-titulo-de-musica-de-elza-soares\/","title":{"rendered":"Espa\u00e7o Opereta recebe pe\u00e7a-t\u00edtulo de m\u00fasica de Elza Soares"},"content":{"rendered":"\n<p>Cia. Nau de \u00cdcaros vem a Po\u00e1 para sess\u00f5es de espet\u00e1culo, neste s\u00e1bado, \u00e0s 16h e \u00e0s 19h<\/p>\n\n\n\n<p>O Espa\u00e7o Cultural Opereta, de Po\u00e1, recebe neste s\u00e1bado, dia 29, a Cia. C\u00eanica Nau de \u00cdcaros, com o espet\u00e1culo \u201cMulher do Fim do Mundo\u201d, pe\u00e7a que leva o t\u00edtulo de m\u00fasica interpretada pela cantora Elza Soares. Ser\u00e3o duas sess\u00f5es de apresenta\u00e7\u00e3o, \u00e0s 16h e \u00e0s 19 horas. A entrada \u00e9 gratuita e a classifica\u00e7\u00e3o \u00e9 de 12 anos.<\/p>\n\n\n\n<p>A montagem explora a rela\u00e7\u00e3o entre gesto, palavra e movimento, criando um di\u00e1logo po\u00e9tico sobre manuten\u00e7\u00e3o, cria\u00e7\u00e3o e transforma\u00e7\u00e3o na vida cotidiana.<\/p>\n\n\n\n<p>Inspirado em artistas como Anette Messager, Paula Rego e Mierle Laderman, o espet\u00e1culo traz uma constru\u00e7\u00e3o coreogr\u00e1fica que evidencia o fazer e refazer constante da exist\u00eancia, revelando hist\u00f3rias e corpos que resistem e reinventam o mundo.<\/p>\n\n\n\n<p>Com um elenco potente e uma encena\u00e7\u00e3o que une dan\u00e7a, teatro e circo, Mulher do Fim do Mundo \u00e9 uma experi\u00eancia sens\u00edvel e visceral, que convida o p\u00fablico a enxergar e sentir as narrativas que habitam o corpo feminino.<\/p>\n\n\n\n<p>A cria\u00e7\u00e3o e concep\u00e7\u00e3o \u00e9 de Erica Rodrigues e Let\u00edcia Olomidar\u00e1 Doretto. A dire\u00e7\u00e3o geral \u00e9 de Marco Vettore.<\/p>\n\n\n\n<p>A produ\u00e7\u00e3o tem o apoio da Secretaria de Estado da Cultura, Economia e Ind\u00fastria Criativas de S\u00e3o Paulo por meio da Lei Paulo Gustavo e do Minist\u00e9rio da Cultura.<\/p>\n\n\n\n<p>SERVI\u00c7O<\/p>\n\n\n\n<p>Mulher do Fim do Mundo<\/p>\n\n\n\n<p>Data: 29\/03<\/p>\n\n\n\n<p>Hor\u00e1rio: duas sess\u00f5es: 16h e 16h<\/p>\n\n\n\n<p>Classifica\u00e7\u00e3o: 12 anos<\/p>\n\n\n\n<p>Valor: Gr\u00e1tis (retirada de ingressos 1h antes)<\/p>\n\n\n\n<p>Local: R. Dr. Em\u00edlio Ribas, 168, Vila Sopreter, Po\u00e1 SP<\/p>\n\n\n\n<p>Informa\u00e7\u00f5es: 11 4634-1175 (WhatsApp)<\/p>\n","protected":false},"excerpt":{"rendered":"<p>Cia. Nau de \u00cdcaros vem a Po\u00e1 para sess\u00f5es de espet\u00e1culo, neste s\u00e1bado, \u00e0s 16h&#8230;<\/p>\n","protected":false},"author":1,"featured_media":23109,"comment_status":"open","ping_status":"open","sticky":false,"template":"","format":"standard","meta":{"footnotes":""},"categories":[45],"tags":[],"featured_image_urls":{"full":["https:\/\/novosaopaulo.com.br\/n1\/wp-content\/uploads\/2025\/03\/Mulher-do-Fim-do-Mundo@Alexandre-Catan-2.jpg",1600,1066,false],"thumbnail":["https:\/\/novosaopaulo.com.br\/n1\/wp-content\/uploads\/2025\/03\/Mulher-do-Fim-do-Mundo@Alexandre-Catan-2-150x150.jpg",150,150,true],"medium":["https:\/\/novosaopaulo.com.br\/n1\/wp-content\/uploads\/2025\/03\/Mulher-do-Fim-do-Mundo@Alexandre-Catan-2-300x200.jpg",300,200,true],"medium_large":["https:\/\/novosaopaulo.com.br\/n1\/wp-content\/uploads\/2025\/03\/Mulher-do-Fim-do-Mundo@Alexandre-Catan-2-768x512.jpg",640,427,true],"large":["https:\/\/novosaopaulo.com.br\/n1\/wp-content\/uploads\/2025\/03\/Mulher-do-Fim-do-Mundo@Alexandre-Catan-2-1024x682.jpg",640,426,true],"1536x1536":["https:\/\/novosaopaulo.com.br\/n1\/wp-content\/uploads\/2025\/03\/Mulher-do-Fim-do-Mundo@Alexandre-Catan-2-1536x1023.jpg",1536,1023,true],"2048x2048":["https:\/\/novosaopaulo.com.br\/n1\/wp-content\/uploads\/2025\/03\/Mulher-do-Fim-do-Mundo@Alexandre-Catan-2.jpg",1600,1066,false],"newsever-slider-full":["https:\/\/novosaopaulo.com.br\/n1\/wp-content\/uploads\/2025\/03\/Mulher-do-Fim-do-Mundo@Alexandre-Catan-2-1280x845.jpg",1280,845,true],"newsever-featured":["https:\/\/novosaopaulo.com.br\/n1\/wp-content\/uploads\/2025\/03\/Mulher-do-Fim-do-Mundo@Alexandre-Catan-2-1024x682.jpg",1024,682,true],"newsever-medium":["https:\/\/novosaopaulo.com.br\/n1\/wp-content\/uploads\/2025\/03\/Mulher-do-Fim-do-Mundo@Alexandre-Catan-2-720x475.jpg",720,475,true]},"author_info":{"display_name":"Reda\u00e7\u00e3o","author_link":"https:\/\/novosaopaulo.com.br\/n1\/author\/g5poa\/"},"category_info":"<a href=\"https:\/\/novosaopaulo.com.br\/n1\/category\/cultura\/\" rel=\"category tag\">Cultura<\/a>","tag_info":"Cultura","comment_count":"0","_links":{"self":[{"href":"https:\/\/novosaopaulo.com.br\/n1\/wp-json\/wp\/v2\/posts\/23108"}],"collection":[{"href":"https:\/\/novosaopaulo.com.br\/n1\/wp-json\/wp\/v2\/posts"}],"about":[{"href":"https:\/\/novosaopaulo.com.br\/n1\/wp-json\/wp\/v2\/types\/post"}],"author":[{"embeddable":true,"href":"https:\/\/novosaopaulo.com.br\/n1\/wp-json\/wp\/v2\/users\/1"}],"replies":[{"embeddable":true,"href":"https:\/\/novosaopaulo.com.br\/n1\/wp-json\/wp\/v2\/comments?post=23108"}],"version-history":[{"count":1,"href":"https:\/\/novosaopaulo.com.br\/n1\/wp-json\/wp\/v2\/posts\/23108\/revisions"}],"predecessor-version":[{"id":23110,"href":"https:\/\/novosaopaulo.com.br\/n1\/wp-json\/wp\/v2\/posts\/23108\/revisions\/23110"}],"wp:featuredmedia":[{"embeddable":true,"href":"https:\/\/novosaopaulo.com.br\/n1\/wp-json\/wp\/v2\/media\/23109"}],"wp:attachment":[{"href":"https:\/\/novosaopaulo.com.br\/n1\/wp-json\/wp\/v2\/media?parent=23108"}],"wp:term":[{"taxonomy":"category","embeddable":true,"href":"https:\/\/novosaopaulo.com.br\/n1\/wp-json\/wp\/v2\/categories?post=23108"},{"taxonomy":"post_tag","embeddable":true,"href":"https:\/\/novosaopaulo.com.br\/n1\/wp-json\/wp\/v2\/tags?post=23108"}],"curies":[{"name":"wp","href":"https:\/\/api.w.org\/{rel}","templated":true}]}}