{"id":23034,"date":"2025-03-25T21:57:29","date_gmt":"2025-03-26T00:57:29","guid":{"rendered":"https:\/\/novosaopaulo.com.br\/n1\/?p=23034"},"modified":"2025-03-25T21:57:30","modified_gmt":"2025-03-26T00:57:30","slug":"aniversario-da-cidade-traz-poa-fest-a-partir-de-hoje-e-desfile-civico-nesta-quarta-feira","status":"publish","type":"post","link":"https:\/\/novosaopaulo.com.br\/n1\/aniversario-da-cidade-traz-poa-fest-a-partir-de-hoje-e-desfile-civico-nesta-quarta-feira\/","title":{"rendered":"Anivers\u00e1rio da cidade traz Po\u00e1 Fest a partir de hoje e desfile c\u00edvico nesta quarta-feira"},"content":{"rendered":"\n<p>Shows acontecem nos dias 25 e 26 de marc\u0327o e contara\u0301 com as apresentac\u0327o\u0303es da dupla Matheus &amp; Kauan e da cantora gospel Isadora Pompeo<\/p>\n\n\n\n<p>A programa\u00e7\u00e3o de anivers\u00e1rio de 76 anos de emancipa\u00e7\u00e3o pol\u00edtico-administrativa da cidade continua e nesta ter\u00e7a-feira (25), come\u00e7a o Po\u00e1 Fest, na Pra\u00e7a de Eventos Luc\u00edlia Gomes Felippe, com o show das cantoras Isadora Pompeo e Esther Marcos, que trazem o melhor da m\u00fasica gospel. No dia 26, quem sobe no palco \u00e9 a dupla sertaneja Matheus &amp; Kauan.<\/p>\n\n\n\n<p>Tamb\u00e9m no dia 26, data do anivers\u00e1rio de Po\u00e1, a partir das 9 horas, ter\u00e1 o retorno do desfile c\u00edvico, que neste ano traz como tema: \u201cA Hist\u00f3ria, Desenvolvimento e a Cultura de Po\u00e1\u201d. O evento, que contar\u00e1 com aproximadamente 1200 integrantes, ser\u00e1 realizado em frente \u00e0 C\u00e2mara Municipal (rua Vereador Jos\u00e9 Calil), onde ser\u00e1 montada uma estrutura de arquibancadas para receber o p\u00fablico.<\/p>\n\n\n\n<p>A atividade contara\u0301 com a participa\u00e7\u00e3o dos alunos da Rede Municipal de Ensino, da Guarda Civil Municipal (GCM), do Corpo de Bombeiros, da Pol\u00edcia Militar com corpo musical, cavalaria e canil, Grupo de Escoteiros de Po\u00e1, da Banda Marcial de Po\u00e1, secretarias municipais, entidades e ONGs com atua\u00e7\u00e3o no munic\u00edpio.<\/p>\n\n\n\n<p>Logo ap\u00f3s o desfile, ser\u00e1 cortado o tradicional bolo de anivers\u00e1rio da cidade. \u00c0s 14 horas, na C\u00e2mara Municipal, haver\u00e1 a cerim\u00f4nia de progress\u00e3o da Guarda Civil Municipal (GCM). Al\u00e9m disso, \u00e0s 16 horas, a Pra\u00e7a de Eventos recebe shows infantis com a Patrulha Canina, Bolofofos e muitos outros personagens. A divers\u00e3o das crian\u00e7as contar\u00e1 com pipoca, algod\u00e3o doce e brinquedos infl\u00e1veis gratuitos durante toda a tarde.<\/p>\n\n\n\n<p>\u201c\u00c9 uma data muito importante para nossa cidade. Preparamos uma programa\u00e7\u00e3o familiar, com muito amor e carinho para nossa popula\u00e7\u00e3o. \u00c9 a retomada dos grandes eventos para nossa cidade e sem recursos p\u00fablicos. Po\u00e1 tem pressa e merece o melhor nesse novo tempo de celebra\u00e7\u00e3o\u201d, frisou o prefeito Saulo Souza.<\/p>\n\n\n\n<p>Acesso solida\u0301rio<\/p>\n\n\n\n<p>Para assistir aos shows noturnos, sera\u0301 preciso fazer a doac\u0327a\u0303o de um litro de leite (caixa ou em po\u0301) na entrada do evento. Todo o volume arrecadado sera\u0301 doado para o Fundo Social de Poa\u0301. \u201cTeremos esse ingresso solida\u0301rio, onde a pessoa levara\u0301 o leite no dia do show. Nosso objetivo com essa ac\u0327a\u0303o e\u0301 garantir a seguranc\u0327a alimentar das crianc\u0327as poaenses em situac\u0327a\u0303o de vulnerabilidade social. Todo leite arrecadado atendera\u0301 esse pu\u0301blico\u201d, disse o prefeito.<\/p>\n\n\n\n<p>Confira a programa\u00e7\u00e3o dos shows:<\/p>\n\n\n\n<ul>\n<li>25\/03 (19h) &#8211; Isabela Pompeo e Esther Marcos<\/li>\n\n\n\n<li>\u206026\/03 (16h) &#8211; Show infantil<\/li>\n\n\n\n<li>\u206026\/03 (19h) &#8211; Matheus e Kauan (dia do anivers\u00e1rio da cidade)<\/li>\n<\/ul>\n\n\n\n<p>Fotos: Nivaldo Alves<\/p>\n","protected":false},"excerpt":{"rendered":"<p>Shows acontecem nos dias 25 e 26 de marc\u0327o e contara\u0301 com as apresentac\u0327o\u0303es da&#8230;<\/p>\n","protected":false},"author":1,"featured_media":23035,"comment_status":"open","ping_status":"open","sticky":false,"template":"","format":"standard","meta":{"footnotes":""},"categories":[8],"tags":[],"featured_image_urls":{"full":["https:\/\/novosaopaulo.com.br\/n1\/wp-content\/uploads\/2025\/03\/thumbnail_Aniversario-de-Poa-02.jpg",448,298,false],"thumbnail":["https:\/\/novosaopaulo.com.br\/n1\/wp-content\/uploads\/2025\/03\/thumbnail_Aniversario-de-Poa-02-150x150.jpg",150,150,true],"medium":["https:\/\/novosaopaulo.com.br\/n1\/wp-content\/uploads\/2025\/03\/thumbnail_Aniversario-de-Poa-02-300x200.jpg",300,200,true],"medium_large":["https:\/\/novosaopaulo.com.br\/n1\/wp-content\/uploads\/2025\/03\/thumbnail_Aniversario-de-Poa-02.jpg",448,298,false],"large":["https:\/\/novosaopaulo.com.br\/n1\/wp-content\/uploads\/2025\/03\/thumbnail_Aniversario-de-Poa-02.jpg",448,298,false],"1536x1536":["https:\/\/novosaopaulo.com.br\/n1\/wp-content\/uploads\/2025\/03\/thumbnail_Aniversario-de-Poa-02.jpg",448,298,false],"2048x2048":["https:\/\/novosaopaulo.com.br\/n1\/wp-content\/uploads\/2025\/03\/thumbnail_Aniversario-de-Poa-02.jpg",448,298,false],"newsever-slider-full":["https:\/\/novosaopaulo.com.br\/n1\/wp-content\/uploads\/2025\/03\/thumbnail_Aniversario-de-Poa-02.jpg",448,298,false],"newsever-featured":["https:\/\/novosaopaulo.com.br\/n1\/wp-content\/uploads\/2025\/03\/thumbnail_Aniversario-de-Poa-02.jpg",448,298,false],"newsever-medium":["https:\/\/novosaopaulo.com.br\/n1\/wp-content\/uploads\/2025\/03\/thumbnail_Aniversario-de-Poa-02.jpg",448,298,false]},"author_info":{"display_name":"Reda\u00e7\u00e3o","author_link":"https:\/\/novosaopaulo.com.br\/n1\/author\/g5poa\/"},"category_info":"<a href=\"https:\/\/novosaopaulo.com.br\/n1\/category\/poa\/\" rel=\"category tag\">Po\u00e1<\/a>","tag_info":"Po\u00e1","comment_count":"0","_links":{"self":[{"href":"https:\/\/novosaopaulo.com.br\/n1\/wp-json\/wp\/v2\/posts\/23034"}],"collection":[{"href":"https:\/\/novosaopaulo.com.br\/n1\/wp-json\/wp\/v2\/posts"}],"about":[{"href":"https:\/\/novosaopaulo.com.br\/n1\/wp-json\/wp\/v2\/types\/post"}],"author":[{"embeddable":true,"href":"https:\/\/novosaopaulo.com.br\/n1\/wp-json\/wp\/v2\/users\/1"}],"replies":[{"embeddable":true,"href":"https:\/\/novosaopaulo.com.br\/n1\/wp-json\/wp\/v2\/comments?post=23034"}],"version-history":[{"count":1,"href":"https:\/\/novosaopaulo.com.br\/n1\/wp-json\/wp\/v2\/posts\/23034\/revisions"}],"predecessor-version":[{"id":23036,"href":"https:\/\/novosaopaulo.com.br\/n1\/wp-json\/wp\/v2\/posts\/23034\/revisions\/23036"}],"wp:featuredmedia":[{"embeddable":true,"href":"https:\/\/novosaopaulo.com.br\/n1\/wp-json\/wp\/v2\/media\/23035"}],"wp:attachment":[{"href":"https:\/\/novosaopaulo.com.br\/n1\/wp-json\/wp\/v2\/media?parent=23034"}],"wp:term":[{"taxonomy":"category","embeddable":true,"href":"https:\/\/novosaopaulo.com.br\/n1\/wp-json\/wp\/v2\/categories?post=23034"},{"taxonomy":"post_tag","embeddable":true,"href":"https:\/\/novosaopaulo.com.br\/n1\/wp-json\/wp\/v2\/tags?post=23034"}],"curies":[{"name":"wp","href":"https:\/\/api.w.org\/{rel}","templated":true}]}}