{"id":23026,"date":"2025-03-25T14:49:13","date_gmt":"2025-03-25T17:49:13","guid":{"rendered":"https:\/\/novosaopaulo.com.br\/n1\/?p=23026"},"modified":"2025-03-25T14:49:13","modified_gmt":"2025-03-25T17:49:13","slug":"anistia-a-8-de-janeiro-mobiliza-o-congresso","status":"publish","type":"post","link":"https:\/\/novosaopaulo.com.br\/n1\/anistia-a-8-de-janeiro-mobiliza-o-congresso\/","title":{"rendered":"Anistia a 8 de janeiro mobiliza o Congresso"},"content":{"rendered":"\n<p>Pelo menos um ter\u00e7o dos 513 deputados federais quer a vota\u00e7\u00e3o do projeto de anistia aos envolvidos nos epis\u00f3dios de 8 de janeiro de 2023. Levantamento do \u2018Estad\u00e3o\u2019 ouviu 392 parlamentares, 76% da C\u00e2mara; o n\u00famero garante a apresenta\u00e7\u00e3o de requerimento de urg\u00eancia para vota\u00e7\u00e3o da mat\u00e9ria no plen\u00e1rio.<\/p>\n\n\n\n<p>At\u00e9 o momento, 181 congressistas j\u00e1 empenharam o voto. O n\u00famero \u00e9 o suficiente para garantir a apresenta\u00e7\u00e3o da urg\u00eancia no plen\u00e1rio da Casa, ideia apresentada pelo PL, e est\u00e1 a 76 votos de atingir a maioria absoluta da C\u00e2mara.<\/p>\n\n\n\n<p>Para um projeto de lei ser votado \u00e9 preciso haver pelo menos 257 deputados na sess\u00e3o. O texto \u00e9 aprovado com os votos da maioria simples, isto \u00e9, a maioria dos presentes, tipo a metade mais um.<\/p>\n\n\n\n<p>A anistia proposta hoje tem o mesmo cond\u00e3o da executada em 1979. Naquele ano, os militares que ainda se encontravam no poder perdoaram os \u00e0 \u00e9poca catalogados crimes pol\u00edticos, permitindo que os exilados e banidos voltassem ao Pais, libertando os presos pol\u00edticos e readmitindo os servidores afastados como castigo. Hoje a id\u00e9ia \u00e9 perdoar os presos de 8 de janeiro e os pol\u00edticos e ativistas que acabaram \u2013 por denuncia ou dela\u00e7\u00e3o \u2013 envolvidos no preparo do golpe de Estado que pode ter sido pedido ou sonhado mas nunca foi deflagrado<\/p>\n\n\n\n<p>A puni\u00e7\u00e3o dos participantes de 8 de janeiro \u00e9 defendida pelo PT \u2013inclusive pelo presidente Lula \u2013 paradoxalmente o partido que abrigava grande parte \u2013 possivelmente a maioria \u2013 dos perdoados de 1979, alguns deles gravados pelo cometimento de crime de sangue, visivelmente mais graves do que 8 de janeiro. O PL e outros aliados de Bolsonaro defendem a anistia e os outros partidos do Congresso \u2013 notadamente os de esquerda \u2013 s\u00e3o contr\u00e1rios ou reticentes.<\/p>\n\n\n\n<p>\u00c9 preciso considerar as diferen\u00e7as entre a anistia de quatro d\u00e9cadas atr\u00e1s e a proposta agora. Verificar, inclusive, como ocorreu a pris\u00e3o dos envolvidos e o andamento das apura\u00e7\u00f5es e julgamento. H\u00e1 que se considerar, por exemplo, as quest\u00f5es do rito de apura\u00e7ao do suposto golpe por parte do Supremo Tribunal Federal, onde o ex-presidente Dias Toffoli criou os inqu\u00e9ritos sui-generis, com apenas um julgador \u2013 no caso Alexandre Moraes \u2013 que \u00e9 encarregado da apura\u00e7\u00e3o em inqu\u00e9rito, oitiva dos envolvidos, julgamento e outras fases do processo, onde eventualmente tamb\u00e9m aparece como v\u00edtima. \u00c9 o chamado \u201cinqu\u00e9rito do fim do mundo\u201d, assim denominado pelo ex ministro Marco Aur\u00e9lio, ent\u00e3o decano da corte.<\/p>\n\n\n\n<p>Ao analisar a poss\u00edvel anistia, os deputados e senadores &#8211; que t\u00eam o poder para definir a quest\u00e3o \u2013 precisam analisar o interesse nacional pela poss\u00edvel pacifica\u00e7\u00e3o pol\u00edtica e, principalmente, estudar e definir as penas que a suprema corte tem aplicado aos r\u00e9us do processo. Ser\u00e1 motivo de revoga\u00e7\u00e3o pelos meios legais se, eventualmente, ficar comprovada a aplica\u00e7\u00e3o de condena\u00e7\u00f5es superiores ao delito cometido pelos pacientes. Num quadro desses, em vez da almejada pacifica\u00e7\u00e3o, s\u00f3 poder\u00e1 ser potencializada a disc\u00f3rdia que, certamente, n\u00e3o servir\u00e1 aos objetivos nacionais.<\/p>\n\n\n\n<p>Aprovandoou n\u00e3o o texto da anistia, deputados e senadores cumprir\u00e3o uma grande tarefa. Dar\u00e3o ao Pa\u00eds os par\u00e2metros para tratar do assunto sem as d\u00favidas que hoje pairam.Eliminar\u00e3o o \u201cp\u00e9-de-briga\u201d que hoje atrasa a pol\u00edtica e a vida do povo\u2026<\/p>\n\n\n\n<p>Tenente Dirceu Cardoso Gon\u00e7alves &#8211; dirigente da ASPOMIL (Associa\u00e7\u00e3o de Assist. Social dos Policiais Militares de S\u00e3o Paulo).<\/p>\n","protected":false},"excerpt":{"rendered":"<p>Pelo menos um ter\u00e7o dos 513 deputados federais quer a vota\u00e7\u00e3o do projeto de anistia&#8230;<\/p>\n","protected":false},"author":1,"featured_media":16147,"comment_status":"open","ping_status":"open","sticky":false,"template":"","format":"standard","meta":{"footnotes":""},"categories":[9],"tags":[],"featured_image_urls":{"full":["https:\/\/novosaopaulo.com.br\/n1\/wp-content\/uploads\/2023\/12\/dirceu.jpg",225,225,false],"thumbnail":["https:\/\/novosaopaulo.com.br\/n1\/wp-content\/uploads\/2023\/12\/dirceu-150x150.jpg",150,150,true],"medium":["https:\/\/novosaopaulo.com.br\/n1\/wp-content\/uploads\/2023\/12\/dirceu.jpg",225,225,false],"medium_large":["https:\/\/novosaopaulo.com.br\/n1\/wp-content\/uploads\/2023\/12\/dirceu.jpg",225,225,false],"large":["https:\/\/novosaopaulo.com.br\/n1\/wp-content\/uploads\/2023\/12\/dirceu.jpg",225,225,false],"1536x1536":["https:\/\/novosaopaulo.com.br\/n1\/wp-content\/uploads\/2023\/12\/dirceu.jpg",225,225,false],"2048x2048":["https:\/\/novosaopaulo.com.br\/n1\/wp-content\/uploads\/2023\/12\/dirceu.jpg",225,225,false],"newsever-slider-full":["https:\/\/novosaopaulo.com.br\/n1\/wp-content\/uploads\/2023\/12\/dirceu.jpg",225,225,false],"newsever-featured":["https:\/\/novosaopaulo.com.br\/n1\/wp-content\/uploads\/2023\/12\/dirceu.jpg",225,225,false],"newsever-medium":["https:\/\/novosaopaulo.com.br\/n1\/wp-content\/uploads\/2023\/12\/dirceu.jpg",225,225,false]},"author_info":{"display_name":"Reda\u00e7\u00e3o","author_link":"https:\/\/novosaopaulo.com.br\/n1\/author\/g5poa\/"},"category_info":"<a href=\"https:\/\/novosaopaulo.com.br\/n1\/category\/geral\/\" rel=\"category tag\">Geral<\/a>","tag_info":"Geral","comment_count":"0","_links":{"self":[{"href":"https:\/\/novosaopaulo.com.br\/n1\/wp-json\/wp\/v2\/posts\/23026"}],"collection":[{"href":"https:\/\/novosaopaulo.com.br\/n1\/wp-json\/wp\/v2\/posts"}],"about":[{"href":"https:\/\/novosaopaulo.com.br\/n1\/wp-json\/wp\/v2\/types\/post"}],"author":[{"embeddable":true,"href":"https:\/\/novosaopaulo.com.br\/n1\/wp-json\/wp\/v2\/users\/1"}],"replies":[{"embeddable":true,"href":"https:\/\/novosaopaulo.com.br\/n1\/wp-json\/wp\/v2\/comments?post=23026"}],"version-history":[{"count":1,"href":"https:\/\/novosaopaulo.com.br\/n1\/wp-json\/wp\/v2\/posts\/23026\/revisions"}],"predecessor-version":[{"id":23027,"href":"https:\/\/novosaopaulo.com.br\/n1\/wp-json\/wp\/v2\/posts\/23026\/revisions\/23027"}],"wp:featuredmedia":[{"embeddable":true,"href":"https:\/\/novosaopaulo.com.br\/n1\/wp-json\/wp\/v2\/media\/16147"}],"wp:attachment":[{"href":"https:\/\/novosaopaulo.com.br\/n1\/wp-json\/wp\/v2\/media?parent=23026"}],"wp:term":[{"taxonomy":"category","embeddable":true,"href":"https:\/\/novosaopaulo.com.br\/n1\/wp-json\/wp\/v2\/categories?post=23026"},{"taxonomy":"post_tag","embeddable":true,"href":"https:\/\/novosaopaulo.com.br\/n1\/wp-json\/wp\/v2\/tags?post=23026"}],"curies":[{"name":"wp","href":"https:\/\/api.w.org\/{rel}","templated":true}]}}