{"id":23020,"date":"2025-03-25T11:44:32","date_gmt":"2025-03-25T14:44:32","guid":{"rendered":"https:\/\/novosaopaulo.com.br\/n1\/?p=23020"},"modified":"2025-03-25T11:44:33","modified_gmt":"2025-03-25T14:44:33","slug":"o-batom-e-a-estatua-corte-de-justica-ou-sanha-inquisitoria","status":"publish","type":"post","link":"https:\/\/novosaopaulo.com.br\/n1\/o-batom-e-a-estatua-corte-de-justica-ou-sanha-inquisitoria\/","title":{"rendered":"O batom e a est\u00e1tua: Corte de Justi\u00e7a ou sanha inquisit\u00f3ria?"},"content":{"rendered":"\n<p>Deputada federal Rosana Valle*<\/p>\n\n\n\n<p>A Justi\u00e7a implac\u00e1vel \u00e9 a pior das injusti\u00e7as.\u201d Esta frase joga luz \u00e0 uma dura verdade: quando a Justi\u00e7a \u00e9 fria, sem considerar as circunst\u00e2ncias humanas, deixa de ser justa.<\/p>\n\n\n\n<p>Pois bem, o sentido da Justi\u00e7a precisa ir al\u00e9m da letra fria da lei. \u00c9 preciso olhar para o contexto, agir com empatia e discernimento \u2014 do contr\u00e1rio, o que deveria ser equil\u00edbrio se transforma em puni\u00e7\u00e3o desproporcional e cruel.<\/p>\n\n\n\n<p>Por 25 anos, fui jornalista. Entrei para a Pol\u00edtica, em 2019, com o cora\u00e7\u00e3o cheio de idealismo e de esperan\u00e7a. Mas estou perplexa. N\u00e3o imaginava que viveria um momento t\u00e3o fr\u00e1gil da nossa Democracia.<\/p>\n\n\n\n<p>Ver institui\u00e7\u00f5es se afastarem dos seus princ\u00edpios mais b\u00e1sicos, especialmente o Judici\u00e1rio, \u00e9 preocupante. O que temos, hoje, s\u00e3o decis\u00f5es parciais, persegui\u00e7\u00f5es seletivas, censura disfar\u00e7ada \u2014 tudo chancelado por quem deveria garantir os direitos do cidad\u00e3o.<\/p>\n\n\n\n<p>A percep\u00e7\u00e3o nas ruas vai ficando cada vez mais clara: Todos s\u00e3o iguais perante \u00e0 lei \u2014 menos os 11 ministros do Supremo Tribunal Federal (STF). A Suprema Corte, em vez de proteger a Democracia, ganhou superpoderes e est\u00e1 perdendo a medida. Ministros extrapolam limites, violam a imunidade parlamentar, atacam a liberdade de express\u00e3o e censuram os cr\u00edticos.<\/p>\n\n\n\n<p>Deputados eleitos pelo povo, com vota\u00e7\u00f5es expressivas, j\u00e1 perderam mandatos, ou est\u00e3o prestes a perder, por decis\u00f5es que n\u00e3o seguem, me parece, o devido processo legal. O direito \u00e0 ampla defesa tem sido ignorado. H\u00e1 pris\u00f5es preventivas sem prazo, penas desproporcionais, brasileiros exilados por medo.<\/p>\n\n\n\n<p>Enquanto isso, quem cometeu crimes graves parece ser premiado. Andr\u00e9 do Rap, apontado como chef\u00e3o do Primeiro Comando da Capital (PCC), foi solto pelo STF, desapareceu no mesmo dia e segue foragido, comandando crimes do submundo. O ex-governador do Rio de Janeiro, S\u00e9rgio Cabral (MDB), condenado a mais de 400 anos de pris\u00e3o, est\u00e1 solto e virou, pasmem, influenciador digital.<\/p>\n\n\n\n<p>A frase \u201cPerdeu, man\u00e9!\u201d virou s\u00edmbolo de um Supremo que parece ter virado as costas para o povo. Abriram, afinal, as pris\u00f5es e enterraram a \u201cLava Jato\u201d \u2014 opera\u00e7\u00e3o que revelou os maiores esc\u00e2ndalos de corrup\u00e7\u00e3o da Hist\u00f3ria recente de nossa Rep\u00fablica.<\/p>\n\n\n\n<p>Enquanto isso, uma m\u00e3e de fam\u00edlia \u00e9 condenada pelo STF a 14 anos de pris\u00e3o, por pichar com batom uma est\u00e1tua em frente \u00e0 sede da Corte. Sim, 14 anos &#8211; por um ato sem viol\u00eancia, facilmente remov\u00edvel. A decis\u00e3o choca o Pa\u00eds e refor\u00e7a a d\u00favida: estamos diante de uma Corte de Justi\u00e7a ou de uma sanha inquisit\u00f3ria?<\/p>\n\n\n\n<p>A toga, s\u00edmbolo de imparcialidade, hoje flerta com o autoritarismo. Ministros se colocam acima da cr\u00edtica, decidindo quem pode falar e o que pode ser dito. A descren\u00e7a na Justi\u00e7a tomou as ruas, as redes sociais e os lares brasileiros. Ocorre que, quando a f\u00e9 nas institui\u00e7\u00f5es se rompe, a Democracia se fragiliza.<\/p>\n\n\n\n<p>Cabe \u00e0 Suprema Corte retomar o bom senso e o respeito \u00e0 Constitui\u00e7\u00e3o Federal, a qual diz tanto defender. A Justi\u00e7a, em regra, deve proteger liberdades \u2014 n\u00e3o sufoc\u00e1-las. E, aos que se julgam acima de tudo e de todos, donos da verdade absoluta, deixo um alerta: a Hist\u00f3ria ser\u00e1 nosso melhor juiz, e ela, certamente, n\u00e3o vai absolver os que tra\u00edram n\u00e3o s\u00f3 nossa Carta Magna, mas, sobretudo, o povo brasileiro!<\/p>\n\n\n\n<p>*Rosana Valle \u00e9 deputada federal pelo PL-SP, em segundo mandato; presidente da Executiva Estadual do PL Mulher de S\u00e3o Paulo; jornalista h\u00e1 mais de 30 anos; e autora dos livros \u201cRota do Sol\u201d 1 e 2<\/p>\n","protected":false},"excerpt":{"rendered":"<p>Deputada federal Rosana Valle* A Justi\u00e7a implac\u00e1vel \u00e9 a pior das injusti\u00e7as.\u201d Esta frase joga&#8230;<\/p>\n","protected":false},"author":1,"featured_media":23021,"comment_status":"open","ping_status":"open","sticky":false,"template":"","format":"standard","meta":{"footnotes":""},"categories":[9],"tags":[],"featured_image_urls":{"full":["https:\/\/novosaopaulo.com.br\/n1\/wp-content\/uploads\/2025\/03\/Rosana-Valle.jpeg",750,1000,false],"thumbnail":["https:\/\/novosaopaulo.com.br\/n1\/wp-content\/uploads\/2025\/03\/Rosana-Valle-150x150.jpeg",150,150,true],"medium":["https:\/\/novosaopaulo.com.br\/n1\/wp-content\/uploads\/2025\/03\/Rosana-Valle-225x300.jpeg",225,300,true],"medium_large":["https:\/\/novosaopaulo.com.br\/n1\/wp-content\/uploads\/2025\/03\/Rosana-Valle.jpeg",640,853,false],"large":["https:\/\/novosaopaulo.com.br\/n1\/wp-content\/uploads\/2025\/03\/Rosana-Valle.jpeg",640,853,false],"1536x1536":["https:\/\/novosaopaulo.com.br\/n1\/wp-content\/uploads\/2025\/03\/Rosana-Valle.jpeg",750,1000,false],"2048x2048":["https:\/\/novosaopaulo.com.br\/n1\/wp-content\/uploads\/2025\/03\/Rosana-Valle.jpeg",750,1000,false],"newsever-slider-full":["https:\/\/novosaopaulo.com.br\/n1\/wp-content\/uploads\/2025\/03\/Rosana-Valle-750x845.jpeg",750,845,true],"newsever-featured":["https:\/\/novosaopaulo.com.br\/n1\/wp-content\/uploads\/2025\/03\/Rosana-Valle.jpeg",750,1000,false],"newsever-medium":["https:\/\/novosaopaulo.com.br\/n1\/wp-content\/uploads\/2025\/03\/Rosana-Valle-720x475.jpeg",720,475,true]},"author_info":{"display_name":"Reda\u00e7\u00e3o","author_link":"https:\/\/novosaopaulo.com.br\/n1\/author\/g5poa\/"},"category_info":"<a href=\"https:\/\/novosaopaulo.com.br\/n1\/category\/geral\/\" rel=\"category tag\">Geral<\/a>","tag_info":"Geral","comment_count":"0","_links":{"self":[{"href":"https:\/\/novosaopaulo.com.br\/n1\/wp-json\/wp\/v2\/posts\/23020"}],"collection":[{"href":"https:\/\/novosaopaulo.com.br\/n1\/wp-json\/wp\/v2\/posts"}],"about":[{"href":"https:\/\/novosaopaulo.com.br\/n1\/wp-json\/wp\/v2\/types\/post"}],"author":[{"embeddable":true,"href":"https:\/\/novosaopaulo.com.br\/n1\/wp-json\/wp\/v2\/users\/1"}],"replies":[{"embeddable":true,"href":"https:\/\/novosaopaulo.com.br\/n1\/wp-json\/wp\/v2\/comments?post=23020"}],"version-history":[{"count":1,"href":"https:\/\/novosaopaulo.com.br\/n1\/wp-json\/wp\/v2\/posts\/23020\/revisions"}],"predecessor-version":[{"id":23022,"href":"https:\/\/novosaopaulo.com.br\/n1\/wp-json\/wp\/v2\/posts\/23020\/revisions\/23022"}],"wp:featuredmedia":[{"embeddable":true,"href":"https:\/\/novosaopaulo.com.br\/n1\/wp-json\/wp\/v2\/media\/23021"}],"wp:attachment":[{"href":"https:\/\/novosaopaulo.com.br\/n1\/wp-json\/wp\/v2\/media?parent=23020"}],"wp:term":[{"taxonomy":"category","embeddable":true,"href":"https:\/\/novosaopaulo.com.br\/n1\/wp-json\/wp\/v2\/categories?post=23020"},{"taxonomy":"post_tag","embeddable":true,"href":"https:\/\/novosaopaulo.com.br\/n1\/wp-json\/wp\/v2\/tags?post=23020"}],"curies":[{"name":"wp","href":"https:\/\/api.w.org\/{rel}","templated":true}]}}