{"id":23011,"date":"2025-03-25T11:38:05","date_gmt":"2025-03-25T14:38:05","guid":{"rendered":"https:\/\/novosaopaulo.com.br\/n1\/?p=23011"},"modified":"2025-03-25T11:38:07","modified_gmt":"2025-03-25T14:38:07","slug":"atletas-amadores-de-poa-comemoram-aniversario-da-cidade-com-corrida-e-caminhada-de-rua","status":"publish","type":"post","link":"https:\/\/novosaopaulo.com.br\/n1\/atletas-amadores-de-poa-comemoram-aniversario-da-cidade-com-corrida-e-caminhada-de-rua\/","title":{"rendered":"Atletas amadores de Po\u00e1 comemoram anivers\u00e1rio da cidade com corrida e caminhada de rua"},"content":{"rendered":"\n<p>Evento foi realizado pela Secretaria de Esportes em parceria com a Casa do Corredor de Po\u00e1<\/p>\n\n\n\n<p>Centenas de atletas amadores ganharam as ruas da cidade na manh\u00e3 do \u00faltimo domingo (23), para participar da Corrida e Caminhada de Anivers\u00e1rio de 76 anos de Po\u00e1. A concentra\u00e7\u00e3o foi na Pra\u00e7a de Eventos e a largada \u00e0s 7h30, para as provas de 3 e 6 quil\u00f4metros nas duas modalidades, al\u00e9m da categoria PCD. O evento, realizado pela Secretaria de Esportes em parceria com a Casa do Corredor, foi acompanhado pelo prefeito Saulo Souza e pela primeira-dama e presidente do Fundo Social, Flavia Souza, al\u00e9m de secret\u00e1rios municipais e vereadores.<\/p>\n\n\n\n<p>O vencedor da corrida na categoria masculino foi o atleta Roberto Bryan Carvalho, que completou os 6 quil\u00f4metros no tempo de 19 minutos e 18 segundos. No feminino, a atleta Gracielly Patricia Gouveia conquistou a primeira coloca\u00e7\u00e3o ao finalizar a prova em 23 minutos e 47 segundos.<\/p>\n\n\n\n<p>Na categoria &#8220;Morador de Po\u00e1&#8221;, o grande vencedor no masculino foi Caio Augusto Pinheiro Brand\u00e3o, com tempo de 20 minutos e 39 segundos. No feminino, Elandia Teixeira da Silva com 29 minutos e 51 segundos.<\/p>\n\n\n\n<p>Para o prefeito Saulo Souza, a corrida j\u00e1 entrou para a hist\u00f3ria do esporte poaense. Segundo ele, o evento recebeu participantes de outras cidades e deve ter novas edi\u00e7\u00f5es em breve. \u201cQue prova incr\u00edvel! Esporte \u00e9 vida, esporte \u00e9 sa\u00fade. Foi emocionante ver cada conquista e os olhares de miss\u00e3o cumprida na linha de chegada. Contem com a Prefeitura para tornar Po\u00e1 uma cidade que abra\u00e7a o esporte. Teremos, sem d\u00favida, outras corridas como essa para nossa popula\u00e7\u00e3o\u201d, completou.<\/p>\n\n\n\n<p>O secret\u00e1rio de Esportes de Po\u00e1, Diogo do Nascimento Ferreira, agradeceu a parceria com a Casa do Corredor e frisou que foi um domingo esportivo que h\u00e1 muitos anos n\u00e3o se via em Po\u00e1. \u201cFoi um evento memor\u00e1vel. Uma prova conclu\u00edda com muita determina\u00e7\u00e3o e emo\u00e7\u00e3o por parte dos atletas. Cada participante escreveu a sua pr\u00f3pria hist\u00f3ria de supera\u00e7\u00e3o. Po\u00e1 tem pressa e merece o melhor no esporte\u201d, ressaltou.<\/p>\n\n\n\n<p>Classifica\u00e7\u00e3o Geral<\/p>\n\n\n\n<p>Feminino<\/p>\n\n\n\n<p>Gracielly Patricia Gouveia<\/p>\n\n\n\n<p>Layla Bianca do Carmo Macedo<\/p>\n\n\n\n<p>Samara Chagas da Silva<\/p>\n\n\n\n<p>Leticia Kunrath<\/p>\n\n\n\n<p>Selma Menegassi<\/p>\n\n\n\n<p>Masculino<\/p>\n\n\n\n<p>Roberto Bryan Carvalho<\/p>\n\n\n\n<p>Joas Lopes Sales<\/p>\n\n\n\n<p>Murilo Morais<\/p>\n\n\n\n<p>Davi dos Santos Mendon\u00e7a<\/p>\n\n\n\n<p>Jorge Henrique Lima Leita<\/p>\n\n\n\n<p>Classifica\u00e7\u00e3o geral \u2013 categoria &#8220;Morador de Po\u00e1&#8221;<\/p>\n\n\n\n<p>Feminino<\/p>\n\n\n\n<p>Elandia Teixeira da Silva<\/p>\n\n\n\n<p>Rhiana Martins de Araujo<\/p>\n\n\n\n<p>Juliane Gon\u00e7alves dos Santos<\/p>\n\n\n\n<p>Natalia Carvalho Ferreira<\/p>\n\n\n\n<p>Masculino<\/p>\n\n\n\n<p>Caio Augusto Pinheiro Brand\u00e3o<\/p>\n\n\n\n<p>Jonathan Santiago de Matos<\/p>\n\n\n\n<p>Thiago Granado de Araujo<\/p>\n\n\n\n<p>Vinicius Antonio de Sousa<\/p>\n\n\n\n<p>Lourinaldo Prado de Oliveira<\/p>\n\n\n\n<p>Foto: Nivaldo Alves<\/p>\n","protected":false},"excerpt":{"rendered":"<p>Evento foi realizado pela Secretaria de Esportes em parceria com a Casa do Corredor de&#8230;<\/p>\n","protected":false},"author":1,"featured_media":23012,"comment_status":"open","ping_status":"open","sticky":false,"template":"","format":"standard","meta":{"footnotes":""},"categories":[35,8],"tags":[],"featured_image_urls":{"full":["https:\/\/novosaopaulo.com.br\/n1\/wp-content\/uploads\/2025\/03\/Corrida_aniversario-Poa-76-anos.jpg",298,448,false],"thumbnail":["https:\/\/novosaopaulo.com.br\/n1\/wp-content\/uploads\/2025\/03\/Corrida_aniversario-Poa-76-anos-150x150.jpg",150,150,true],"medium":["https:\/\/novosaopaulo.com.br\/n1\/wp-content\/uploads\/2025\/03\/Corrida_aniversario-Poa-76-anos-200x300.jpg",200,300,true],"medium_large":["https:\/\/novosaopaulo.com.br\/n1\/wp-content\/uploads\/2025\/03\/Corrida_aniversario-Poa-76-anos.jpg",298,448,false],"large":["https:\/\/novosaopaulo.com.br\/n1\/wp-content\/uploads\/2025\/03\/Corrida_aniversario-Poa-76-anos.jpg",298,448,false],"1536x1536":["https:\/\/novosaopaulo.com.br\/n1\/wp-content\/uploads\/2025\/03\/Corrida_aniversario-Poa-76-anos.jpg",298,448,false],"2048x2048":["https:\/\/novosaopaulo.com.br\/n1\/wp-content\/uploads\/2025\/03\/Corrida_aniversario-Poa-76-anos.jpg",298,448,false],"newsever-slider-full":["https:\/\/novosaopaulo.com.br\/n1\/wp-content\/uploads\/2025\/03\/Corrida_aniversario-Poa-76-anos.jpg",298,448,false],"newsever-featured":["https:\/\/novosaopaulo.com.br\/n1\/wp-content\/uploads\/2025\/03\/Corrida_aniversario-Poa-76-anos.jpg",298,448,false],"newsever-medium":["https:\/\/novosaopaulo.com.br\/n1\/wp-content\/uploads\/2025\/03\/Corrida_aniversario-Poa-76-anos.jpg",298,448,false]},"author_info":{"display_name":"Reda\u00e7\u00e3o","author_link":"https:\/\/novosaopaulo.com.br\/n1\/author\/g5poa\/"},"category_info":"<a href=\"https:\/\/novosaopaulo.com.br\/n1\/category\/esportes\/\" rel=\"category tag\">Esportes<\/a> <a href=\"https:\/\/novosaopaulo.com.br\/n1\/category\/poa\/\" rel=\"category tag\">Po\u00e1<\/a>","tag_info":"Po\u00e1","comment_count":"0","_links":{"self":[{"href":"https:\/\/novosaopaulo.com.br\/n1\/wp-json\/wp\/v2\/posts\/23011"}],"collection":[{"href":"https:\/\/novosaopaulo.com.br\/n1\/wp-json\/wp\/v2\/posts"}],"about":[{"href":"https:\/\/novosaopaulo.com.br\/n1\/wp-json\/wp\/v2\/types\/post"}],"author":[{"embeddable":true,"href":"https:\/\/novosaopaulo.com.br\/n1\/wp-json\/wp\/v2\/users\/1"}],"replies":[{"embeddable":true,"href":"https:\/\/novosaopaulo.com.br\/n1\/wp-json\/wp\/v2\/comments?post=23011"}],"version-history":[{"count":1,"href":"https:\/\/novosaopaulo.com.br\/n1\/wp-json\/wp\/v2\/posts\/23011\/revisions"}],"predecessor-version":[{"id":23013,"href":"https:\/\/novosaopaulo.com.br\/n1\/wp-json\/wp\/v2\/posts\/23011\/revisions\/23013"}],"wp:featuredmedia":[{"embeddable":true,"href":"https:\/\/novosaopaulo.com.br\/n1\/wp-json\/wp\/v2\/media\/23012"}],"wp:attachment":[{"href":"https:\/\/novosaopaulo.com.br\/n1\/wp-json\/wp\/v2\/media?parent=23011"}],"wp:term":[{"taxonomy":"category","embeddable":true,"href":"https:\/\/novosaopaulo.com.br\/n1\/wp-json\/wp\/v2\/categories?post=23011"},{"taxonomy":"post_tag","embeddable":true,"href":"https:\/\/novosaopaulo.com.br\/n1\/wp-json\/wp\/v2\/tags?post=23011"}],"curies":[{"name":"wp","href":"https:\/\/api.w.org\/{rel}","templated":true}]}}