{"id":23005,"date":"2025-03-24T19:48:00","date_gmt":"2025-03-24T22:48:00","guid":{"rendered":"https:\/\/novosaopaulo.com.br\/n1\/?p=23005"},"modified":"2025-03-24T22:09:44","modified_gmt":"2025-03-25T01:09:44","slug":"condemat-tera-plano-regional-de-regularizacao-fundiaria-em-projeto-piloto-do-estado","status":"publish","type":"post","link":"https:\/\/novosaopaulo.com.br\/n1\/condemat-tera-plano-regional-de-regularizacao-fundiaria-em-projeto-piloto-do-estado\/","title":{"rendered":"Condemat+ ter\u00e1 Plano Regional de Regulariza\u00e7\u00e3o Fundi\u00e1ria em projeto piloto do Estado"},"content":{"rendered":"\n<p>Police Neto, subsecret\u00e1rio estadual de Desenvolvimento Urbano, anuncia instala\u00e7\u00e3o de escrit\u00f3rio no Alto Tiet\u00ea para agilizar processos<\/p>\n\n\n\n<p>O Cons\u00f3rcio de Desenvolvimento dos Munic\u00edpios do Alto Tiet\u00ea e Regi\u00e3o (Condemat+) foi escolhido para ser pioneiro no Plano Regional de Regulariza\u00e7\u00e3o Fundi\u00e1ria do governo do Estado de S\u00e3o Paulo. A articula\u00e7\u00e3o pol\u00edtica e organiza\u00e7\u00e3o da entidade foram determinantes para o avan\u00e7o na \u00e1rea. E o Alto Tiet\u00ea vai sediar, ainda, o escrit\u00f3rio que concentrar\u00e1 os processos, como anunciado nesta segunda-feira (24\/3) pelo subsecret\u00e1rio de Desenvolvimento Urbano do Estado, Police Neto.<\/p>\n\n\n\n<p>O objetivo do governo do Estado \u00e9 trabalhar em conjunto com o cons\u00f3rcio para promover a regulariza\u00e7\u00e3o fundi\u00e1ria e inibir as ocupa\u00e7\u00f5es ilegais nos munic\u00edpios. O primeiro passo ser\u00e1 o monitoramento do territ\u00f3rio por meio do uso avan\u00e7ado de tecnologia e de mecanismos de identifica\u00e7\u00e3o de movimenta\u00e7\u00e3o ilegal, atrav\u00e9s do Sistema de Monitoramento de Alertas por Sat\u00e9lite (SMAS), operacionalizado pelo Instituto Geogr\u00e1fico e Cartogr\u00e1fico (IGC).<\/p>\n\n\n\n<p>O sistema, que j\u00e1 tem a ades\u00e3o da maior parte dos munic\u00edpios do Condemat+, permite o acesso dos dados pelas prefeituras que, por sua vez, ter\u00e3o a tarefa de acompanhar e fiscalizar a venda ilegal de lotes, ocupa\u00e7\u00f5es irregulares ou qualquer a\u00e7\u00e3o il\u00edcita em suas \u00e1reas.<\/p>\n\n\n\n<p>\u201cA ideia \u00e9 come\u00e7ar pelo controle para inibir as ocupa\u00e7\u00f5es. Se estivermos todos juntos para monitorar, vamos estar todos juntos para regularizar as \u00e1reas tamb\u00e9m. O Condemat+ \u00e9 o pioneiro. Vamos come\u00e7ar por aqui\u201d, destacou Police Neto.<\/p>\n\n\n\n<p>Al\u00e9m da organiza\u00e7\u00e3o da entidade, fatores como a grande concentra\u00e7\u00e3o de \u00e1reas de preserva\u00e7\u00e3o ambiental e alta vulnerabilidade da popula\u00e7\u00e3o fizeram com que o cons\u00f3rcio fosse escolhido para receber o projeto piloto de regulariza\u00e7\u00e3o.<br>Segundo o presidente do Condemat+ e prefeito de Itaquaquecetuba, Eduardo Boigues, a regulariza\u00e7\u00e3o \u00e9 um tema sens\u00edvel, mas urgente. \u201cO morador precisa ter a seguran\u00e7a de ter a titularidade do seu im\u00f3vel. Isso traz dignidade. Cabe aos munic\u00edpios se unirem para conseguir levar esse direito para quem mais precisa. A gente vai elevar a categoria de possuidor para propriet\u00e1rio. Precisamos trabalhar para corrigir essa injusti\u00e7a\u201d, pontuou.<\/p>\n\n\n\n<p>Nos pr\u00f3ximos dias, come\u00e7ar\u00e1 a ser constru\u00eddo o cronograma com as etapas para o Plano Regional de Regulariza\u00e7\u00e3o Fundi\u00e1ria. No pr\u00f3ximo m\u00eas, o IGC tamb\u00e9m disponibilizar\u00e1 as mais recentes imagens a\u00e9reas dos munic\u00edpios, ferramenta que vai auxiliar na delimita\u00e7\u00e3o de territ\u00f3rios e atualiza\u00e7\u00e3o de \u00e1reas urbanizadas.<\/p>\n\n\n\n<p>Regional<br>Entre as atualiza\u00e7\u00f5es na pol\u00edtica habitacional, Police Neto explicou que houve a setoriza\u00e7\u00e3o do Estado em 10 regionais, sendo que um desses escrit\u00f3rios ser\u00e1 sediado no Alto Tiet\u00ea, para atender as demandas dos munic\u00edpios localizados nessa \u00e1rea, parte da zona leste e ABC paulista. O detalhamento desta fase est\u00e1 previsto para esse semestre ainda.<\/p>\n\n\n\n<p>Participaram do evento os prefeitos de Ferraz de Vasconcelos, Priscila Gambale, de Sales\u00f3polis, Rodolfo Marcondes, de Santa Isabel, Carlos Chinchilla, e representantes das cidades consorciadas, assim como o analista do IGC, Marcio Quedinho, e a arquiteta e urbanista do Instituto, Aline Cristina Gomes da Costa.<\/p>\n\n\n\n<figure class=\"wp-block-gallery has-nested-images columns-default is-cropped wp-block-gallery-1 is-layout-flex wp-block-gallery-is-layout-flex\">\n<figure class=\"wp-block-image size-large\"><a href=\"https:\/\/novosaopaulo.com.br\/n1\/wp-content\/uploads\/2025\/03\/WhatsApp-Image-2025-03-24-at-19.35.00-1.jpeg\"><img fetchpriority=\"high\" decoding=\"async\" width=\"589\" height=\"785\" data-id=\"23006\" src=\"https:\/\/novosaopaulo.com.br\/n1\/wp-content\/uploads\/2025\/03\/WhatsApp-Image-2025-03-24-at-19.35.00-1.jpeg\" alt=\"\" class=\"wp-image-23006\" srcset=\"https:\/\/novosaopaulo.com.br\/n1\/wp-content\/uploads\/2025\/03\/WhatsApp-Image-2025-03-24-at-19.35.00-1.jpeg 589w, https:\/\/novosaopaulo.com.br\/n1\/wp-content\/uploads\/2025\/03\/WhatsApp-Image-2025-03-24-at-19.35.00-1-225x300.jpeg 225w\" sizes=\"(max-width: 589px) 100vw, 589px\" \/><\/a><\/figure>\n\n\n\n<figure class=\"wp-block-image size-large\"><a href=\"https:\/\/novosaopaulo.com.br\/n1\/wp-content\/uploads\/2025\/03\/WhatsApp-Image-2025-03-24-at-19.35.00-2.jpeg\"><img decoding=\"async\" width=\"604\" height=\"806\" data-id=\"23007\" src=\"https:\/\/novosaopaulo.com.br\/n1\/wp-content\/uploads\/2025\/03\/WhatsApp-Image-2025-03-24-at-19.35.00-2.jpeg\" alt=\"\" class=\"wp-image-23007\" srcset=\"https:\/\/novosaopaulo.com.br\/n1\/wp-content\/uploads\/2025\/03\/WhatsApp-Image-2025-03-24-at-19.35.00-2.jpeg 604w, https:\/\/novosaopaulo.com.br\/n1\/wp-content\/uploads\/2025\/03\/WhatsApp-Image-2025-03-24-at-19.35.00-2-225x300.jpeg 225w\" sizes=\"(max-width: 604px) 100vw, 604px\" \/><\/a><\/figure>\n\n\n\n<figure class=\"wp-block-image size-large\"><a href=\"https:\/\/novosaopaulo.com.br\/n1\/wp-content\/uploads\/2025\/03\/WhatsApp-Image-2025-03-24-at-19.35.00.jpeg\"><img decoding=\"async\" width=\"756\" height=\"1008\" data-id=\"23009\" src=\"https:\/\/novosaopaulo.com.br\/n1\/wp-content\/uploads\/2025\/03\/WhatsApp-Image-2025-03-24-at-19.35.00.jpeg\" alt=\"\" class=\"wp-image-23009\" srcset=\"https:\/\/novosaopaulo.com.br\/n1\/wp-content\/uploads\/2025\/03\/WhatsApp-Image-2025-03-24-at-19.35.00.jpeg 756w, https:\/\/novosaopaulo.com.br\/n1\/wp-content\/uploads\/2025\/03\/WhatsApp-Image-2025-03-24-at-19.35.00-225x300.jpeg 225w\" sizes=\"(max-width: 756px) 100vw, 756px\" \/><\/a><\/figure>\n<\/figure>\n","protected":false},"excerpt":{"rendered":"<p>Police Neto, subsecret\u00e1rio estadual de Desenvolvimento Urbano, anuncia instala\u00e7\u00e3o de escrit\u00f3rio no Alto Tiet\u00ea para&#8230;<\/p>\n","protected":false},"author":1,"featured_media":23008,"comment_status":"open","ping_status":"open","sticky":false,"template":"","format":"standard","meta":{"footnotes":""},"categories":[34],"tags":[],"featured_image_urls":{"full":["https:\/\/novosaopaulo.com.br\/n1\/wp-content\/uploads\/2025\/03\/WhatsApp-Image-2025-03-24-at-19.35.00-3.jpeg",756,1008,false],"thumbnail":["https:\/\/novosaopaulo.com.br\/n1\/wp-content\/uploads\/2025\/03\/WhatsApp-Image-2025-03-24-at-19.35.00-3-150x150.jpeg",150,150,true],"medium":["https:\/\/novosaopaulo.com.br\/n1\/wp-content\/uploads\/2025\/03\/WhatsApp-Image-2025-03-24-at-19.35.00-3-225x300.jpeg",225,300,true],"medium_large":["https:\/\/novosaopaulo.com.br\/n1\/wp-content\/uploads\/2025\/03\/WhatsApp-Image-2025-03-24-at-19.35.00-3.jpeg",640,853,false],"large":["https:\/\/novosaopaulo.com.br\/n1\/wp-content\/uploads\/2025\/03\/WhatsApp-Image-2025-03-24-at-19.35.00-3.jpeg",640,853,false],"1536x1536":["https:\/\/novosaopaulo.com.br\/n1\/wp-content\/uploads\/2025\/03\/WhatsApp-Image-2025-03-24-at-19.35.00-3.jpeg",756,1008,false],"2048x2048":["https:\/\/novosaopaulo.com.br\/n1\/wp-content\/uploads\/2025\/03\/WhatsApp-Image-2025-03-24-at-19.35.00-3.jpeg",756,1008,false],"newsever-slider-full":["https:\/\/novosaopaulo.com.br\/n1\/wp-content\/uploads\/2025\/03\/WhatsApp-Image-2025-03-24-at-19.35.00-3-756x845.jpeg",756,845,true],"newsever-featured":["https:\/\/novosaopaulo.com.br\/n1\/wp-content\/uploads\/2025\/03\/WhatsApp-Image-2025-03-24-at-19.35.00-3.jpeg",756,1008,false],"newsever-medium":["https:\/\/novosaopaulo.com.br\/n1\/wp-content\/uploads\/2025\/03\/WhatsApp-Image-2025-03-24-at-19.35.00-3-720x475.jpeg",720,475,true]},"author_info":{"display_name":"Reda\u00e7\u00e3o","author_link":"https:\/\/novosaopaulo.com.br\/n1\/author\/g5poa\/"},"category_info":"<a href=\"https:\/\/novosaopaulo.com.br\/n1\/category\/alto-tiete\/\" rel=\"category tag\">Alto Tiet\u00ea<\/a>","tag_info":"Alto Tiet\u00ea","comment_count":"0","_links":{"self":[{"href":"https:\/\/novosaopaulo.com.br\/n1\/wp-json\/wp\/v2\/posts\/23005"}],"collection":[{"href":"https:\/\/novosaopaulo.com.br\/n1\/wp-json\/wp\/v2\/posts"}],"about":[{"href":"https:\/\/novosaopaulo.com.br\/n1\/wp-json\/wp\/v2\/types\/post"}],"author":[{"embeddable":true,"href":"https:\/\/novosaopaulo.com.br\/n1\/wp-json\/wp\/v2\/users\/1"}],"replies":[{"embeddable":true,"href":"https:\/\/novosaopaulo.com.br\/n1\/wp-json\/wp\/v2\/comments?post=23005"}],"version-history":[{"count":1,"href":"https:\/\/novosaopaulo.com.br\/n1\/wp-json\/wp\/v2\/posts\/23005\/revisions"}],"predecessor-version":[{"id":23010,"href":"https:\/\/novosaopaulo.com.br\/n1\/wp-json\/wp\/v2\/posts\/23005\/revisions\/23010"}],"wp:featuredmedia":[{"embeddable":true,"href":"https:\/\/novosaopaulo.com.br\/n1\/wp-json\/wp\/v2\/media\/23008"}],"wp:attachment":[{"href":"https:\/\/novosaopaulo.com.br\/n1\/wp-json\/wp\/v2\/media?parent=23005"}],"wp:term":[{"taxonomy":"category","embeddable":true,"href":"https:\/\/novosaopaulo.com.br\/n1\/wp-json\/wp\/v2\/categories?post=23005"},{"taxonomy":"post_tag","embeddable":true,"href":"https:\/\/novosaopaulo.com.br\/n1\/wp-json\/wp\/v2\/tags?post=23005"}],"curies":[{"name":"wp","href":"https:\/\/api.w.org\/{rel}","templated":true}]}}