{"id":22982,"date":"2025-03-21T15:26:07","date_gmt":"2025-03-21T18:26:07","guid":{"rendered":"https:\/\/novosaopaulo.com.br\/n1\/?p=22982"},"modified":"2025-03-21T15:26:08","modified_gmt":"2025-03-21T18:26:08","slug":"livro-mulher-cultura-e-sociedade-o-poder-da-feminilidade-sera-lancado-dia-28-de-marco","status":"publish","type":"post","link":"https:\/\/novosaopaulo.com.br\/n1\/livro-mulher-cultura-e-sociedade-o-poder-da-feminilidade-sera-lancado-dia-28-de-marco\/","title":{"rendered":"Livro \u201cMulher, cultura e sociedade: o poder da feminilidade\u201d ser\u00e1 lan\u00e7ado dia 28 de mar\u00e7o"},"content":{"rendered":"\n<p>Obra de autoria da jornalista Gisleine Zarbietti chega com o selo da Brilharte Editorial para discutir quest\u00f5es como m\u00eddia, cultura, meio ambiente e representatividade feminina<\/p>\n\n\n\n<p>De autoria da jornalista e especialista em Educomunica\u00e7\u00e3o, Gisleine Zarbietti, o livro \u201cMulher, cultura e sociedade \u2013 o poder da feminilidade\u201d ser\u00e1 lan\u00e7ado no dia 28 de mar\u00e7o pela Brilharte Editorial. A obra, que chega num momento em que o Brasil acaba de instituir a Pol\u00edtica Nacional de Cuidados e da pol\u00eamica em torno do encerramento dos programas de checagem de fake news, re\u00fane reflex\u00f5es sobre m\u00eddia, cultura, meio ambiente, trabalho do cuidado e representatividade feminina nos espa\u00e7os de protagonismo e poder pol\u00edtico.<\/p>\n\n\n\n<p>A rela\u00e7\u00e3o da mulher com a natureza em tempos de emerg\u00eancia clim\u00e1tica e feminic\u00eddio, al\u00e9m de quest\u00f5es envolvendo discursos de \u00f3dio, patrim\u00f4nio cultural, identidade, democracia e sustentabilidade s\u00e3o outros assuntos abordados com o objetivo de instigar o pensamento cr\u00edtico e reflexivo. Para al\u00e9m da gritante desigualdade de g\u00eanero provocada principalmente pelo trabalho invis\u00edvel, ao longo dos cerca de 30 artigos reunidos na publica\u00e7\u00e3o a autora convida o leitor a refletir sobre as demandas sociais desta d\u00e9cada.<\/p>\n\n\n\n<p>As mudan\u00e7as na estrutura das organiza\u00e7\u00f5es e nas rela\u00e7\u00f5es de trabalho impostas pela pandemia da Covid-19 e por fen\u00f4menos clim\u00e1ticos s\u00e3o eixos norteadores, abordados em uma linguagem transversal com o objetivo de mostrar como temas da atualidade impactam diretamente na vida das mulheres. O relato emocionante de Ana Rosa Rodrigues, uma m\u00e3e que perdeu sua \u00fanica filha para o suic\u00eddio decorrente da viol\u00eancia sexual finaliza a obra com uma mensagem de for\u00e7a para o leitor acerca das hist\u00f3rias de quem transformou sua dor em prop\u00f3sito. O pref\u00e1cio, assinado por Marco Maida, mestre em filosofia, questiona o lugar da mulher, tema amplamente abordado em toda obra.<\/p>\n\n\n\n<p>Segundo a autora, o fato de mais da metade dos lares brasileiros serem hoje chefiados por mulheres desmantela o castelo de ilus\u00f5es em torno da emancipa\u00e7\u00e3o feminina: \u201cEm vez de assegurar conforto e independ\u00eancia, sobretudo a econ\u00f4mica, a conquista de postos no mercado de trabalho trouxe jornadas excessivas ao p\u00fablico feminino. Em alguns casos, levando muitos homens a se acomodarem, o que provoca uma s\u00e9rie de desiquil\u00edbrios em todo o sistema familiar. Essa condi\u00e7\u00e3o n\u00e3o subtrai da mulher o ac\u00famulo do repetitivo e enfadonho trabalho dom\u00e9stico, al\u00e9m de toda responsabilidade pelo cuidado da fam\u00edlia\u201d, refor\u00e7a.<\/p>\n\n\n\n<p>A sess\u00e3o de aut\u00f3grafos ser\u00e1 realizada no dia 28 de mar\u00e7o, das 17 \u00e0s 20 horas, no Frida Caf\u00e9 (Rua Francisco Quadra Castro, 33 &#8211; Vila S\u00e3o Jorge, Suzano). Para garantir seu exemplar \u00e9 s\u00f3 acessar o link https:\/\/bit.ly\/lancamentos-brilharteditorial-2025 e retirar na noite de lan\u00e7amento.<\/p>\n\n\n\n<p>Sobre a autora<\/p>\n\n\n\n<p>Gisleine Zarbietti \u00e9 jornalista, especialista em Educomunica\u00e7\u00e3o, produtora de conte\u00fado, professora e empreendedora. Bacharel em Comunica\u00e7\u00e3o Social com habilita\u00e7\u00e3o em jornalismo, p\u00f3s-graduada em L\u00edngua Portuguesa e graduanda em licenciatura Letras. Atuou na imprensa como rep\u00f3rter, editora e na implanta\u00e7\u00e3o e gest\u00e3o de projetos voltados \u00e0 educa\u00e7\u00e3o midi\u00e1tica. Como editora de Cultura e Educa\u00e7\u00e3o, atuou ainda na coordena\u00e7\u00e3o editorial de suplementos infanto-juvenis e na capacita\u00e7\u00e3o de alunos e docentes sobre g\u00eaneros textuais, leitura cr\u00edtica, letramento digital e informacional. Integrou a coordena\u00e7\u00e3o Executiva do Programa Jornal e Educa\u00e7\u00e3o da Associa\u00e7\u00e3o Nacional de Jornais (ANJ) e foi uma das idealizadoras do programa \u201cFormando o Cidad\u00e3o do Futuro\u201d e do \u201cPr\u00eamio Professor Cidad\u00e3o\u201d. \u00c9 uma das autoras do livro \u201cMem\u00f3rias de Suzano \u2013 hist\u00f3rias e fotos de todos os tempos, do vilarejo \u00e0 cidade grande\u201d e idealizadora da iniciativa \u201cO feminino em (re)constru\u00e7\u00e3o\u201d.<\/p>\n\n\n\n<p>Sinopse<\/p>\n\n\n\n<p>\u201cMulher, Cultura e Sociedade\u201d \u00e9 sobre resgatar a conex\u00e3o com a natureza, o que h\u00e1 de mais sagrado e fundamental para nutrir necessidades evolutivas e avan\u00e7ar na consci\u00eancia coletiva. \u00c9 tamb\u00e9m um livro que se prop\u00f5e a mostrar como o poder da feminilidade pode humanizar as rela\u00e7\u00f5es sociais, construir um mundo melhor, conter o \u00f3dio, a viol\u00eancia, a intoler\u00e2ncia e o preconceito para avan\u00e7ar em direitos com justi\u00e7a, amor e solidariedade.<\/p>\n\n\n\n<p>\u00c9 um livro obrigat\u00f3rio para todas as pessoas que acreditam em uma sociedade que valoriza e luta para que todas as mulheres sejam reconhecidas em sua totalidade e que elas ocupem seu lugar devido com sua dignidade e respeito, n\u00e3o por serem consideradas pessoas do sexo fr\u00e1gil, mas por toda sua grandeza de potenciais e relev\u00e2ncia, como sempre foi, \u00e9 e sempre ser\u00e1 indispens\u00e1vel para toda humanidade em qualquer tempo ou civiliza\u00e7\u00e3o.<\/p>\n\n\n\n<p>A imagem da capa resume a mensagem do livro: de que o poder da feminilidade est\u00e1 em equilibrar for\u00e7a, garra e coragem com delicadeza, ast\u00facia e sensibilidade.<\/p>\n","protected":false},"excerpt":{"rendered":"<p>Obra de autoria da jornalista Gisleine Zarbietti chega com o selo da Brilharte Editorial para&#8230;<\/p>\n","protected":false},"author":1,"featured_media":22983,"comment_status":"open","ping_status":"open","sticky":false,"template":"","format":"standard","meta":{"footnotes":""},"categories":[45],"tags":[],"featured_image_urls":{"full":["https:\/\/novosaopaulo.com.br\/n1\/wp-content\/uploads\/2025\/03\/WhatsApp-Image-2025-03-21-at-15.15.28.jpeg",1600,449,false],"thumbnail":["https:\/\/novosaopaulo.com.br\/n1\/wp-content\/uploads\/2025\/03\/WhatsApp-Image-2025-03-21-at-15.15.28-150x150.jpeg",150,150,true],"medium":["https:\/\/novosaopaulo.com.br\/n1\/wp-content\/uploads\/2025\/03\/WhatsApp-Image-2025-03-21-at-15.15.28-300x84.jpeg",300,84,true],"medium_large":["https:\/\/novosaopaulo.com.br\/n1\/wp-content\/uploads\/2025\/03\/WhatsApp-Image-2025-03-21-at-15.15.28-768x216.jpeg",640,180,true],"large":["https:\/\/novosaopaulo.com.br\/n1\/wp-content\/uploads\/2025\/03\/WhatsApp-Image-2025-03-21-at-15.15.28-1024x287.jpeg",640,179,true],"1536x1536":["https:\/\/novosaopaulo.com.br\/n1\/wp-content\/uploads\/2025\/03\/WhatsApp-Image-2025-03-21-at-15.15.28-1536x431.jpeg",1536,431,true],"2048x2048":["https:\/\/novosaopaulo.com.br\/n1\/wp-content\/uploads\/2025\/03\/WhatsApp-Image-2025-03-21-at-15.15.28.jpeg",1600,449,false],"newsever-slider-full":["https:\/\/novosaopaulo.com.br\/n1\/wp-content\/uploads\/2025\/03\/WhatsApp-Image-2025-03-21-at-15.15.28-1280x449.jpeg",1280,449,true],"newsever-featured":["https:\/\/novosaopaulo.com.br\/n1\/wp-content\/uploads\/2025\/03\/WhatsApp-Image-2025-03-21-at-15.15.28-1024x287.jpeg",1024,287,true],"newsever-medium":["https:\/\/novosaopaulo.com.br\/n1\/wp-content\/uploads\/2025\/03\/WhatsApp-Image-2025-03-21-at-15.15.28-720x449.jpeg",720,449,true]},"author_info":{"display_name":"Reda\u00e7\u00e3o","author_link":"https:\/\/novosaopaulo.com.br\/n1\/author\/g5poa\/"},"category_info":"<a href=\"https:\/\/novosaopaulo.com.br\/n1\/category\/cultura\/\" rel=\"category tag\">Cultura<\/a>","tag_info":"Cultura","comment_count":"0","_links":{"self":[{"href":"https:\/\/novosaopaulo.com.br\/n1\/wp-json\/wp\/v2\/posts\/22982"}],"collection":[{"href":"https:\/\/novosaopaulo.com.br\/n1\/wp-json\/wp\/v2\/posts"}],"about":[{"href":"https:\/\/novosaopaulo.com.br\/n1\/wp-json\/wp\/v2\/types\/post"}],"author":[{"embeddable":true,"href":"https:\/\/novosaopaulo.com.br\/n1\/wp-json\/wp\/v2\/users\/1"}],"replies":[{"embeddable":true,"href":"https:\/\/novosaopaulo.com.br\/n1\/wp-json\/wp\/v2\/comments?post=22982"}],"version-history":[{"count":1,"href":"https:\/\/novosaopaulo.com.br\/n1\/wp-json\/wp\/v2\/posts\/22982\/revisions"}],"predecessor-version":[{"id":22984,"href":"https:\/\/novosaopaulo.com.br\/n1\/wp-json\/wp\/v2\/posts\/22982\/revisions\/22984"}],"wp:featuredmedia":[{"embeddable":true,"href":"https:\/\/novosaopaulo.com.br\/n1\/wp-json\/wp\/v2\/media\/22983"}],"wp:attachment":[{"href":"https:\/\/novosaopaulo.com.br\/n1\/wp-json\/wp\/v2\/media?parent=22982"}],"wp:term":[{"taxonomy":"category","embeddable":true,"href":"https:\/\/novosaopaulo.com.br\/n1\/wp-json\/wp\/v2\/categories?post=22982"},{"taxonomy":"post_tag","embeddable":true,"href":"https:\/\/novosaopaulo.com.br\/n1\/wp-json\/wp\/v2\/tags?post=22982"}],"curies":[{"name":"wp","href":"https:\/\/api.w.org\/{rel}","templated":true}]}}