{"id":22977,"date":"2025-03-21T14:57:28","date_gmt":"2025-03-21T17:57:28","guid":{"rendered":"https:\/\/novosaopaulo.com.br\/n1\/?p=22977"},"modified":"2025-03-21T14:57:29","modified_gmt":"2025-03-21T17:57:29","slug":"condemat-consegue-eleger-3-delegados-para-conferencia-nacional-do-meio-ambiente","status":"publish","type":"post","link":"https:\/\/novosaopaulo.com.br\/n1\/condemat-consegue-eleger-3-delegados-para-conferencia-nacional-do-meio-ambiente\/","title":{"rendered":"Condemat+ consegue eleger 3 delegados para Confer\u00eancia Nacional do Meio Ambiente"},"content":{"rendered":"\n<p>Representatividade demonstra articula\u00e7\u00e3o e engajamento do cons\u00f3rcio nas quest\u00f5es ligadas ao tema. Propostas elaboradas na 1\u00aa Confer\u00eancia Intermunicipal de Meio Ambiente foram aprovados para a Etapa Nacional<\/p>\n\n\n\n<p>O Cons\u00f3rcio de Desenvolvimento dos Munic\u00edpios do Alto Tiet\u00ea e Regi\u00e3o (Condemat+) conseguiu um feito hist\u00f3rico com a elei\u00e7\u00e3o de tr\u00eas delegados titulares para a Confer\u00eancia Nacional do Meio Ambiente, que acontecer\u00e1 entre os dias 6 a 9 de maio deste ano. Al\u00e9m de ter integrantes da regi\u00e3o no centro do debate nacional, as sete propostas elaboradas na Confer\u00eancia Intermunicipal realizada no ano passado tamb\u00e9m foram incorporadas na pauta de discuss\u00f5es que o Estado levar\u00e1 para Bras\u00edlia. A divulga\u00e7\u00e3o da delega\u00e7\u00e3o de S\u00e3o Paulo ocorreu na noite desta quinta-feira (20\/3) pela Secretaria de Estado de Meio Ambiente, Infraestrutura e Log\u00edstica (Semil).<\/p>\n\n\n\n<p>A delega\u00e7\u00e3o paulista tem 70 vagas. Destas, 3 s\u00e3o do Alto Tiet\u00ea. Representando o poder p\u00fablico foram eleitos: Solange Wuo, diretora de Fiscaliza\u00e7\u00e3o da Prefeitura de Suzano e coordenadora da C\u00e2mara T\u00e9cnica de Gest\u00e3o Ambiental e Sustentabilidade do Condemat+, e Willker Figueir\u00eado da Luz J\u00fanior, engenheiro ambiental da Divis\u00e3o T\u00e9cnica de Gerenciamento de Informa\u00e7\u00f5es e Planejamento Ambiental da Prefeitura de Guarulhos. Por parte da sociedade civil organizada, o eleito \u00e9 Alison Brum, da Cooperativa de Catadores Univence de Suzano e tamb\u00e9m membro da Associa\u00e7\u00e3o Nacional dos Catadores de Material Recicl\u00e1vel (ANCAT).<\/p>\n\n\n\n<p>Ter nomes do Alto Tiet\u00ea na Confer\u00eancia Nacional representa a articula\u00e7\u00e3o e o engajamento feito pelo Condemat+ que tem cumprido as agendas de discuss\u00e3o relacionadas a pauta ambiental com maestria e efetividade. Exemplo disso foi a realiza\u00e7\u00e3o, em 30 de junho de 2024, da 1\u00aa Confer\u00eancia Intermunicipal de Meio Ambiente que discutiu a tem\u00e1tica da Emerg\u00eancia Clim\u00e1tica com participa\u00e7\u00e3o da sociedade civil e das prefeituras dos 14 munic\u00edpios consorciados. E a participa\u00e7\u00e3o em bloco da regi\u00e3o na Confer\u00eancia Estadual, realizada no \u00faltimo dia 12.<\/p>\n\n\n\n<p>\u201cRealizar a Confer\u00eancia Intermunicipal deu for\u00e7a e organiza\u00e7\u00e3o para nossa regi\u00e3o. Fomos pioneiros em tratar regionalmente a pauta. Na \u00faltima Confer\u00eancia em 2013 cada munic\u00edpio fazia o seu evento e se destacar na Etapa Estadual era muito dif\u00edcil. Desta vez elegemos delegados e consagramos propostas. Importante destacar que da Confer\u00eancia Nacional sair\u00e3o diretrizes para atualiza\u00e7\u00e3o das pol\u00edticas p\u00fablicas de Adapta\u00e7\u00e3o as Mudan\u00e7as Clim\u00e1ticas, com transforma\u00e7\u00e3o ecol\u00f3gica, essenciais para sobreviv\u00eancia nos novos tempos&#8221; destacou Solange Wuo.<\/p>\n\n\n\n<p>Temas<\/p>\n\n\n\n<p>As propostas eleitas pela Confer\u00eancia Intermunicipal foram discutidas na etapa estadual. Sua ess\u00eancia, incorporada a outras, ir\u00e3o compor a pauta da Confer\u00eancia Nacional.<\/p>\n\n\n\n<p>S\u00e3o elas: Forma\u00e7\u00e3o de corredores ecol\u00f3gicos para fins de restaura\u00e7\u00e3o ecol\u00f3gica \u00e1reas degradadas e de interesse ambiental; Elaborar e executar plano de gest\u00e3o de res\u00edduos com planos de a\u00e7\u00f5es setoriais; Implantar infraestruturas verdes com solu\u00e7\u00f5es baseadas na natureza para otimizar a drenagem, promovendo a infiltra\u00e7\u00e3o da \u00e1gua, reduzindo enchentes e ilhas de calor; Fortalecer a\u00e7\u00f5es de combate a crise h\u00eddrica e inc\u00eandios, levando em considera\u00e7\u00e3o as culturas agr\u00edcolas locais, com Assist\u00eancia T\u00e9cnica e Extens\u00e3o Rural (ATER), e cria\u00e7\u00e3o de um programa de emprego de interesse p\u00fablico comunit\u00e1rio, promovendo o controle ambiental participativo; Estabelecer um programa interfederativo de governan\u00e7a, com incentivos t\u00e9cnicos e financeiros, para implementa\u00e7\u00e3o da agenda 2030, objetivando reduzir as desigualdades socioambientais e mitigar injusti\u00e7as clim\u00e1ticas e o racismo ambiental; Garantir seguran\u00e7a h\u00eddrica por meio de pol\u00edticas ambientais, baseadas em estudos t\u00e9cnicos eficientes, considerando a \u00e1gua um bem inviol\u00e1vel, incentivando redu\u00e7\u00e3o de perdas no abastecimento, eliminando as cargas poluidoras, em \u00e1reas urbanas.<\/p>\n\n\n\n<figure class=\"wp-block-gallery has-nested-images columns-default is-cropped wp-block-gallery-1 is-layout-flex wp-block-gallery-is-layout-flex\">\n<figure class=\"wp-block-image size-large\"><a href=\"https:\/\/novosaopaulo.com.br\/n1\/wp-content\/uploads\/2025\/03\/WhatsApp-Image-2025-03-21-at-14.46.49-2.jpeg\"><img fetchpriority=\"high\" decoding=\"async\" width=\"1024\" height=\"768\" data-id=\"22979\" src=\"https:\/\/novosaopaulo.com.br\/n1\/wp-content\/uploads\/2025\/03\/WhatsApp-Image-2025-03-21-at-14.46.49-2-1024x768.jpeg\" alt=\"\" class=\"wp-image-22979\" srcset=\"https:\/\/novosaopaulo.com.br\/n1\/wp-content\/uploads\/2025\/03\/WhatsApp-Image-2025-03-21-at-14.46.49-2-1024x768.jpeg 1024w, https:\/\/novosaopaulo.com.br\/n1\/wp-content\/uploads\/2025\/03\/WhatsApp-Image-2025-03-21-at-14.46.49-2-300x225.jpeg 300w, https:\/\/novosaopaulo.com.br\/n1\/wp-content\/uploads\/2025\/03\/WhatsApp-Image-2025-03-21-at-14.46.49-2-768x576.jpeg 768w, https:\/\/novosaopaulo.com.br\/n1\/wp-content\/uploads\/2025\/03\/WhatsApp-Image-2025-03-21-at-14.46.49-2-1536x1152.jpeg 1536w, https:\/\/novosaopaulo.com.br\/n1\/wp-content\/uploads\/2025\/03\/WhatsApp-Image-2025-03-21-at-14.46.49-2.jpeg 1600w\" sizes=\"(max-width: 1024px) 100vw, 1024px\" \/><\/a><\/figure>\n\n\n\n<figure class=\"wp-block-image size-large\"><a href=\"https:\/\/novosaopaulo.com.br\/n1\/wp-content\/uploads\/2025\/03\/WhatsApp-Image-2025-03-21-at-14.46.49-1.jpeg\"><img decoding=\"async\" width=\"1024\" height=\"768\" data-id=\"22980\" src=\"https:\/\/novosaopaulo.com.br\/n1\/wp-content\/uploads\/2025\/03\/WhatsApp-Image-2025-03-21-at-14.46.49-1-1024x768.jpeg\" alt=\"\" class=\"wp-image-22980\" srcset=\"https:\/\/novosaopaulo.com.br\/n1\/wp-content\/uploads\/2025\/03\/WhatsApp-Image-2025-03-21-at-14.46.49-1-1024x768.jpeg 1024w, https:\/\/novosaopaulo.com.br\/n1\/wp-content\/uploads\/2025\/03\/WhatsApp-Image-2025-03-21-at-14.46.49-1-300x225.jpeg 300w, https:\/\/novosaopaulo.com.br\/n1\/wp-content\/uploads\/2025\/03\/WhatsApp-Image-2025-03-21-at-14.46.49-1-768x576.jpeg 768w, https:\/\/novosaopaulo.com.br\/n1\/wp-content\/uploads\/2025\/03\/WhatsApp-Image-2025-03-21-at-14.46.49-1.jpeg 1536w\" sizes=\"(max-width: 1024px) 100vw, 1024px\" \/><\/a><\/figure>\n<\/figure>\n","protected":false},"excerpt":{"rendered":"<p>Representatividade demonstra articula\u00e7\u00e3o e engajamento do cons\u00f3rcio nas quest\u00f5es ligadas ao tema. Propostas elaboradas na&#8230;<\/p>\n","protected":false},"author":1,"featured_media":22978,"comment_status":"open","ping_status":"open","sticky":false,"template":"","format":"standard","meta":{"footnotes":""},"categories":[9],"tags":[],"featured_image_urls":{"full":["https:\/\/novosaopaulo.com.br\/n1\/wp-content\/uploads\/2025\/03\/WhatsApp-Image-2025-03-21-at-14.46.49.jpeg",600,450,false],"thumbnail":["https:\/\/novosaopaulo.com.br\/n1\/wp-content\/uploads\/2025\/03\/WhatsApp-Image-2025-03-21-at-14.46.49-150x150.jpeg",150,150,true],"medium":["https:\/\/novosaopaulo.com.br\/n1\/wp-content\/uploads\/2025\/03\/WhatsApp-Image-2025-03-21-at-14.46.49-300x225.jpeg",300,225,true],"medium_large":["https:\/\/novosaopaulo.com.br\/n1\/wp-content\/uploads\/2025\/03\/WhatsApp-Image-2025-03-21-at-14.46.49.jpeg",600,450,false],"large":["https:\/\/novosaopaulo.com.br\/n1\/wp-content\/uploads\/2025\/03\/WhatsApp-Image-2025-03-21-at-14.46.49.jpeg",600,450,false],"1536x1536":["https:\/\/novosaopaulo.com.br\/n1\/wp-content\/uploads\/2025\/03\/WhatsApp-Image-2025-03-21-at-14.46.49.jpeg",600,450,false],"2048x2048":["https:\/\/novosaopaulo.com.br\/n1\/wp-content\/uploads\/2025\/03\/WhatsApp-Image-2025-03-21-at-14.46.49.jpeg",600,450,false],"newsever-slider-full":["https:\/\/novosaopaulo.com.br\/n1\/wp-content\/uploads\/2025\/03\/WhatsApp-Image-2025-03-21-at-14.46.49.jpeg",600,450,false],"newsever-featured":["https:\/\/novosaopaulo.com.br\/n1\/wp-content\/uploads\/2025\/03\/WhatsApp-Image-2025-03-21-at-14.46.49.jpeg",600,450,false],"newsever-medium":["https:\/\/novosaopaulo.com.br\/n1\/wp-content\/uploads\/2025\/03\/WhatsApp-Image-2025-03-21-at-14.46.49.jpeg",600,450,false]},"author_info":{"display_name":"Reda\u00e7\u00e3o","author_link":"https:\/\/novosaopaulo.com.br\/n1\/author\/g5poa\/"},"category_info":"<a href=\"https:\/\/novosaopaulo.com.br\/n1\/category\/geral\/\" rel=\"category tag\">Geral<\/a>","tag_info":"Geral","comment_count":"0","_links":{"self":[{"href":"https:\/\/novosaopaulo.com.br\/n1\/wp-json\/wp\/v2\/posts\/22977"}],"collection":[{"href":"https:\/\/novosaopaulo.com.br\/n1\/wp-json\/wp\/v2\/posts"}],"about":[{"href":"https:\/\/novosaopaulo.com.br\/n1\/wp-json\/wp\/v2\/types\/post"}],"author":[{"embeddable":true,"href":"https:\/\/novosaopaulo.com.br\/n1\/wp-json\/wp\/v2\/users\/1"}],"replies":[{"embeddable":true,"href":"https:\/\/novosaopaulo.com.br\/n1\/wp-json\/wp\/v2\/comments?post=22977"}],"version-history":[{"count":1,"href":"https:\/\/novosaopaulo.com.br\/n1\/wp-json\/wp\/v2\/posts\/22977\/revisions"}],"predecessor-version":[{"id":22981,"href":"https:\/\/novosaopaulo.com.br\/n1\/wp-json\/wp\/v2\/posts\/22977\/revisions\/22981"}],"wp:featuredmedia":[{"embeddable":true,"href":"https:\/\/novosaopaulo.com.br\/n1\/wp-json\/wp\/v2\/media\/22978"}],"wp:attachment":[{"href":"https:\/\/novosaopaulo.com.br\/n1\/wp-json\/wp\/v2\/media?parent=22977"}],"wp:term":[{"taxonomy":"category","embeddable":true,"href":"https:\/\/novosaopaulo.com.br\/n1\/wp-json\/wp\/v2\/categories?post=22977"},{"taxonomy":"post_tag","embeddable":true,"href":"https:\/\/novosaopaulo.com.br\/n1\/wp-json\/wp\/v2\/tags?post=22977"}],"curies":[{"name":"wp","href":"https:\/\/api.w.org\/{rel}","templated":true}]}}